{"id":1035,"date":"2021-03-23T06:43:00","date_gmt":"2021-03-23T09:43:00","guid":{"rendered":"http:\/\/blog.bfsadvocacia.com.br\/?p=1035"},"modified":"2021-03-21T17:19:32","modified_gmt":"2021-03-21T20:19:32","slug":"socio-que-nao-recebe-renda-de-empresa-tem-direito-ao-beneficio-assistencial-do-inss","status":"publish","type":"post","link":"https:\/\/blog.bfsadvocacia.com.br\/index.php\/2021\/03\/23\/socio-que-nao-recebe-renda-de-empresa-tem-direito-ao-beneficio-assistencial-do-inss\/","title":{"rendered":"S\u00f3cio que n\u00e3o recebe renda de empresa tem direito ao benef\u00edcio assistencial do INSS"},"content":{"rendered":"\n<p>O que permite a concess\u00e3o de benef\u00edcio assistencial do Instituto Nacional do Seguro Social (INSS) \u00e9 a renda do requerente. A mera perman\u00eancia do nome da pessoa f\u00edsica em quadro societ\u00e1rio de pessoa jur\u00eddica n\u00e3o presume que o s\u00f3cio recebeu rendimentos da empresa.<\/p>\n\n\n\n<p>Com base nesse entendimento j\u00e1 firmado, o Tribunal Regional Federal da 4\u00aa Regi\u00e3o (TRF4) negou recurso de apela\u00e7\u00e3o em que o INSS pedia o ressarcimento de valores pagos a t\u00edtulo de benef\u00edcio de presta\u00e7\u00e3o continuada a uma idosa de 83 anos do Paran\u00e1. O argumento da autarquia foi de que o nome da benefici\u00e1ria constava como s\u00f3cia de uma empresa de design, e, portanto, o recebimento do benef\u00edcio foi indevido.<\/p>\n\n\n\n<p>De acordo com o relator do caso na Corte, desembargador federal M\u00e1rcio Ant\u00f4nio Rocha, o conjunto probat\u00f3rio apresentado nos autos do processo demonstrou que a idosa n\u00e3o recebeu nenhuma renda da empresa em que \u00e9 s\u00f3cia durante o per\u00edodo em que foi benefici\u00e1ria do INSS.<\/p>\n\n\n\n<p>A decis\u00e3o da Turma Regional Suplementar do Paran\u00e1 do TRF4 foi proferida por unanimidade em sess\u00e3o virtual de julgamento realizada na ter\u00e7a-feira (9\/3).<\/p>\n\n\n\n<p><strong>Pedido de ressarcimento<\/strong><\/p>\n\n\n\n<p>O INSS requereu o ressarcimento de R$ 115 mil que foram pagos a benefici\u00e1ria durante o per\u00edodo de dez anos e meio, entre fevereiro de 2004 e agosto de 2014. Segundo o Instituto, a condi\u00e7\u00e3o de s\u00f3cia da idosa descaracterizaria o estado de hipossufici\u00eancia financeira.<\/p>\n\n\n\n<p>Em senten\u00e7a publicada em agosto de 2019, o ju\u00edzo da 1\u00aa Vara Federal de Toledo (PR) julgou a a\u00e7\u00e3o improcedente. A decis\u00e3o de primeira inst\u00e2ncia reconheceu que a idosa n\u00e3o recebe renda da empresa em que \u00e9 s\u00f3cia desde 1997, sete anos antes de come\u00e7ar a receber o benef\u00edcio do INSS.<\/p>\n\n\n\n<p>TRF4 11.03.2021<\/p>\n","protected":false},"excerpt":{"rendered":"<p>&#8220;(&#8230;) o conjunto probat\u00f3rio apresentado nos autos do processo demonstrou que a idosa n\u00e3o recebeu nenhuma renda da empresa em que \u00e9 s\u00f3cia durante o per\u00edodo em que foi benefici\u00e1ria do INSS.&#8221;<\/p>\n","protected":false},"author":1,"featured_media":1036,"comment_status":"open","ping_status":"closed","sticky":false,"template":"","format":"standard","meta":{"footnotes":"","jetpack_publicize_message":"","jetpack_is_tweetstorm":false,"jetpack_publicize_feature_enabled":true,"jetpack_social_post_already_shared":false,"jetpack_social_options":{"image_generator_settings":{"template":"highway","enabled":false}}},"categories":[11,12],"tags":[63,54,17,55],"jetpack_publicize_connections":[],"jetpack_featured_media_url":"https:\/\/i0.wp.com\/blog.bfsadvocacia.com.br\/wp-content\/uploads\/2021\/03\/pexels-photo-5699376.jpeg?fit=1880%2C1253&ssl=1","featured_image_urls":{"full":["https:\/\/i0.wp.com\/blog.bfsadvocacia.com.br\/wp-content\/uploads\/2021\/03\/pexels-photo-5699376.jpeg?fit=1880%2C1253&ssl=1",1880,1253,false],"thumbnail":["https:\/\/i0.wp.com\/blog.bfsadvocacia.com.br\/wp-content\/uploads\/2021\/03\/pexels-photo-5699376.jpeg?resize=150%2C150&ssl=1",150,150,true],"medium":["https:\/\/i0.wp.com\/blog.bfsadvocacia.com.br\/wp-content\/uploads\/2021\/03\/pexels-photo-5699376.jpeg?fit=300%2C200&ssl=1",300,200,true],"medium_large":["https:\/\/i0.wp.com\/blog.bfsadvocacia.com.br\/wp-content\/uploads\/2021\/03\/pexels-photo-5699376.jpeg?fit=640%2C427&ssl=1",640,427,true],"large":["https:\/\/i0.wp.com\/blog.bfsadvocacia.com.br\/wp-content\/uploads\/2021\/03\/pexels-photo-5699376.jpeg?fit=640%2C426&ssl=1",640,426,true],"1536x1536":["https:\/\/i0.wp.com\/blog.bfsadvocacia.com.br\/wp-content\/uploads\/2021\/03\/pexels-photo-5699376.jpeg?fit=1536%2C1024&ssl=1",1536,1024,true],"2048x2048":["https:\/\/i0.wp.com\/blog.bfsadvocacia.com.br\/wp-content\/uploads\/2021\/03\/pexels-photo-5699376.jpeg?fit=1880%2C1253&ssl=1",1880,1253,true],"covernews-slider-full":["https:\/\/i0.wp.com\/blog.bfsadvocacia.com.br\/wp-content\/uploads\/2021\/03\/pexels-photo-5699376.jpeg?resize=1077%2C715&ssl=1",1077,715,true],"covernews-slider-center":["https:\/\/i0.wp.com\/blog.bfsadvocacia.com.br\/wp-content\/uploads\/2021\/03\/pexels-photo-5699376.jpeg?resize=522%2C500&ssl=1",522,500,true],"covernews-featured":["https:\/\/i0.wp.com\/blog.bfsadvocacia.com.br\/wp-content\/uploads\/2021\/03\/pexels-photo-5699376.jpeg?fit=1024%2C682&ssl=1",1024,682,true],"covernews-medium":["https:\/\/i0.wp.com\/blog.bfsadvocacia.com.br\/wp-content\/uploads\/2021\/03\/pexels-photo-5699376.jpeg?resize=540%2C285&ssl=1",540,285,true],"covernews-medium-square":["https:\/\/i0.wp.com\/blog.bfsadvocacia.com.br\/wp-content\/uploads\/2021\/03\/pexels-photo-5699376.jpeg?resize=375%2C250&ssl=1",375,250,true]},"author_info":{"display_name":"bfsadvocacia","author_link":"https:\/\/blog.bfsadvocacia.com.br\/index.php\/author\/bfsadvocacia\/"},"category_info":"<a href=\"https:\/\/blog.bfsadvocacia.com.br\/index.php\/category\/advogado-sp\/\" rel=\"category tag\">advogado sp<\/a> <a href=\"https:\/\/blog.bfsadvocacia.com.br\/index.php\/category\/direito-previdenciario\/\" rel=\"category tag\">Direito Previdenci\u00e1rio<\/a>","tag_info":"Direito Previdenci\u00e1rio","comment_count":"0","amp_enabled":true,"_links":{"self":[{"href":"https:\/\/blog.bfsadvocacia.com.br\/index.php\/wp-json\/wp\/v2\/posts\/1035"}],"collection":[{"href":"https:\/\/blog.bfsadvocacia.com.br\/index.php\/wp-json\/wp\/v2\/posts"}],"about":[{"href":"https:\/\/blog.bfsadvocacia.com.br\/index.php\/wp-json\/wp\/v2\/types\/post"}],"author":[{"embeddable":true,"href":"https:\/\/blog.bfsadvocacia.com.br\/index.php\/wp-json\/wp\/v2\/users\/1"}],"replies":[{"embeddable":true,"href":"https:\/\/blog.bfsadvocacia.com.br\/index.php\/wp-json\/wp\/v2\/comments?post=1035"}],"version-history":[{"count":1,"href":"https:\/\/blog.bfsadvocacia.com.br\/index.php\/wp-json\/wp\/v2\/posts\/1035\/revisions"}],"predecessor-version":[{"id":1037,"href":"https:\/\/blog.bfsadvocacia.com.br\/index.php\/wp-json\/wp\/v2\/posts\/1035\/revisions\/1037"}],"wp:featuredmedia":[{"embeddable":true,"href":"https:\/\/blog.bfsadvocacia.com.br\/index.php\/wp-json\/wp\/v2\/media\/1036"}],"wp:attachment":[{"href":"https:\/\/blog.bfsadvocacia.com.br\/index.php\/wp-json\/wp\/v2\/media?parent=1035"}],"wp:term":[{"taxonomy":"category","embeddable":true,"href":"https:\/\/blog.bfsadvocacia.com.br\/index.php\/wp-json\/wp\/v2\/categories?post=1035"},{"taxonomy":"post_tag","embeddable":true,"href":"https:\/\/blog.bfsadvocacia.com.br\/index.php\/wp-json\/wp\/v2\/tags?post=1035"}],"curies":[{"name":"wp","href":"https:\/\/api.w.org\/{rel}","templated":true}]}}