{"id":1053,"date":"2021-03-28T11:04:00","date_gmt":"2021-03-28T14:04:00","guid":{"rendered":"http:\/\/blog.bfsadvocacia.com.br\/?p=1053"},"modified":"2021-03-21T17:10:55","modified_gmt":"2021-03-21T20:10:55","slug":"decisao-parte-dos-bens-pertencentes-a-esposa-nao-pode-ser-bloqueada-para-pagamento-de-multa-do-marido-em-acao-de-improbidade-administrativa","status":"publish","type":"post","link":"https:\/\/blog.bfsadvocacia.com.br\/index.php\/2021\/03\/28\/decisao-parte-dos-bens-pertencentes-a-esposa-nao-pode-ser-bloqueada-para-pagamento-de-multa-do-marido-em-acao-de-improbidade-administrativa\/","title":{"rendered":"Parte dos bens pertencentes \u00e0 esposa n\u00e3o pode ser bloqueada para pagamento de multa do marido em a\u00e7\u00e3o de improbidade administrativa"},"content":{"rendered":"\n<p>A Terceira Turma do Tribunal Regional Federal da 1\u00aa Regi\u00e3o (TRF1) manteve a decis\u00e3o do Ju\u00edzo da 1\u00aa Vara da Se\u00e7\u00e3o Judici\u00e1ria do Amap\u00e1 que, em a\u00e7\u00e3o de improbidade administrativa, indeferiu o pedido formulado pelo Minist\u00e9rio P\u00fablico Federal (MPF) para bloquear valores relativos \u00e0 mea\u00e7\u00e3o (metade os bens do casal), depositados na conta corrente de seu c\u00f4njuge, esposa do acusado.<\/p>\n\n\n\n<p>Ao analisar o caso, a relatora, desembargadora federal M\u00f4nica Sifuentes, destacou, na decis\u00e3o que indeferiu a antecipa\u00e7\u00e3o da tutela recursal, que consta dos autos certid\u00e3o de casamento que comprova o regime de comunh\u00e3o parcial de bens, e que o agravado foi condenado por atos de improbidade administrativa que causaram preju\u00edzo ao er\u00e1rio e que ele foi condenado a pena pecuni\u00e1ria de R$ 10.000,00.<\/p>\n\n\n\n<p>A magistrada destacou que n\u00e3o trata a hip\u00f3tese dos autos de d\u00edvida contra\u00edda pelo agravado em benef\u00edcio pr\u00f3prio ou do casal, mas sim de pena de multa civil decorrente de condena\u00e7\u00e3o judicial imposta exclusivamente ao marido, em sede de a\u00e7\u00e3o de improbidade administrativa, em raz\u00e3o de ato por ele praticado sem qualquer participa\u00e7\u00e3o do seu c\u00f4njuge, de modo que \u00e9 \u201cfor\u00e7oso concluir que esta obriga\u00e7\u00e3o, por ser proveniente de ato il\u00edcito, est\u00e1 exclu\u00edda do regime de comunh\u00e3o parcial de bens\u201d.<\/p>\n\n\n\n<p>Para concluir, a relatora sustentou que \u201ca toda evid\u00eancia, n\u00e3o se pode cogitar da possibilidade de o c\u00f4njuge do agravado ser responsabilizado pela satisfa\u00e7\u00e3o de valor exclusivamente decorrente de condena\u00e7\u00e3o a t\u00edtulo de multa civil, pena pecuni\u00e1ria imposta apenas por atos praticados pelo seu consorte\u201d.<\/p>\n\n\n\n<p>Processo n\u00ba: 1006489-70.2020.4010000<\/p>\n\n\n\n<p>Data do julgamento: 14\/07\/2020<\/p>\n\n\n\n<p>TRF1 19.03.2021<\/p>\n","protected":false},"excerpt":{"rendered":"<p>&#8220;(&#8230;)o agravado foi condenado por atos de improbidade administrativa que causaram preju\u00edzo ao er\u00e1rio e que ele foi condenado a pena pecuni\u00e1ria de R$ 10.000,00.&#8221;<\/p>\n","protected":false},"author":1,"featured_media":1054,"comment_status":"open","ping_status":"closed","sticky":false,"template":"","format":"standard","meta":{"footnotes":"","jetpack_publicize_message":"","jetpack_is_tweetstorm":false,"jetpack_publicize_feature_enabled":true,"jetpack_social_post_already_shared":false,"jetpack_social_options":{"image_generator_settings":{"template":"highway","enabled":false}}},"categories":[11],"tags":[981,982,983],"jetpack_publicize_connections":[],"jetpack_featured_media_url":"https:\/\/i0.wp.com\/blog.bfsadvocacia.com.br\/wp-content\/uploads\/2021\/03\/pexels-photo-4098224.jpeg?fit=1880%2C1253&ssl=1","featured_image_urls":{"full":["https:\/\/i0.wp.com\/blog.bfsadvocacia.com.br\/wp-content\/uploads\/2021\/03\/pexels-photo-4098224.jpeg?fit=1880%2C1253&ssl=1",1880,1253,false],"thumbnail":["https:\/\/i0.wp.com\/blog.bfsadvocacia.com.br\/wp-content\/uploads\/2021\/03\/pexels-photo-4098224.jpeg?resize=150%2C150&ssl=1",150,150,true],"medium":["https:\/\/i0.wp.com\/blog.bfsadvocacia.com.br\/wp-content\/uploads\/2021\/03\/pexels-photo-4098224.jpeg?fit=300%2C200&ssl=1",300,200,true],"medium_large":["https:\/\/i0.wp.com\/blog.bfsadvocacia.com.br\/wp-content\/uploads\/2021\/03\/pexels-photo-4098224.jpeg?fit=640%2C427&ssl=1",640,427,true],"large":["https:\/\/i0.wp.com\/blog.bfsadvocacia.com.br\/wp-content\/uploads\/2021\/03\/pexels-photo-4098224.jpeg?fit=640%2C426&ssl=1",640,426,true],"1536x1536":["https:\/\/i0.wp.com\/blog.bfsadvocacia.com.br\/wp-content\/uploads\/2021\/03\/pexels-photo-4098224.jpeg?fit=1536%2C1024&ssl=1",1536,1024,true],"2048x2048":["https:\/\/i0.wp.com\/blog.bfsadvocacia.com.br\/wp-content\/uploads\/2021\/03\/pexels-photo-4098224.jpeg?fit=1880%2C1253&ssl=1",1880,1253,true],"covernews-slider-full":["https:\/\/i0.wp.com\/blog.bfsadvocacia.com.br\/wp-content\/uploads\/2021\/03\/pexels-photo-4098224.jpeg?resize=1077%2C715&ssl=1",1077,715,true],"covernews-slider-center":["https:\/\/i0.wp.com\/blog.bfsadvocacia.com.br\/wp-content\/uploads\/2021\/03\/pexels-photo-4098224.jpeg?resize=522%2C500&ssl=1",522,500,true],"covernews-featured":["https:\/\/i0.wp.com\/blog.bfsadvocacia.com.br\/wp-content\/uploads\/2021\/03\/pexels-photo-4098224.jpeg?fit=1024%2C682&ssl=1",1024,682,true],"covernews-medium":["https:\/\/i0.wp.com\/blog.bfsadvocacia.com.br\/wp-content\/uploads\/2021\/03\/pexels-photo-4098224.jpeg?resize=540%2C285&ssl=1",540,285,true],"covernews-medium-square":["https:\/\/i0.wp.com\/blog.bfsadvocacia.com.br\/wp-content\/uploads\/2021\/03\/pexels-photo-4098224.jpeg?resize=375%2C250&ssl=1",375,250,true]},"author_info":{"display_name":"bfsadvocacia","author_link":"https:\/\/blog.bfsadvocacia.com.br\/index.php\/author\/bfsadvocacia\/"},"category_info":"<a href=\"https:\/\/blog.bfsadvocacia.com.br\/index.php\/category\/advogado-sp\/\" rel=\"category tag\">advogado sp<\/a>","tag_info":"advogado sp","comment_count":"0","amp_enabled":true,"_links":{"self":[{"href":"https:\/\/blog.bfsadvocacia.com.br\/index.php\/wp-json\/wp\/v2\/posts\/1053"}],"collection":[{"href":"https:\/\/blog.bfsadvocacia.com.br\/index.php\/wp-json\/wp\/v2\/posts"}],"about":[{"href":"https:\/\/blog.bfsadvocacia.com.br\/index.php\/wp-json\/wp\/v2\/types\/post"}],"author":[{"embeddable":true,"href":"https:\/\/blog.bfsadvocacia.com.br\/index.php\/wp-json\/wp\/v2\/users\/1"}],"replies":[{"embeddable":true,"href":"https:\/\/blog.bfsadvocacia.com.br\/index.php\/wp-json\/wp\/v2\/comments?post=1053"}],"version-history":[{"count":2,"href":"https:\/\/blog.bfsadvocacia.com.br\/index.php\/wp-json\/wp\/v2\/posts\/1053\/revisions"}],"predecessor-version":[{"id":1057,"href":"https:\/\/blog.bfsadvocacia.com.br\/index.php\/wp-json\/wp\/v2\/posts\/1053\/revisions\/1057"}],"wp:featuredmedia":[{"embeddable":true,"href":"https:\/\/blog.bfsadvocacia.com.br\/index.php\/wp-json\/wp\/v2\/media\/1054"}],"wp:attachment":[{"href":"https:\/\/blog.bfsadvocacia.com.br\/index.php\/wp-json\/wp\/v2\/media?parent=1053"}],"wp:term":[{"taxonomy":"category","embeddable":true,"href":"https:\/\/blog.bfsadvocacia.com.br\/index.php\/wp-json\/wp\/v2\/categories?post=1053"},{"taxonomy":"post_tag","embeddable":true,"href":"https:\/\/blog.bfsadvocacia.com.br\/index.php\/wp-json\/wp\/v2\/tags?post=1053"}],"curies":[{"name":"wp","href":"https:\/\/api.w.org\/{rel}","templated":true}]}}