{"id":1067,"date":"2021-03-29T08:00:00","date_gmt":"2021-03-29T11:00:00","guid":{"rendered":"http:\/\/blog.bfsadvocacia.com.br\/?p=1067"},"modified":"2021-03-23T13:02:26","modified_gmt":"2021-03-23T16:02:26","slug":"trf3-reconhece-tempo-de-servico-especial-e-concede-aposentadoria-a-instalador-de-banda-larga","status":"publish","type":"post","link":"https:\/\/blog.bfsadvocacia.com.br\/index.php\/2021\/03\/29\/trf3-reconhece-tempo-de-servico-especial-e-concede-aposentadoria-a-instalador-de-banda-larga\/","title":{"rendered":"TRF3 reconhece tempo de servi\u00e7o especial e concede aposentadoria a instalador de banda larga"},"content":{"rendered":"\n<p>A desembargadora federal Lucia Ursaia, da D\u00e9cima Turma do Tribunal Regional Federal da 3\u00aa Regi\u00e3o (TRF3), reconheceu como tempo especial per\u00edodo em que um segurado trabalhou como instalador e t\u00e9cnico de banda larga e&nbsp;determinou&nbsp;que&nbsp;o&nbsp;Instituto Nacional do Seguro&nbsp;Social (INSS)&nbsp;conceda&nbsp;ao autor&nbsp;da a\u00e7\u00e3o&nbsp;a&nbsp;aposentadoria por tempo de contribui\u00e7\u00e3o.&nbsp;&nbsp;<\/p>\n\n\n\n<p>De acordo com a magistrada, o laudo pericial comprovou que,&nbsp;no desempenho&nbsp;da atividade,&nbsp;entre 10\/11\/2008 a 6\/10\/2015, o&nbsp;profissional&nbsp;foi&nbsp;exposto a&nbsp;agentes agressivos&nbsp;de forma habitual e permanente, nas proximidades das redes prim\u00e1rias de&nbsp;eletricidade com&nbsp;tens\u00e3o acima de 250 volts.&nbsp;<\/p>\n\n\n\n<p>Lucia&nbsp;Ursaia&nbsp;explicou que,&nbsp;em condi\u00e7\u00f5es normais,&nbsp;a telefonia n\u00e3o depende de energia el\u00e9trica, mas no caso da atividade exercida pelo segurado, existia exposi\u00e7\u00e3o \u00e0 alta voltagem em virtude da proximidade entre os condutores de eletricidade e os cabos telef\u00f4nicos.&nbsp;<\/p>\n\n\n\n<p>\u201cEm que pese do Decreto n\u00ba 83.080\/79 n\u00e3o constarem tais profiss\u00f5es, nada impede o enquadramento das atividades como especiais, na esteira do entendimento firmado pelo Superior Tribunal de Justi\u00e7a, bem como de acordo com o Decreto n\u00ba 53.831\/64\u201d, pontuou&nbsp;a&nbsp;relatora.&nbsp;<\/p>\n\n\n\n<p>A&nbsp;Justi\u00e7a Federal de Guarulhos&nbsp;j\u00e1&nbsp;havia reconhecido&nbsp;a&nbsp;especialidade&nbsp;dos&nbsp;per\u00edodos em que&nbsp;o segurado&nbsp;trabalhou como vigia&nbsp;e&nbsp;ajudante de emendador e de&nbsp;cabista. Ele recorreu ao TRF3 pedindo&nbsp;conhecimento&nbsp;de todo o&nbsp;tempo&nbsp;solicitado, que&nbsp;inclu\u00eda o trabalho&nbsp;em telefonia.&nbsp;Por outro lado, o INSS&nbsp;solicitou a&nbsp;reforma da senten\u00e7a. A autarquia alegou&nbsp;aus\u00eancia dos requisitos necess\u00e1rios&nbsp;para convers\u00e3o.&nbsp;<\/p>\n\n\n\n<p>Segundo a desembargadora federal, os Perfis Profissiogr\u00e1ficos Previdenci\u00e1rios (PPPs) demonstraram a especialidade na fun\u00e7\u00e3o&nbsp;de vigia&nbsp;e&nbsp;nas atividades com exposi\u00e7\u00e3o \u00e0&nbsp;tens\u00e3o el\u00e9trica.&nbsp;&nbsp;&nbsp;<\/p>\n\n\n\n<p>Assim, a magistrada negou a apela\u00e7\u00e3o do INSS e acatou o pedido do segurado. A decis\u00e3o reconheceu tempo especial no exerc\u00edcio da fun\u00e7\u00e3o de instalador e t\u00e9cnico de banda larga, al\u00e9m de condenar a autarquia a conceder a aposentadoria por tempo de contribui\u00e7\u00e3o a partir do requerimento administrativo, com corre\u00e7\u00e3o monet\u00e1ria e juros de mora.<\/p>\n\n\n\n<p>Apela\u00e7\u00e3o C\u00edvel 5004469-91.2019.4.03.6119\u00a0<\/p>\n\n\n\n<p>TRF3 22.03.2021<\/p>\n","protected":false},"excerpt":{"rendered":"<p>Profissional exercia trabalho de forma habitual e permanente exposto a alta voltagem<\/p>\n","protected":false},"author":1,"featured_media":1068,"comment_status":"open","ping_status":"closed","sticky":false,"template":"","format":"standard","meta":{"footnotes":"","jetpack_publicize_message":"","jetpack_is_tweetstorm":false,"jetpack_publicize_feature_enabled":true,"jetpack_social_post_already_shared":false,"jetpack_social_options":{"image_generator_settings":{"template":"highway","enabled":false}}},"categories":[11,12],"tags":[127,990,16,989,531,122],"jetpack_publicize_connections":[],"jetpack_featured_media_url":"https:\/\/i0.wp.com\/blog.bfsadvocacia.com.br\/wp-content\/uploads\/2021\/03\/pexels-photo-2881233.jpeg?fit=1880%2C1251&ssl=1","featured_image_urls":{"full":["https:\/\/i0.wp.com\/blog.bfsadvocacia.com.br\/wp-content\/uploads\/2021\/03\/pexels-photo-2881233.jpeg?fit=1880%2C1251&ssl=1",1880,1251,false],"thumbnail":["https:\/\/i0.wp.com\/blog.bfsadvocacia.com.br\/wp-content\/uploads\/2021\/03\/pexels-photo-2881233.jpeg?resize=150%2C150&ssl=1",150,150,true],"medium":["https:\/\/i0.wp.com\/blog.bfsadvocacia.com.br\/wp-content\/uploads\/2021\/03\/pexels-photo-2881233.jpeg?fit=300%2C200&ssl=1",300,200,true],"medium_large":["https:\/\/i0.wp.com\/blog.bfsadvocacia.com.br\/wp-content\/uploads\/2021\/03\/pexels-photo-2881233.jpeg?fit=640%2C426&ssl=1",640,426,true],"large":["https:\/\/i0.wp.com\/blog.bfsadvocacia.com.br\/wp-content\/uploads\/2021\/03\/pexels-photo-2881233.jpeg?fit=640%2C426&ssl=1",640,426,true],"1536x1536":["https:\/\/i0.wp.com\/blog.bfsadvocacia.com.br\/wp-content\/uploads\/2021\/03\/pexels-photo-2881233.jpeg?fit=1536%2C1022&ssl=1",1536,1022,true],"2048x2048":["https:\/\/i0.wp.com\/blog.bfsadvocacia.com.br\/wp-content\/uploads\/2021\/03\/pexels-photo-2881233.jpeg?fit=1880%2C1251&ssl=1",1880,1251,true],"covernews-slider-full":["https:\/\/i0.wp.com\/blog.bfsadvocacia.com.br\/wp-content\/uploads\/2021\/03\/pexels-photo-2881233.jpeg?resize=1077%2C715&ssl=1",1077,715,true],"covernews-slider-center":["https:\/\/i0.wp.com\/blog.bfsadvocacia.com.br\/wp-content\/uploads\/2021\/03\/pexels-photo-2881233.jpeg?resize=522%2C500&ssl=1",522,500,true],"covernews-featured":["https:\/\/i0.wp.com\/blog.bfsadvocacia.com.br\/wp-content\/uploads\/2021\/03\/pexels-photo-2881233.jpeg?fit=1024%2C681&ssl=1",1024,681,true],"covernews-medium":["https:\/\/i0.wp.com\/blog.bfsadvocacia.com.br\/wp-content\/uploads\/2021\/03\/pexels-photo-2881233.jpeg?resize=540%2C285&ssl=1",540,285,true],"covernews-medium-square":["https:\/\/i0.wp.com\/blog.bfsadvocacia.com.br\/wp-content\/uploads\/2021\/03\/pexels-photo-2881233.jpeg?resize=375%2C250&ssl=1",375,250,true]},"author_info":{"display_name":"bfsadvocacia","author_link":"https:\/\/blog.bfsadvocacia.com.br\/index.php\/author\/bfsadvocacia\/"},"category_info":"<a href=\"https:\/\/blog.bfsadvocacia.com.br\/index.php\/category\/advogado-sp\/\" rel=\"category tag\">advogado sp<\/a> <a href=\"https:\/\/blog.bfsadvocacia.com.br\/index.php\/category\/direito-previdenciario\/\" rel=\"category tag\">Direito Previdenci\u00e1rio<\/a>","tag_info":"Direito Previdenci\u00e1rio","comment_count":"0","amp_enabled":true,"_links":{"self":[{"href":"https:\/\/blog.bfsadvocacia.com.br\/index.php\/wp-json\/wp\/v2\/posts\/1067"}],"collection":[{"href":"https:\/\/blog.bfsadvocacia.com.br\/index.php\/wp-json\/wp\/v2\/posts"}],"about":[{"href":"https:\/\/blog.bfsadvocacia.com.br\/index.php\/wp-json\/wp\/v2\/types\/post"}],"author":[{"embeddable":true,"href":"https:\/\/blog.bfsadvocacia.com.br\/index.php\/wp-json\/wp\/v2\/users\/1"}],"replies":[{"embeddable":true,"href":"https:\/\/blog.bfsadvocacia.com.br\/index.php\/wp-json\/wp\/v2\/comments?post=1067"}],"version-history":[{"count":1,"href":"https:\/\/blog.bfsadvocacia.com.br\/index.php\/wp-json\/wp\/v2\/posts\/1067\/revisions"}],"predecessor-version":[{"id":1069,"href":"https:\/\/blog.bfsadvocacia.com.br\/index.php\/wp-json\/wp\/v2\/posts\/1067\/revisions\/1069"}],"wp:featuredmedia":[{"embeddable":true,"href":"https:\/\/blog.bfsadvocacia.com.br\/index.php\/wp-json\/wp\/v2\/media\/1068"}],"wp:attachment":[{"href":"https:\/\/blog.bfsadvocacia.com.br\/index.php\/wp-json\/wp\/v2\/media?parent=1067"}],"wp:term":[{"taxonomy":"category","embeddable":true,"href":"https:\/\/blog.bfsadvocacia.com.br\/index.php\/wp-json\/wp\/v2\/categories?post=1067"},{"taxonomy":"post_tag","embeddable":true,"href":"https:\/\/blog.bfsadvocacia.com.br\/index.php\/wp-json\/wp\/v2\/tags?post=1067"}],"curies":[{"name":"wp","href":"https:\/\/api.w.org\/{rel}","templated":true}]}}