{"id":1142,"date":"2021-04-16T06:17:00","date_gmt":"2021-04-16T09:17:00","guid":{"rendered":"http:\/\/blog.bfsadvocacia.com.br\/?p=1142"},"modified":"2021-04-05T20:35:30","modified_gmt":"2021-04-05T23:35:30","slug":"estado-deve-fornecer-medicamento-a-base-de-canabidiol-a-paciente-decide-tribunal","status":"publish","type":"post","link":"https:\/\/blog.bfsadvocacia.com.br\/index.php\/2021\/04\/16\/estado-deve-fornecer-medicamento-a-base-de-canabidiol-a-paciente-decide-tribunal\/","title":{"rendered":"Estado deve fornecer medicamento \u00e0 base de canabidiol a paciente, decide Tribunal"},"content":{"rendered":"\n<p>A 13\u00aa C\u00e2mara de Direito P\u00fablico do Tribunal de Justi\u00e7a de S\u00e3o Paulo determinou que o Estado forne\u00e7a a uma mulher medicamento \u00e0 base de canabidiol, pelo per\u00edodo de um ano. De acordo com os autos, a autora da a\u00e7\u00e3o, incapaz e interditada, sofre de uma s\u00edndrome neurol\u00f3gica grave e de epilepsia, apresentando convuls\u00f5es de dif\u00edcil controle por meio de rem\u00e9dio convencional. Por isso, seu m\u00e9dico prescreveu medicamento \u00e0 base de canabidiol, medica\u00e7\u00e3o importada que a paciente n\u00e3o tem condi\u00e7\u00f5es de custear.<\/p>\n\n\n\n<p><br>O relator do recurso, desembargador Spoladore Dominguez, destacou que a subst\u00e2ncia deixou de ser proibida e passou a ser controlada pela Ag\u00eancia Nacional de Vigil\u00e2ncia Sanit\u00e1ria (Anvisa), que definiu crit\u00e9rios e procedimentos para importa\u00e7\u00e3o do produto por pessoa f\u00edsica para tratamento de sa\u00fade, mediante indica\u00e7\u00e3o m\u00e9dica. A autora juntou aos autos autoriza\u00e7\u00e3o obtida junto \u00e0 ag\u00eancia para importar a medica\u00e7\u00e3o. \u201cDiante da autoriza\u00e7\u00e3o particular para importa\u00e7\u00e3o excepcional de produto \u00e0 base de Canabidiol, revela-se poss\u00edvel o fornecimento do item\u201d, afirmou o magistrado.<br><\/p>\n\n\n\n<p>Spoladore Dominguez ressaltou que, \u201cainda que se trate de medicamentos e insumos n\u00e3o padronizados ou de alto custo, \u00e9 obriga\u00e7\u00e3o solid\u00e1ria do Munic\u00edpio, do Estado e da Uni\u00e3o fornec\u00ea-los ao cidad\u00e3o\u201d e que o direito constitucional \u00e0 sa\u00fade \u201cpossui aplicabilidade imediata, devendo a ele ser atribu\u00edda m\u00e1xima efic\u00e1cia e efetividade\u201d.<\/p>\n\n\n\n<p><br>Participaram do julgamento, que teve vota\u00e7\u00e3o un\u00e2nime, os desembargadores Ferraz de Arruda e Borelli Thomaz.<\/p>\n\n\n\n<p>Apela\u00e7\u00e3o n\u00ba\u00a0<a href=\"https:\/\/esaj.tjsp.jus.br\/cposg\/search.do?conversationId=&amp;paginaConsulta=0&amp;cbPesquisa=NUMPROC&amp;numeroDigitoAnoUnificado=1006341-03.2020&amp;foroNumeroUnificado=0009&amp;dePesquisaNuUnificado=1006341-03.2020.8.26.0009&amp;dePesquisaNuUnificado=UNIFICADO&amp;dePesquisa=&amp;tipoNuProcesso=UNIFICADO&amp;uuidCaptcha=sajcaptcha_73852e46684f41b185c93e5cb3293a17&amp;g-recaptcha-response=03AGdBq24FQr1a0vNL9IZPLcqTEnNw5HQGCcQ92YQSkCqfXV40f1sQqltzfdHPKxou6O5ZOyRMhlIPiK88X0KFnIJRDStYlPsZ031yN6sHJUkkhfJk11MlrpouUO1hl4Dc6B9onuJg7oKRbUe2eT_QLstwboKercZDctBqOvVMFv2sa9sB0W5UsVceJR0R0tgqwms0AhWw7l3UKwXfmsB06ZRQ6QeoSdtW5Ay7x-VkBM4DSO_lez0XyDJd_9d5MLe_UU-pZEHt5b0qMGElScyOxWgM0Kt-aqKpvl_mdjj4zBFkTzzvqm-ANwaj6DkTCWN7Ek8DiX405a50qSgHNslEw6Ja5vDagK6DbuqwM0MYRZJm-C_Fm7lN-pgmjWcBEYwke3GHgJBNKtNFBnvCmXl9UkYR3rQ0m0Kiubuxh7p-kSIfKtsw22_ceG8jJ6ZJPu-40XqDfxKKcj0wk9hQ0VdnakyCCmDU_5TPJjXtyMp3YcoPFhlSRtNy-Q1qcPLQGDZtLa-619_Oaesn\">1006341-03.2020.8.26.0009<\/a><\/p>\n\n\n\n<p>TJSP 01.04.2021<\/p>\n","protected":false},"excerpt":{"rendered":"<p>Autora sofre de s\u00edndrome neurol\u00f3gica e epilepsia<\/p>\n","protected":false},"author":1,"featured_media":1143,"comment_status":"open","ping_status":"closed","sticky":false,"template":"","format":"standard","meta":{"footnotes":"","jetpack_publicize_message":"","jetpack_is_tweetstorm":false,"jetpack_publicize_feature_enabled":true,"jetpack_social_post_already_shared":false,"jetpack_social_options":{"image_generator_settings":{"template":"highway","enabled":false}}},"categories":[11,28],"tags":[1021,1020,1022,256,1019,1023],"jetpack_publicize_connections":[],"jetpack_featured_media_url":"https:\/\/i0.wp.com\/blog.bfsadvocacia.com.br\/wp-content\/uploads\/2021\/04\/headache-pain-pills-medication-159211.jpeg?fit=1880%2C1253&ssl=1","featured_image_urls":{"full":["https:\/\/i0.wp.com\/blog.bfsadvocacia.com.br\/wp-content\/uploads\/2021\/04\/headache-pain-pills-medication-159211.jpeg?fit=1880%2C1253&ssl=1",1880,1253,false],"thumbnail":["https:\/\/i0.wp.com\/blog.bfsadvocacia.com.br\/wp-content\/uploads\/2021\/04\/headache-pain-pills-medication-159211.jpeg?resize=150%2C150&ssl=1",150,150,true],"medium":["https:\/\/i0.wp.com\/blog.bfsadvocacia.com.br\/wp-content\/uploads\/2021\/04\/headache-pain-pills-medication-159211.jpeg?fit=300%2C200&ssl=1",300,200,true],"medium_large":["https:\/\/i0.wp.com\/blog.bfsadvocacia.com.br\/wp-content\/uploads\/2021\/04\/headache-pain-pills-medication-159211.jpeg?fit=640%2C427&ssl=1",640,427,true],"large":["https:\/\/i0.wp.com\/blog.bfsadvocacia.com.br\/wp-content\/uploads\/2021\/04\/headache-pain-pills-medication-159211.jpeg?fit=640%2C426&ssl=1",640,426,true],"1536x1536":["https:\/\/i0.wp.com\/blog.bfsadvocacia.com.br\/wp-content\/uploads\/2021\/04\/headache-pain-pills-medication-159211.jpeg?fit=1536%2C1024&ssl=1",1536,1024,true],"2048x2048":["https:\/\/i0.wp.com\/blog.bfsadvocacia.com.br\/wp-content\/uploads\/2021\/04\/headache-pain-pills-medication-159211.jpeg?fit=1880%2C1253&ssl=1",1880,1253,true],"covernews-slider-full":["https:\/\/i0.wp.com\/blog.bfsadvocacia.com.br\/wp-content\/uploads\/2021\/04\/headache-pain-pills-medication-159211.jpeg?resize=1077%2C715&ssl=1",1077,715,true],"covernews-slider-center":["https:\/\/i0.wp.com\/blog.bfsadvocacia.com.br\/wp-content\/uploads\/2021\/04\/headache-pain-pills-medication-159211.jpeg?resize=522%2C500&ssl=1",522,500,true],"covernews-featured":["https:\/\/i0.wp.com\/blog.bfsadvocacia.com.br\/wp-content\/uploads\/2021\/04\/headache-pain-pills-medication-159211.jpeg?fit=1024%2C682&ssl=1",1024,682,true],"covernews-medium":["https:\/\/i0.wp.com\/blog.bfsadvocacia.com.br\/wp-content\/uploads\/2021\/04\/headache-pain-pills-medication-159211.jpeg?resize=540%2C285&ssl=1",540,285,true],"covernews-medium-square":["https:\/\/i0.wp.com\/blog.bfsadvocacia.com.br\/wp-content\/uploads\/2021\/04\/headache-pain-pills-medication-159211.jpeg?resize=375%2C250&ssl=1",375,250,true]},"author_info":{"display_name":"bfsadvocacia","author_link":"https:\/\/blog.bfsadvocacia.com.br\/index.php\/author\/bfsadvocacia\/"},"category_info":"<a href=\"https:\/\/blog.bfsadvocacia.com.br\/index.php\/category\/advogado-sp\/\" rel=\"category tag\">advogado sp<\/a> <a href=\"https:\/\/blog.bfsadvocacia.com.br\/index.php\/category\/atualidades-juridicas\/\" rel=\"category tag\">atualidades jur\u00eddicas<\/a>","tag_info":"atualidades jur\u00eddicas","comment_count":"0","amp_enabled":true,"_links":{"self":[{"href":"https:\/\/blog.bfsadvocacia.com.br\/index.php\/wp-json\/wp\/v2\/posts\/1142"}],"collection":[{"href":"https:\/\/blog.bfsadvocacia.com.br\/index.php\/wp-json\/wp\/v2\/posts"}],"about":[{"href":"https:\/\/blog.bfsadvocacia.com.br\/index.php\/wp-json\/wp\/v2\/types\/post"}],"author":[{"embeddable":true,"href":"https:\/\/blog.bfsadvocacia.com.br\/index.php\/wp-json\/wp\/v2\/users\/1"}],"replies":[{"embeddable":true,"href":"https:\/\/blog.bfsadvocacia.com.br\/index.php\/wp-json\/wp\/v2\/comments?post=1142"}],"version-history":[{"count":1,"href":"https:\/\/blog.bfsadvocacia.com.br\/index.php\/wp-json\/wp\/v2\/posts\/1142\/revisions"}],"predecessor-version":[{"id":1144,"href":"https:\/\/blog.bfsadvocacia.com.br\/index.php\/wp-json\/wp\/v2\/posts\/1142\/revisions\/1144"}],"wp:featuredmedia":[{"embeddable":true,"href":"https:\/\/blog.bfsadvocacia.com.br\/index.php\/wp-json\/wp\/v2\/media\/1143"}],"wp:attachment":[{"href":"https:\/\/blog.bfsadvocacia.com.br\/index.php\/wp-json\/wp\/v2\/media?parent=1142"}],"wp:term":[{"taxonomy":"category","embeddable":true,"href":"https:\/\/blog.bfsadvocacia.com.br\/index.php\/wp-json\/wp\/v2\/categories?post=1142"},{"taxonomy":"post_tag","embeddable":true,"href":"https:\/\/blog.bfsadvocacia.com.br\/index.php\/wp-json\/wp\/v2\/tags?post=1142"}],"curies":[{"name":"wp","href":"https:\/\/api.w.org\/{rel}","templated":true}]}}