{"id":1188,"date":"2021-05-03T07:00:00","date_gmt":"2021-05-03T10:00:00","guid":{"rendered":"http:\/\/blog.bfsadvocacia.com.br\/?p=1188"},"modified":"2021-04-25T20:19:42","modified_gmt":"2021-04-25T23:19:42","slug":"contribuicao-sobre-procuracao-concedida-a-advogados-em-sp-e-inconstitucional","status":"publish","type":"post","link":"https:\/\/blog.bfsadvocacia.com.br\/index.php\/2021\/05\/03\/contribuicao-sobre-procuracao-concedida-a-advogados-em-sp-e-inconstitucional\/","title":{"rendered":"Contribui\u00e7\u00e3o sobre procura\u00e7\u00e3o concedida a advogados em SP \u00e9 inconstitucional"},"content":{"rendered":"\n<p>O Supremo Tribunal Federal (STF) invalidou norma paulista que estabelecia contribui\u00e7\u00e3o paga por outorgante de mandato judicial (procura\u00e7\u00e3o concedida a advogados para representar o cliente perante a Justi\u00e7a) destinada \u00e0 Carteira de Previd\u00eancia dos Advogados de S\u00e3o Paulo. Por unanimidade, na sess\u00e3o virtual finalizada em 16\/4, a Corte julgou procedente a A\u00e7\u00e3o Direta de Inconstitucionalidade (ADI) 5736, ajuizada pela Procuradoria-Geral da Rep\u00fablica (PGR).<\/p>\n\n\n\n<p><strong>Alega\u00e7\u00f5es<\/strong><\/p>\n\n\n\n<p>Entre outras alega\u00e7\u00f5es, a PGR sustentou a aus\u00eancia de nexo entre a contribui\u00e7\u00e3o e a atividade de presta\u00e7\u00e3o jurisdicional, custeada por meio de taxas e emolumentos. Embora os advogados sejam indispens\u00e1veis \u00e0 administra\u00e7\u00e3o da justi\u00e7a, observou que o servi\u00e7o prestado por eles \u00e9 atividade eminentemente privada. &#8220;O produto da arrecada\u00e7\u00e3o \u00e9 destinado \u00e0 manuten\u00e7\u00e3o de benef\u00edcios previdenci\u00e1rios de advogados e seus dependentes, sem destina\u00e7\u00e3o p\u00fablica alguma&#8221;, ressaltou.<\/p>\n\n\n\n<p><strong>Sem justificativa<\/strong><\/p>\n\n\n\n<p>Em seu voto pela proced\u00eancia da ADI, o ministro Marco Aur\u00e9lio, relator, afirmou que o artigo 18, inciso II, da Lei estadual 13.549\/2009 instituiu um tributo sem justificativa plaus\u00edvel, revelando-se, portanto, incompat\u00edvel com a Constitui\u00e7\u00e3o da Rep\u00fablica. &#8220;O outorgante de poderes a advogado mediante o instrumento de mandato \u2013 que \u00e9 a procura\u00e7\u00e3o \u2013 n\u00e3o est\u00e1 sujeito a tributo&#8221;, concluiu.<\/p>\n\n\n\n<p>STF 23.04.2021<\/p>\n","protected":false},"excerpt":{"rendered":"<p>Por unanimidade, o Plen\u00e1rio entendeu que a cobran\u00e7a n\u00e3o tem justificativa plaus\u00edvel e \u00e9 incompat\u00edvel com a Constitui\u00e7\u00e3o Federal .<\/p>\n","protected":false},"author":1,"featured_media":1220,"comment_status":"open","ping_status":"closed","sticky":false,"template":"","format":"standard","meta":{"footnotes":"","jetpack_publicize_message":"","jetpack_is_tweetstorm":false,"jetpack_publicize_feature_enabled":true,"jetpack_social_post_already_shared":false,"jetpack_social_options":{"image_generator_settings":{"template":"highway","enabled":false}}},"categories":[11],"tags":[1069,1080,61,1079],"jetpack_publicize_connections":[],"jetpack_featured_media_url":"https:\/\/i0.wp.com\/blog.bfsadvocacia.com.br\/wp-content\/uploads\/2021\/04\/pexels-photo-7428221.jpeg?fit=1880%2C1253&ssl=1","featured_image_urls":{"full":["https:\/\/i0.wp.com\/blog.bfsadvocacia.com.br\/wp-content\/uploads\/2021\/04\/pexels-photo-7428221.jpeg?fit=1880%2C1253&ssl=1",1880,1253,false],"thumbnail":["https:\/\/i0.wp.com\/blog.bfsadvocacia.com.br\/wp-content\/uploads\/2021\/04\/pexels-photo-7428221.jpeg?resize=150%2C150&ssl=1",150,150,true],"medium":["https:\/\/i0.wp.com\/blog.bfsadvocacia.com.br\/wp-content\/uploads\/2021\/04\/pexels-photo-7428221.jpeg?fit=300%2C200&ssl=1",300,200,true],"medium_large":["https:\/\/i0.wp.com\/blog.bfsadvocacia.com.br\/wp-content\/uploads\/2021\/04\/pexels-photo-7428221.jpeg?fit=640%2C427&ssl=1",640,427,true],"large":["https:\/\/i0.wp.com\/blog.bfsadvocacia.com.br\/wp-content\/uploads\/2021\/04\/pexels-photo-7428221.jpeg?fit=640%2C426&ssl=1",640,426,true],"1536x1536":["https:\/\/i0.wp.com\/blog.bfsadvocacia.com.br\/wp-content\/uploads\/2021\/04\/pexels-photo-7428221.jpeg?fit=1536%2C1024&ssl=1",1536,1024,true],"2048x2048":["https:\/\/i0.wp.com\/blog.bfsadvocacia.com.br\/wp-content\/uploads\/2021\/04\/pexels-photo-7428221.jpeg?fit=1880%2C1253&ssl=1",1880,1253,true],"covernews-slider-full":["https:\/\/i0.wp.com\/blog.bfsadvocacia.com.br\/wp-content\/uploads\/2021\/04\/pexels-photo-7428221.jpeg?resize=1077%2C715&ssl=1",1077,715,true],"covernews-slider-center":["https:\/\/i0.wp.com\/blog.bfsadvocacia.com.br\/wp-content\/uploads\/2021\/04\/pexels-photo-7428221.jpeg?resize=522%2C500&ssl=1",522,500,true],"covernews-featured":["https:\/\/i0.wp.com\/blog.bfsadvocacia.com.br\/wp-content\/uploads\/2021\/04\/pexels-photo-7428221.jpeg?fit=1024%2C682&ssl=1",1024,682,true],"covernews-medium":["https:\/\/i0.wp.com\/blog.bfsadvocacia.com.br\/wp-content\/uploads\/2021\/04\/pexels-photo-7428221.jpeg?resize=540%2C285&ssl=1",540,285,true],"covernews-medium-square":["https:\/\/i0.wp.com\/blog.bfsadvocacia.com.br\/wp-content\/uploads\/2021\/04\/pexels-photo-7428221.jpeg?resize=375%2C250&ssl=1",375,250,true]},"author_info":{"display_name":"bfsadvocacia","author_link":"https:\/\/blog.bfsadvocacia.com.br\/index.php\/author\/bfsadvocacia\/"},"category_info":"<a href=\"https:\/\/blog.bfsadvocacia.com.br\/index.php\/category\/advogado-sp\/\" rel=\"category tag\">advogado sp<\/a>","tag_info":"advogado sp","comment_count":"0","amp_enabled":true,"_links":{"self":[{"href":"https:\/\/blog.bfsadvocacia.com.br\/index.php\/wp-json\/wp\/v2\/posts\/1188"}],"collection":[{"href":"https:\/\/blog.bfsadvocacia.com.br\/index.php\/wp-json\/wp\/v2\/posts"}],"about":[{"href":"https:\/\/blog.bfsadvocacia.com.br\/index.php\/wp-json\/wp\/v2\/types\/post"}],"author":[{"embeddable":true,"href":"https:\/\/blog.bfsadvocacia.com.br\/index.php\/wp-json\/wp\/v2\/users\/1"}],"replies":[{"embeddable":true,"href":"https:\/\/blog.bfsadvocacia.com.br\/index.php\/wp-json\/wp\/v2\/comments?post=1188"}],"version-history":[{"count":1,"href":"https:\/\/blog.bfsadvocacia.com.br\/index.php\/wp-json\/wp\/v2\/posts\/1188\/revisions"}],"predecessor-version":[{"id":1221,"href":"https:\/\/blog.bfsadvocacia.com.br\/index.php\/wp-json\/wp\/v2\/posts\/1188\/revisions\/1221"}],"wp:featuredmedia":[{"embeddable":true,"href":"https:\/\/blog.bfsadvocacia.com.br\/index.php\/wp-json\/wp\/v2\/media\/1220"}],"wp:attachment":[{"href":"https:\/\/blog.bfsadvocacia.com.br\/index.php\/wp-json\/wp\/v2\/media?parent=1188"}],"wp:term":[{"taxonomy":"category","embeddable":true,"href":"https:\/\/blog.bfsadvocacia.com.br\/index.php\/wp-json\/wp\/v2\/categories?post=1188"},{"taxonomy":"post_tag","embeddable":true,"href":"https:\/\/blog.bfsadvocacia.com.br\/index.php\/wp-json\/wp\/v2\/tags?post=1188"}],"curies":[{"name":"wp","href":"https:\/\/api.w.org\/{rel}","templated":true}]}}