{"id":1228,"date":"2021-05-07T07:00:00","date_gmt":"2021-05-07T10:00:00","guid":{"rendered":"http:\/\/blog.bfsadvocacia.com.br\/?p=1228"},"modified":"2021-05-04T16:38:52","modified_gmt":"2021-05-04T19:38:52","slug":"trf3-concede-beneficio-assistencial-a-portadora-de-cancer-de-mama","status":"publish","type":"post","link":"https:\/\/blog.bfsadvocacia.com.br\/index.php\/2021\/05\/07\/trf3-concede-beneficio-assistencial-a-portadora-de-cancer-de-mama\/","title":{"rendered":"TRF3 concede benef\u00edcio assistencial a portadora de c\u00e2ncer de mama"},"content":{"rendered":"\n<p>Decis\u00e3o do desembargador federal S\u00e9rgio Nascimento, da D\u00e9cima Turma do Tribunal Regional Federal da 3\u00aa Regi\u00e3o (TRF3), determinou ao Instituto Nacional do Seguro Social (INSS) conceder o Benef\u00edcio de Presta\u00e7\u00e3o Continuada (BPC) a&nbsp;uma mulher&nbsp;portadora de c\u00e2ncer de mama.&nbsp;&nbsp;Para o magistrado, laudos m\u00e9dico e social confirmaram o direito ao benef\u00edcio.&nbsp;&nbsp;&nbsp;&nbsp;&nbsp;<\/p>\n\n\n\n<p>Conforme per\u00edcia m\u00e9dica, a autora \u00e9 portadora de&nbsp;neoplasia maligna&nbsp;de mama, diagnosticada em 2016. Ela&nbsp;foi submetida \u00e0 quimioterapia e&nbsp;realizou&nbsp;cirurgia de&nbsp;remo\u00e7\u00e3o completa do seio.&nbsp;&nbsp;<\/p>\n\n\n\n<p>O laudo atestou que a mulher apresenta incapacidade total para o trabalho, at\u00e9 estabilizar a patologia, pois as formas de tratamento n\u00e3o foram esgotadas. N\u00e3o houve reconhecimento de elementos que a enquadrassem como portadora de defici\u00eancia f\u00edsica, mas, segundo o relator, &#8220;a gravidade da enfermidade, aliada \u00e0 idade atual da autora, a impedem de concorrer em condi\u00e7\u00f5es de igualdade no mercado de trabalho, restando preenchido o requisito&#8221;.<\/p>\n\n\n\n<p>O estudo social mostrou que a mulher reside com a m\u00e3e e dois irm\u00e3os. Nenhum membro familiar&nbsp;exerce&nbsp;atividade&nbsp;profissional devido a problemas de sa\u00fade.&nbsp;A renda total&nbsp;\u00e9 composta de dois sal\u00e1rios m\u00ednimos, referentes a&nbsp;pens\u00e3o por morte e a aposentadoria rural,&nbsp;recebidos pela&nbsp;genitora.&nbsp;\u201cPortanto, resta comprovado que a autora \u00e9 deficiente e que n\u00e3o possui meios para prover sua manuten\u00e7\u00e3o ou t\u00ea-la provida por sua fam\u00edlia, fazendo jus \u00e0 concess\u00e3o do benef\u00edcio assistencial\u201d, finalizou o magistrado.&nbsp;<\/p>\n\n\n\n<p>Senten\u00e7a da 1\u00aa Vara Federal de Navira\u00ed\/MS havia negado o pedido&nbsp;de concess\u00e3o do BPC.&nbsp;O ju\u00edzo entendeu que&nbsp;a&nbsp;an\u00e1lise conjunta do laudo pericial&nbsp;n\u00e3o&nbsp;demostrou&nbsp;impedimento de natureza f\u00edsica, mental e&nbsp;intelectual.&nbsp;&nbsp;A&nbsp;autora&nbsp;recorreu ao TRF3&nbsp;alegando&nbsp;preencher&nbsp;as condi\u00e7\u00f5es necess\u00e1rias para o recebimento,&nbsp;desde 30\/1\/2017,&nbsp;data do requerimento administrativo.&nbsp;<\/p>\n\n\n\n<p>O desembargador federal julgou&nbsp;o pedido&nbsp;parcialmente&nbsp;procedente&nbsp;e condenou o&nbsp;INSS a&nbsp;implantar&nbsp;o BPC&nbsp;a partir de 15\/4\/2021, data da decis\u00e3o.&nbsp;<\/p>\n\n\n\n<p>TRF3 04.05.2021<\/p>\n","protected":false},"excerpt":{"rendered":"<p>Gravidade da doen\u00e7a e idade s\u00e3o impeditivos para que a autora da a\u00e7\u00e3o concorra em condi\u00e7\u00f5es de igualdade no mercado de trabalho <\/p>\n","protected":false},"author":1,"featured_media":0,"comment_status":"open","ping_status":"closed","sticky":false,"template":"","format":"standard","meta":{"footnotes":"","jetpack_publicize_message":"","jetpack_is_tweetstorm":false,"jetpack_publicize_feature_enabled":true,"jetpack_social_post_already_shared":false,"jetpack_social_options":{"image_generator_settings":{"template":"highway","enabled":false}}},"categories":[11,12],"tags":[63,54,1003,1082,114,17],"jetpack_publicize_connections":[],"jetpack_featured_media_url":"","featured_image_urls":{"full":"","thumbnail":"","medium":"","medium_large":"","large":"","1536x1536":"","2048x2048":"","covernews-slider-full":"","covernews-slider-center":"","covernews-featured":"","covernews-medium":"","covernews-medium-square":""},"author_info":{"display_name":"bfsadvocacia","author_link":"https:\/\/blog.bfsadvocacia.com.br\/index.php\/author\/bfsadvocacia\/"},"category_info":"<a href=\"https:\/\/blog.bfsadvocacia.com.br\/index.php\/category\/advogado-sp\/\" rel=\"category tag\">advogado sp<\/a> <a href=\"https:\/\/blog.bfsadvocacia.com.br\/index.php\/category\/direito-previdenciario\/\" rel=\"category tag\">Direito Previdenci\u00e1rio<\/a>","tag_info":"Direito Previdenci\u00e1rio","comment_count":"0","amp_enabled":true,"_links":{"self":[{"href":"https:\/\/blog.bfsadvocacia.com.br\/index.php\/wp-json\/wp\/v2\/posts\/1228"}],"collection":[{"href":"https:\/\/blog.bfsadvocacia.com.br\/index.php\/wp-json\/wp\/v2\/posts"}],"about":[{"href":"https:\/\/blog.bfsadvocacia.com.br\/index.php\/wp-json\/wp\/v2\/types\/post"}],"author":[{"embeddable":true,"href":"https:\/\/blog.bfsadvocacia.com.br\/index.php\/wp-json\/wp\/v2\/users\/1"}],"replies":[{"embeddable":true,"href":"https:\/\/blog.bfsadvocacia.com.br\/index.php\/wp-json\/wp\/v2\/comments?post=1228"}],"version-history":[{"count":2,"href":"https:\/\/blog.bfsadvocacia.com.br\/index.php\/wp-json\/wp\/v2\/posts\/1228\/revisions"}],"predecessor-version":[{"id":1234,"href":"https:\/\/blog.bfsadvocacia.com.br\/index.php\/wp-json\/wp\/v2\/posts\/1228\/revisions\/1234"}],"wp:attachment":[{"href":"https:\/\/blog.bfsadvocacia.com.br\/index.php\/wp-json\/wp\/v2\/media?parent=1228"}],"wp:term":[{"taxonomy":"category","embeddable":true,"href":"https:\/\/blog.bfsadvocacia.com.br\/index.php\/wp-json\/wp\/v2\/categories?post=1228"},{"taxonomy":"post_tag","embeddable":true,"href":"https:\/\/blog.bfsadvocacia.com.br\/index.php\/wp-json\/wp\/v2\/tags?post=1228"}],"curies":[{"name":"wp","href":"https:\/\/api.w.org\/{rel}","templated":true}]}}