{"id":1243,"date":"2021-05-13T07:00:00","date_gmt":"2021-05-13T10:00:00","guid":{"rendered":"http:\/\/blog.bfsadvocacia.com.br\/?p=1243"},"modified":"2021-05-10T21:07:56","modified_gmt":"2021-05-11T00:07:56","slug":"inss-deve-restabelecer-auxilio-doenca-a-trabalhadora-indigena-portadora-de-hernia-umbilical","status":"publish","type":"post","link":"https:\/\/blog.bfsadvocacia.com.br\/index.php\/2021\/05\/13\/inss-deve-restabelecer-auxilio-doenca-a-trabalhadora-indigena-portadora-de-hernia-umbilical\/","title":{"rendered":"INSS deve restabelecer aux\u00edlio-doen\u00e7a a trabalhadora ind\u00edgena portadora de h\u00e9rnia umbilical"},"content":{"rendered":"\n<p>A Nona Turma do Tribunal Regional Federal da 3\u00aa Regi\u00e3o (TRF3)&nbsp;determinou&nbsp;que&nbsp;o Instituto Nacional do Seguro Social (INSS)&nbsp;restabele\u00e7a o&nbsp;aux\u00edlio-doen\u00e7a&nbsp;a uma&nbsp;trabalhadora rural ind\u00edgena, moradora&nbsp;de&nbsp;Amambai\/MS, portadora&nbsp;de&nbsp;h\u00e9rnia umbilical.&nbsp;&nbsp;&nbsp;<\/p>\n\n\n\n<p>Para o colegiado, a autora da a\u00e7\u00e3o&nbsp;preencheu os requisitos para a concess\u00e3o do benef\u00edcio,&nbsp;como a qualidade de segurada&nbsp;e a incapacidade&nbsp;tempor\u00e1ria&nbsp;para o trabalho ou outra atividade que garanta a subsist\u00eancia.&nbsp;&nbsp;<\/p>\n\n\n\n<p>A per\u00edcia m\u00e9dica judicial, realizada&nbsp;em 2020,&nbsp;atestou que a ind\u00edgena estava em p\u00f3s-operat\u00f3rio tardio de h\u00e9rnia umbilical,&nbsp;com&nbsp;o reaparecimento da doen\u00e7a, ap\u00f3s per\u00edodo de cura,&nbsp;e&nbsp;com pedido de nova cirurgia.&nbsp;Os peritos conclu\u00edram&nbsp;pela incapacidade parcial e tempor\u00e1ria ao trabalho rural, com restri\u00e7\u00e3o para atividades que demandem grandes esfor\u00e7os f\u00edsicos.&nbsp;<\/p>\n\n\n\n<p>Em compet\u00eancia delegada, a Justi\u00e7a Estadual em&nbsp;Amambai\/MS&nbsp;havia julgado procedente o pedido de&nbsp;restabelecimento do&nbsp;aux\u00edlio-doen\u00e7a.&nbsp;A autarquia previdenci\u00e1ria recorreu ao TRF3,&nbsp;n\u00e3o concordando&nbsp;com&nbsp;a&nbsp;data de&nbsp;fixa\u00e7\u00e3o do termo inicial do benef\u00edcio.&nbsp;&nbsp;<\/p>\n\n\n\n<p>Para&nbsp;a&nbsp;Nona Turma, os argumentos do&nbsp;INSS devem ser desconsiderados. O ac\u00f3rd\u00e3o&nbsp;destacou que&nbsp;a autora est\u00e1 impossibilitada de desempenhar atividade que garanta&nbsp;sua subsist\u00eancia em raz\u00e3o das patologias descritas na&nbsp;prova t\u00e9cnica.&nbsp;&nbsp;<\/p>\n\n\n\n<p>Os magistrados&nbsp;afirmaram&nbsp;que&nbsp;o&nbsp;termo inicial do aux\u00edlio-doen\u00e7a deve ser fixado no dia imediatamente posterior ao da interrup\u00e7\u00e3o do benef\u00edcio concedido anteriormente.&nbsp;\u201cA&nbsp;requerente apresenta a mesma mol\u00e9stia que justificou o reconhecimento da incapacidade laborativa pelo INSS, compensando-se os valores eventualmente pagos a t\u00edtulo de aux\u00edlio-doen\u00e7a ou outro benef\u00edcio cuja cumula\u00e7\u00e3o seja vedada por lei\u201d, ressaltou.&nbsp;&nbsp;<\/p>\n\n\n\n<p>Por fim, o colegiado, por maioria, manteve a senten\u00e7a e julgou invi\u00e1vel&nbsp;fixar&nbsp;prazo \u00e0 cessa\u00e7\u00e3o do benef\u00edcio,&nbsp;uma vez&nbsp;que n\u00e3o h\u00e1 data&nbsp;de previs\u00e3o de&nbsp;nova cirurgia&nbsp;da segurada.&nbsp;\u201cAssim, \u00e9 determinada a efetua\u00e7\u00e3o de avalia\u00e7\u00f5es peri\u00f3dicas na autora, a cargo da autarquia, vedada a factibilidade de cessa\u00e7\u00e3o autom\u00e1tica da benesse\u201d, conclui o ac\u00f3rd\u00e3o.&nbsp;<\/p>\n\n\n\n<p>Apela\u00e7\u00e3o C\u00edvel\u00a05006025-94.2020.4.03.9999\u00a0<\/p>\n\n\n\n<p>TRF3 05.05.2021<\/p>\n","protected":false},"excerpt":{"rendered":"<p>Laudo pericial comprovou incapacidade parcial e tempor\u00e1ria para o trabalho <\/p>\n","protected":false},"author":1,"featured_media":1244,"comment_status":"open","ping_status":"closed","sticky":false,"template":"","format":"standard","meta":{"footnotes":"","jetpack_publicize_message":"","jetpack_is_tweetstorm":false,"jetpack_publicize_feature_enabled":true,"jetpack_social_post_already_shared":false,"jetpack_social_options":{"image_generator_settings":{"template":"highway","enabled":false}}},"categories":[11,12],"tags":[117,1097,17,1032,1096],"jetpack_publicize_connections":[],"jetpack_featured_media_url":"https:\/\/i0.wp.com\/blog.bfsadvocacia.com.br\/wp-content\/uploads\/2021\/05\/pexels-photo-5668473.jpeg?fit=1880%2C1253&ssl=1","featured_image_urls":{"full":["https:\/\/i0.wp.com\/blog.bfsadvocacia.com.br\/wp-content\/uploads\/2021\/05\/pexels-photo-5668473.jpeg?fit=1880%2C1253&ssl=1",1880,1253,false],"thumbnail":["https:\/\/i0.wp.com\/blog.bfsadvocacia.com.br\/wp-content\/uploads\/2021\/05\/pexels-photo-5668473.jpeg?resize=150%2C150&ssl=1",150,150,true],"medium":["https:\/\/i0.wp.com\/blog.bfsadvocacia.com.br\/wp-content\/uploads\/2021\/05\/pexels-photo-5668473.jpeg?fit=300%2C200&ssl=1",300,200,true],"medium_large":["https:\/\/i0.wp.com\/blog.bfsadvocacia.com.br\/wp-content\/uploads\/2021\/05\/pexels-photo-5668473.jpeg?fit=640%2C427&ssl=1",640,427,true],"large":["https:\/\/i0.wp.com\/blog.bfsadvocacia.com.br\/wp-content\/uploads\/2021\/05\/pexels-photo-5668473.jpeg?fit=640%2C426&ssl=1",640,426,true],"1536x1536":["https:\/\/i0.wp.com\/blog.bfsadvocacia.com.br\/wp-content\/uploads\/2021\/05\/pexels-photo-5668473.jpeg?fit=1536%2C1024&ssl=1",1536,1024,true],"2048x2048":["https:\/\/i0.wp.com\/blog.bfsadvocacia.com.br\/wp-content\/uploads\/2021\/05\/pexels-photo-5668473.jpeg?fit=1880%2C1253&ssl=1",1880,1253,true],"covernews-slider-full":["https:\/\/i0.wp.com\/blog.bfsadvocacia.com.br\/wp-content\/uploads\/2021\/05\/pexels-photo-5668473.jpeg?resize=1077%2C715&ssl=1",1077,715,true],"covernews-slider-center":["https:\/\/i0.wp.com\/blog.bfsadvocacia.com.br\/wp-content\/uploads\/2021\/05\/pexels-photo-5668473.jpeg?resize=522%2C500&ssl=1",522,500,true],"covernews-featured":["https:\/\/i0.wp.com\/blog.bfsadvocacia.com.br\/wp-content\/uploads\/2021\/05\/pexels-photo-5668473.jpeg?fit=1024%2C682&ssl=1",1024,682,true],"covernews-medium":["https:\/\/i0.wp.com\/blog.bfsadvocacia.com.br\/wp-content\/uploads\/2021\/05\/pexels-photo-5668473.jpeg?resize=540%2C285&ssl=1",540,285,true],"covernews-medium-square":["https:\/\/i0.wp.com\/blog.bfsadvocacia.com.br\/wp-content\/uploads\/2021\/05\/pexels-photo-5668473.jpeg?resize=375%2C250&ssl=1",375,250,true]},"author_info":{"display_name":"bfsadvocacia","author_link":"https:\/\/blog.bfsadvocacia.com.br\/index.php\/author\/bfsadvocacia\/"},"category_info":"<a href=\"https:\/\/blog.bfsadvocacia.com.br\/index.php\/category\/advogado-sp\/\" rel=\"category tag\">advogado sp<\/a> <a href=\"https:\/\/blog.bfsadvocacia.com.br\/index.php\/category\/direito-previdenciario\/\" rel=\"category tag\">Direito Previdenci\u00e1rio<\/a>","tag_info":"Direito Previdenci\u00e1rio","comment_count":"0","amp_enabled":true,"_links":{"self":[{"href":"https:\/\/blog.bfsadvocacia.com.br\/index.php\/wp-json\/wp\/v2\/posts\/1243"}],"collection":[{"href":"https:\/\/blog.bfsadvocacia.com.br\/index.php\/wp-json\/wp\/v2\/posts"}],"about":[{"href":"https:\/\/blog.bfsadvocacia.com.br\/index.php\/wp-json\/wp\/v2\/types\/post"}],"author":[{"embeddable":true,"href":"https:\/\/blog.bfsadvocacia.com.br\/index.php\/wp-json\/wp\/v2\/users\/1"}],"replies":[{"embeddable":true,"href":"https:\/\/blog.bfsadvocacia.com.br\/index.php\/wp-json\/wp\/v2\/comments?post=1243"}],"version-history":[{"count":1,"href":"https:\/\/blog.bfsadvocacia.com.br\/index.php\/wp-json\/wp\/v2\/posts\/1243\/revisions"}],"predecessor-version":[{"id":1245,"href":"https:\/\/blog.bfsadvocacia.com.br\/index.php\/wp-json\/wp\/v2\/posts\/1243\/revisions\/1245"}],"wp:featuredmedia":[{"embeddable":true,"href":"https:\/\/blog.bfsadvocacia.com.br\/index.php\/wp-json\/wp\/v2\/media\/1244"}],"wp:attachment":[{"href":"https:\/\/blog.bfsadvocacia.com.br\/index.php\/wp-json\/wp\/v2\/media?parent=1243"}],"wp:term":[{"taxonomy":"category","embeddable":true,"href":"https:\/\/blog.bfsadvocacia.com.br\/index.php\/wp-json\/wp\/v2\/categories?post=1243"},{"taxonomy":"post_tag","embeddable":true,"href":"https:\/\/blog.bfsadvocacia.com.br\/index.php\/wp-json\/wp\/v2\/tags?post=1243"}],"curies":[{"name":"wp","href":"https:\/\/api.w.org\/{rel}","templated":true}]}}