{"id":1292,"date":"2021-05-28T07:00:00","date_gmt":"2021-05-28T10:00:00","guid":{"rendered":"http:\/\/blog.bfsadvocacia.com.br\/?p=1292"},"modified":"2021-05-25T22:24:58","modified_gmt":"2021-05-26T01:24:58","slug":"peculio-no-inss-veja-quando-segurado-pode-solicitar-na-aposentadoria","status":"publish","type":"post","link":"https:\/\/blog.bfsadvocacia.com.br\/index.php\/2021\/05\/28\/peculio-no-inss-veja-quando-segurado-pode-solicitar-na-aposentadoria\/","title":{"rendered":"Pec\u00falio no INSS: Veja quando Segurado pode solicitar na Aposentadoria"},"content":{"rendered":"\n<p>Pec\u00falio no INSS: Veja quando Segurado pode solicitar na Aposentadoria Consiste na devolu\u00e7\u00e3o em cota \u00fanica das contribui\u00e7\u00f5es efetuadas para o&nbsp;<a href=\"https:\/\/www.mixvale.com.br\/tag\/inss\/\">INSS&nbsp;<\/a>pelo cidad\u00e3o que permaneceu em atividade ap\u00f3s ter se aposentado.<\/p>\n\n\n\n<p>Os valores a serem devolvidos ter\u00e3o como data limite 15\/04\/1994, v\u00e9spera da publica\u00e7\u00e3o da lei 8.870, que extinguiu este benef\u00edcio para os aposentados por idade e tempo de contribui\u00e7\u00e3o.<\/p>\n\n\n\n<p>O atendimento deste servi\u00e7o ser\u00e1 realizado \u00e0 dist\u00e2ncia, n\u00e3o sendo necess\u00e1rio o comparecimento presencial nas unidades do&nbsp;<a href=\"https:\/\/www.mixvale.com.br\/tag\/inss\/\">INSS<\/a>, a n\u00e3o ser quando solicitado para eventual comprova\u00e7\u00e3o.<\/p>\n\n\n\n<h2 class=\"wp-block-heading\" id=\"h-quem-pode-utilizar-esse-servi-o-do-pec-lio-no-inss\"><strong>QUEM PODE UTILIZAR ESSE SERVI\u00c7O DO PEC\u00daLIO NO INSS?<\/strong><\/h2>\n\n\n\n<p>&nbsp;Quem se se aposentou por idade ou por tempo de contribui\u00e7\u00e3o antes de 15\/04\/1994 (v\u00e9spera da publica\u00e7\u00e3o da Lei 8.870\/1994) e que tenha voltado a trabalhar e a contribuir para o&nbsp;<a href=\"https:\/\/www.mixvale.com.br\/tag\/inss\/\">INSS<\/a>. Para estes trabalhadores, somente ser\u00e3o devolvidos os valores contribu\u00eddos at\u00e9 15\/04\/1994, desde que n\u00e3o tenham sido utilizados para contagem e recebimento da aposentadoria;<\/p>\n\n\n\n<p>Ter se aposentado por invalidez e voltado a trabalhar e a contribuir para o INSS ou falecido por acidente de trabalho at\u00e9 20\/11\/1995 (v\u00e9spera da publica\u00e7\u00e3o da Lei 9.129\/1995). Para estes trabalhadores ser\u00e3o devolvidas as contribui\u00e7\u00f5es realizadas at\u00e9 20\/11\/1995, desde que n\u00e3o tenham sido utilizadas para aposentadoria ou pens\u00e3o por morte.<\/p>\n\n\n\n<h2 class=\"wp-block-heading\" id=\"h-etapas-para-realiza-o-deste-servi-o\"><strong>ETAPAS PARA REALIZA\u00c7\u00c3O DESTE SERVI\u00c7O<\/strong><\/h2>\n\n\n\n<ol><li>Solicita\u00e7\u00e3o do benef\u00edcio<br>\u2013 Acesse o portal do&nbsp;<a href=\"https:\/\/www.mixvale.com.br\/tag\/inss\/\">Meu INSS<\/a><br>-Fa\u00e7a login no sistema, escolha a op\u00e7\u00e3o Agendamentos\/Requerimentos.<br>\u2013 Clique em \u201cnovo requerimento\u201d, \u201catualizar\u201d,&nbsp; atualize os dados que achar pertinentes, e clique em \u201cavan\u00e7ar\u201d. Digite no campo \u201cpesquisar\u201d a palavra \u201cpec\u00falio\u201d e selecione o servi\u00e7o desejado.O segurado ser\u00e1 previamente comunicado nos casos em que for indispens\u00e1vel o atendimento presencial para comprovar alguma informa\u00e7\u00e3o.<\/li><li>Acompanhe o andamento pelo Meu INSS, na op\u00e7\u00e3o Agendamentos\/Requerimentos.<\/li><\/ol>\n\n\n\n<h2 class=\"wp-block-heading\" id=\"h-documentos-que-poder-o-ser-solicitados-pelo-inss\"><strong>DOCUMENTOS QUE PODER\u00c3O SER SOLICITADOS PELO&nbsp;INSS:<\/strong><\/h2>\n\n\n\n<p>Procura\u00e7\u00e3o ou termo de representa\u00e7\u00e3o legal, documento de identifica\u00e7\u00e3o com foto e CPF do procurador ou representante, se houver;<\/p>\n\n\n\n<p>Documentos referentes \u00e0s rela\u00e7\u00f5es previdenci\u00e1rias (exemplo: Rela\u00e7\u00e3o de sal\u00e1rios de contribui\u00e7\u00e3o emitida pelo empregador, Carteira de Trabalho e Previd\u00eancia Social (CTPS), carn\u00eas, etc.); e<\/p>\n\n\n\n<p>Outros documentos que o cidad\u00e3o queira adicionar (exemplo: simula\u00e7\u00e3o de tempo de contribui\u00e7\u00e3o, peti\u00e7\u00f5es, etc.).<\/p>\n\n\n\n<p>Se voc\u00ea ainda tem d\u00favidas, veja a rela\u00e7\u00e3o completa de&nbsp;documentos necess\u00e1rios para comprovar a atividade.<\/p>\n\n\n\n<p>Se o requerimento estiver sendo realizado por dependente do aposentado, apresentar tamb\u00e9m comprova\u00e7\u00e3o da depend\u00eancia.<\/p>\n\n\n\n<h2 class=\"wp-block-heading\" id=\"h-outras-informa-es\"><strong>OUTRAS INFORMA\u00c7\u00d5ES<\/strong><\/h2>\n\n\n\n<p>Voc\u00ea tem a op\u00e7\u00e3o de nomear um&nbsp;procurador&nbsp;para fazer o requerimento em seu lugar.<\/p>\n\n\n\n<p>&nbsp;O direito ao recebimento do valor do pec\u00falio prescreve em cinco anos, contados a partir do dia em que deveria ter sido pago, devendo ser observadas as seguintes condi\u00e7\u00f5es:<\/p>\n\n\n\n<p>Para aqueles que se aposentaram por idade ou tempo de contribui\u00e7\u00e3o antes de 15\/04\/1994, o prazo de 5 anos come\u00e7a a ser contado a partir da data do afastamento definitivo da atividade que exercia em 15\/04\/1994;<\/p>\n\n\n\n<p>Para aqueles que se aposentaram por invalidez ou faleceram por acidente de trabalho at\u00e9 20\/11\/1995, o prazo de 5 anos come\u00e7a a ser contado a partir da data do afastamento definitivo da atividade que exercia em 20\/11\/1995 ou da data do \u00f3bito (morte);<\/p>\n\n\n\n<p>O direito ao recebimento do pec\u00falio para menores de 16 anos e para os absolutamente incapazes n\u00e3o prescreve, de acordo com o C\u00f3digo Civil.<\/p>\n\n\n\n<p>Mi x Valle 12.05.2021<\/p>\n","protected":false},"excerpt":{"rendered":"<p>Pec\u00falio no INSS: Veja quando Segurado pode solicitar na Aposentadoria Consiste na devolu\u00e7\u00e3o em cota&#8230;<\/p>\n","protected":false},"author":1,"featured_media":216,"comment_status":"open","ping_status":"closed","sticky":false,"template":"","format":"standard","meta":{"footnotes":"","jetpack_publicize_message":"","jetpack_is_tweetstorm":false,"jetpack_publicize_feature_enabled":true,"jetpack_social_post_already_shared":false,"jetpack_social_options":{"image_generator_settings":{"template":"highway","enabled":false}}},"categories":[11,28],"tags":[322,1132,17,1133,135],"jetpack_publicize_connections":[],"jetpack_featured_media_url":"https:\/\/i0.wp.com\/blog.bfsadvocacia.com.br\/wp-content\/uploads\/2020\/05\/inss_fila.jpg?fit=872%2C491&ssl=1","featured_image_urls":{"full":["https:\/\/i0.wp.com\/blog.bfsadvocacia.com.br\/wp-content\/uploads\/2020\/05\/inss_fila.jpg?fit=872%2C491&ssl=1",872,491,false],"thumbnail":["https:\/\/i0.wp.com\/blog.bfsadvocacia.com.br\/wp-content\/uploads\/2020\/05\/inss_fila.jpg?resize=150%2C150&ssl=1",150,150,true],"medium":["https:\/\/i0.wp.com\/blog.bfsadvocacia.com.br\/wp-content\/uploads\/2020\/05\/inss_fila.jpg?fit=300%2C169&ssl=1",300,169,true],"medium_large":["https:\/\/i0.wp.com\/blog.bfsadvocacia.com.br\/wp-content\/uploads\/2020\/05\/inss_fila.jpg?fit=640%2C360&ssl=1",640,360,true],"large":["https:\/\/i0.wp.com\/blog.bfsadvocacia.com.br\/wp-content\/uploads\/2020\/05\/inss_fila.jpg?fit=640%2C360&ssl=1",640,360,true],"1536x1536":["https:\/\/i0.wp.com\/blog.bfsadvocacia.com.br\/wp-content\/uploads\/2020\/05\/inss_fila.jpg?fit=872%2C491&ssl=1",872,491,true],"2048x2048":["https:\/\/i0.wp.com\/blog.bfsadvocacia.com.br\/wp-content\/uploads\/2020\/05\/inss_fila.jpg?fit=872%2C491&ssl=1",872,491,true],"covernews-slider-full":["https:\/\/i0.wp.com\/blog.bfsadvocacia.com.br\/wp-content\/uploads\/2020\/05\/inss_fila.jpg?resize=872%2C491&ssl=1",872,491,true],"covernews-slider-center":["https:\/\/i0.wp.com\/blog.bfsadvocacia.com.br\/wp-content\/uploads\/2020\/05\/inss_fila.jpg?resize=800%2C491&ssl=1",800,491,true],"covernews-featured":["https:\/\/i0.wp.com\/blog.bfsadvocacia.com.br\/wp-content\/uploads\/2020\/05\/inss_fila.jpg?fit=872%2C491&ssl=1",872,491,true],"covernews-medium":["https:\/\/i0.wp.com\/blog.bfsadvocacia.com.br\/wp-content\/uploads\/2020\/05\/inss_fila.jpg?resize=540%2C285&ssl=1",540,285,true],"covernews-medium-square":["https:\/\/i0.wp.com\/blog.bfsadvocacia.com.br\/wp-content\/uploads\/2020\/05\/inss_fila.jpg?resize=375%2C250&ssl=1",375,250,true]},"author_info":{"display_name":"bfsadvocacia","author_link":"https:\/\/blog.bfsadvocacia.com.br\/index.php\/author\/bfsadvocacia\/"},"category_info":"<a href=\"https:\/\/blog.bfsadvocacia.com.br\/index.php\/category\/advogado-sp\/\" rel=\"category tag\">advogado sp<\/a> <a href=\"https:\/\/blog.bfsadvocacia.com.br\/index.php\/category\/atualidades-juridicas\/\" rel=\"category tag\">atualidades jur\u00eddicas<\/a>","tag_info":"atualidades jur\u00eddicas","comment_count":"0","amp_enabled":true,"_links":{"self":[{"href":"https:\/\/blog.bfsadvocacia.com.br\/index.php\/wp-json\/wp\/v2\/posts\/1292"}],"collection":[{"href":"https:\/\/blog.bfsadvocacia.com.br\/index.php\/wp-json\/wp\/v2\/posts"}],"about":[{"href":"https:\/\/blog.bfsadvocacia.com.br\/index.php\/wp-json\/wp\/v2\/types\/post"}],"author":[{"embeddable":true,"href":"https:\/\/blog.bfsadvocacia.com.br\/index.php\/wp-json\/wp\/v2\/users\/1"}],"replies":[{"embeddable":true,"href":"https:\/\/blog.bfsadvocacia.com.br\/index.php\/wp-json\/wp\/v2\/comments?post=1292"}],"version-history":[{"count":2,"href":"https:\/\/blog.bfsadvocacia.com.br\/index.php\/wp-json\/wp\/v2\/posts\/1292\/revisions"}],"predecessor-version":[{"id":1319,"href":"https:\/\/blog.bfsadvocacia.com.br\/index.php\/wp-json\/wp\/v2\/posts\/1292\/revisions\/1319"}],"wp:featuredmedia":[{"embeddable":true,"href":"https:\/\/blog.bfsadvocacia.com.br\/index.php\/wp-json\/wp\/v2\/media\/216"}],"wp:attachment":[{"href":"https:\/\/blog.bfsadvocacia.com.br\/index.php\/wp-json\/wp\/v2\/media?parent=1292"}],"wp:term":[{"taxonomy":"category","embeddable":true,"href":"https:\/\/blog.bfsadvocacia.com.br\/index.php\/wp-json\/wp\/v2\/categories?post=1292"},{"taxonomy":"post_tag","embeddable":true,"href":"https:\/\/blog.bfsadvocacia.com.br\/index.php\/wp-json\/wp\/v2\/tags?post=1292"}],"curies":[{"name":"wp","href":"https:\/\/api.w.org\/{rel}","templated":true}]}}