{"id":1295,"date":"2021-05-24T07:00:00","date_gmt":"2021-05-24T10:00:00","guid":{"rendered":"http:\/\/blog.bfsadvocacia.com.br\/?p=1295"},"modified":"2021-05-16T22:38:57","modified_gmt":"2021-05-17T01:38:57","slug":"bpc-loas-tem-fila-para-espera-de-concessao-no-inss","status":"publish","type":"post","link":"https:\/\/blog.bfsadvocacia.com.br\/index.php\/2021\/05\/24\/bpc-loas-tem-fila-para-espera-de-concessao-no-inss\/","title":{"rendered":"BPC-Loas tem fila para espera de concess\u00e3o no INSS"},"content":{"rendered":"\n<p>BPC-Loas tem fila para espera de concess\u00e3o no INSS Mais de 608 mil requerimentos pelo BPC (Benef\u00edcio de Presta\u00e7\u00e3o Continuada) est\u00e3o atualmente na fila de an\u00e1lise do<a href=\"https:\/\/www.mixvale.com.br\/tag\/inss\/\">&nbsp;INSS&nbsp;<\/a>(Instituto Nacional do Seguro Social) h\u00e1 mais tempo do que o prazo legal, de 45 dias.<\/p>\n\n\n\n<p>Pago a idosos e pessoas com defici\u00eancia de baixa renda que comprovem situa\u00e7\u00e3o de vulnerabilidade, mesmo que nunca tenham contribu\u00eddo \u00e0 Previd\u00eancia, o benef\u00edcio assistencial \u00e9 de um sal\u00e1rio m\u00ednimo (R$ 1.100, neste ano).<\/p>\n\n\n\n<p>Segundo o&nbsp;<a href=\"https:\/\/www.mixvale.com.br\/tag\/inss\/\">INSS,<\/a>&nbsp;a maior parte dos requerimentos que est\u00e3o na fila de espera do \u00f3rg\u00e3o \u00e9 para o&nbsp;<a href=\"https:\/\/www.mixvale.com.br\/tag\/bpc\/\">BPC&nbsp;<\/a>de pessoas com defici\u00eancia e do benef\u00edcio por incapacidade tempor\u00e1ria, antigo aux\u00edlio-doen\u00e7a, fortemente impactados pela pandemia da Covid-19 por causa do fechamento das ag\u00eancias entre mar\u00e7o e setembro.<\/p>\n\n\n\n<p>O tempo m\u00e9dio de concess\u00e3o atualmente \u00e9 de 98 dias, incluindo a espera do cumprimento de exig\u00eancias pelo segurado.<\/p>\n\n\n\n<p>De acordo com o instituto, entre outras medidas para acelerar \u201cde forma consider\u00e1vel\u201d a an\u00e1lise do benef\u00edcio est\u00e1 em fase de cria\u00e7\u00e3o uma central especializada de an\u00e1lise do&nbsp;<a href=\"https:\/\/www.mixvale.com.br\/tag\/bpc\/\">BPC.<\/a><\/p>\n\n\n\n<p>Para o BPC da pessoa idosa foi implementada a an\u00e1lise automatizada pelo&nbsp;<a href=\"https:\/\/www.mixvale.com.br\/tag\/inss\/\">Meu INSS,<\/a>&nbsp;por c\u00f3pia simples, sem precisar ir \u00e0 ag\u00eancia com o documento original. A expectativa do INSS, \u00e9, at\u00e9 junho, cumprir o prazo recentemente estipulado pelo Supremo Tribunal Federal, de at\u00e9 90 dias para an\u00e1lise.<\/p>\n\n\n\n<p>A an\u00e1lise do benef\u00edcio \u00e9 pela renda bruta mensal familiar, que deve ser limitada a 25% do sal\u00e1rio m\u00ednimo por pessoa da fam\u00edlia. Ou seja, em 2021, a renda mensal per capita familiar precisa ser de at\u00e9 R$ 275.<\/p>\n\n\n\n<p>Por\u00e9m, se os gastos m\u00e9dicos do idoso forem elevados e a situa\u00e7\u00e3o econ\u00f4mica justificar o a necessidade do benef\u00edcio, a concess\u00e3o \u00e9 poss\u00edvel.<br>Inscri\u00e7\u00e3o<\/p>\n\n\n\n<p>Para se candidatar ao benef\u00edcio \u00e9 obrigat\u00f3rio de estar inscrito no Cad\u00danico e com o cadastro atualizado nos \u00faltimos dois anos. O pedido do&nbsp;<a href=\"https:\/\/www.mixvale.com.br\/tag\/bpc\/\">BPC&nbsp;<\/a>pode ser feito pelo Meu INSS.<\/p>\n\n\n\n<p>Mix Val le 12.05.2021<\/p>\n","protected":false},"excerpt":{"rendered":"<p>BPC-Loas tem fila para espera de concess\u00e3o no INSS Mais de 608 mil requerimentos pelo&#8230;<\/p>\n","protected":false},"author":1,"featured_media":217,"comment_status":"open","ping_status":"closed","sticky":false,"template":"","format":"standard","meta":{"footnotes":"","jetpack_publicize_message":"","jetpack_is_tweetstorm":false,"jetpack_publicize_feature_enabled":true,"jetpack_social_post_already_shared":false,"jetpack_social_options":{"image_generator_settings":{"template":"highway","enabled":false}}},"categories":[11,28],"tags":[1137],"jetpack_publicize_connections":[],"jetpack_featured_media_url":"https:\/\/i0.wp.com\/blog.bfsadvocacia.com.br\/wp-content\/uploads\/2020\/05\/inss_sede.jpeg?fit=664%2C443&ssl=1","featured_image_urls":{"full":["https:\/\/i0.wp.com\/blog.bfsadvocacia.com.br\/wp-content\/uploads\/2020\/05\/inss_sede.jpeg?fit=664%2C443&ssl=1",664,443,false],"thumbnail":["https:\/\/i0.wp.com\/blog.bfsadvocacia.com.br\/wp-content\/uploads\/2020\/05\/inss_sede.jpeg?resize=150%2C150&ssl=1",150,150,true],"medium":["https:\/\/i0.wp.com\/blog.bfsadvocacia.com.br\/wp-content\/uploads\/2020\/05\/inss_sede.jpeg?fit=300%2C200&ssl=1",300,200,true],"medium_large":["https:\/\/i0.wp.com\/blog.bfsadvocacia.com.br\/wp-content\/uploads\/2020\/05\/inss_sede.jpeg?fit=640%2C427&ssl=1",640,427,true],"large":["https:\/\/i0.wp.com\/blog.bfsadvocacia.com.br\/wp-content\/uploads\/2020\/05\/inss_sede.jpeg?fit=640%2C427&ssl=1",640,427,true],"1536x1536":["https:\/\/i0.wp.com\/blog.bfsadvocacia.com.br\/wp-content\/uploads\/2020\/05\/inss_sede.jpeg?fit=664%2C443&ssl=1",664,443,true],"2048x2048":["https:\/\/i0.wp.com\/blog.bfsadvocacia.com.br\/wp-content\/uploads\/2020\/05\/inss_sede.jpeg?fit=664%2C443&ssl=1",664,443,true],"covernews-slider-full":["https:\/\/i0.wp.com\/blog.bfsadvocacia.com.br\/wp-content\/uploads\/2020\/05\/inss_sede.jpeg?resize=664%2C443&ssl=1",664,443,true],"covernews-slider-center":["https:\/\/i0.wp.com\/blog.bfsadvocacia.com.br\/wp-content\/uploads\/2020\/05\/inss_sede.jpeg?resize=664%2C443&ssl=1",664,443,true],"covernews-featured":["https:\/\/i0.wp.com\/blog.bfsadvocacia.com.br\/wp-content\/uploads\/2020\/05\/inss_sede.jpeg?fit=664%2C443&ssl=1",664,443,true],"covernews-medium":["https:\/\/i0.wp.com\/blog.bfsadvocacia.com.br\/wp-content\/uploads\/2020\/05\/inss_sede.jpeg?resize=540%2C309&ssl=1",540,309,true],"covernews-medium-square":["https:\/\/i0.wp.com\/blog.bfsadvocacia.com.br\/wp-content\/uploads\/2020\/05\/inss_sede.jpeg?resize=400%2C250&ssl=1",400,250,true]},"author_info":{"display_name":"bfsadvocacia","author_link":"https:\/\/blog.bfsadvocacia.com.br\/index.php\/author\/bfsadvocacia\/"},"category_info":"<a href=\"https:\/\/blog.bfsadvocacia.com.br\/index.php\/category\/advogado-sp\/\" rel=\"category tag\">advogado sp<\/a> <a href=\"https:\/\/blog.bfsadvocacia.com.br\/index.php\/category\/atualidades-juridicas\/\" rel=\"category tag\">atualidades jur\u00eddicas<\/a>","tag_info":"atualidades jur\u00eddicas","comment_count":"0","amp_enabled":true,"_links":{"self":[{"href":"https:\/\/blog.bfsadvocacia.com.br\/index.php\/wp-json\/wp\/v2\/posts\/1295"}],"collection":[{"href":"https:\/\/blog.bfsadvocacia.com.br\/index.php\/wp-json\/wp\/v2\/posts"}],"about":[{"href":"https:\/\/blog.bfsadvocacia.com.br\/index.php\/wp-json\/wp\/v2\/types\/post"}],"author":[{"embeddable":true,"href":"https:\/\/blog.bfsadvocacia.com.br\/index.php\/wp-json\/wp\/v2\/users\/1"}],"replies":[{"embeddable":true,"href":"https:\/\/blog.bfsadvocacia.com.br\/index.php\/wp-json\/wp\/v2\/comments?post=1295"}],"version-history":[{"count":2,"href":"https:\/\/blog.bfsadvocacia.com.br\/index.php\/wp-json\/wp\/v2\/posts\/1295\/revisions"}],"predecessor-version":[{"id":1315,"href":"https:\/\/blog.bfsadvocacia.com.br\/index.php\/wp-json\/wp\/v2\/posts\/1295\/revisions\/1315"}],"wp:featuredmedia":[{"embeddable":true,"href":"https:\/\/blog.bfsadvocacia.com.br\/index.php\/wp-json\/wp\/v2\/media\/217"}],"wp:attachment":[{"href":"https:\/\/blog.bfsadvocacia.com.br\/index.php\/wp-json\/wp\/v2\/media?parent=1295"}],"wp:term":[{"taxonomy":"category","embeddable":true,"href":"https:\/\/blog.bfsadvocacia.com.br\/index.php\/wp-json\/wp\/v2\/categories?post=1295"},{"taxonomy":"post_tag","embeddable":true,"href":"https:\/\/blog.bfsadvocacia.com.br\/index.php\/wp-json\/wp\/v2\/tags?post=1295"}],"curies":[{"name":"wp","href":"https:\/\/api.w.org\/{rel}","templated":true}]}}