{"id":1298,"date":"2021-05-13T14:03:18","date_gmt":"2021-05-13T17:03:18","guid":{"rendered":"http:\/\/blog.bfsadvocacia.com.br\/?p=1298"},"modified":"2021-05-13T17:53:06","modified_gmt":"2021-05-13T20:53:06","slug":"a-concessao-de-auxilio-doenca-sem-realizacao-de-pericia-medica-presencial","status":"publish","type":"post","link":"https:\/\/blog.bfsadvocacia.com.br\/index.php\/2021\/05\/13\/a-concessao-de-auxilio-doenca-sem-realizacao-de-pericia-medica-presencial\/","title":{"rendered":"A Concess\u00e3o de Aux\u00edlio-Doen\u00e7a sem realiza\u00e7\u00e3o de Per\u00edcia M\u00e9dica Presencial"},"content":{"rendered":"\n<p>Na data de 31 de mar\u00e7o de 2021 foi publicada a Portaria Conjunta SEPRT\/ME\/INSS N\u00ba 32, a fim de regulamentar o disposto no artigo 6\u00ba, da Lei n\u00ba 14.131, sancionada na mesma data, que trouxe uma importante altera\u00e7\u00e3o no processo de concess\u00e3o do aux\u00edlio doen\u00e7a sem a realiza\u00e7\u00e3o de per\u00edcia presencial, no atual momento, gerado pela pandemia do Covid-19.<\/p>\n\n\n\n<p><br>O benef\u00edcio de aux\u00edlio-doen\u00e7a, atualmente, denominado por Aux\u00edlio por Incapacidade Tempor\u00e1ria, \u00e9 benef\u00edcio concedido pelo Instituto Nacional do Seguro Social, INSS, \u00e0queles que, acometidos por doen\u00e7a, apresente incapacidade tempor\u00e1ria para o exerc\u00edcio da atividade laboral que lhe garanta subsist\u00eancia.<\/p>\n\n\n\n<p><br>Para o deferimento do benef\u00edcio, al\u00e9m da comprova\u00e7\u00e3o da incapacidade, o segurado deve comprovar qualidade de segurado e car\u00eancia m\u00ednima exigida pela legisla\u00e7\u00e3o. Anteriormente \u00e0 edi\u00e7\u00e3o da Portaria Conjunta, a comprova\u00e7\u00e3o da incapacidade se dava pela submiss\u00e3o do segurado \u00e0 per\u00edcia m\u00e9dica. Com a nova regulamenta\u00e7\u00e3o, at\u00e9 dezembro de 2021, os benef\u00edcios por incapacidade poder\u00e3o ser deferidos com an\u00e1lise dos documentos m\u00e9dicos, pelo atendimento \u00e0 dist\u00e2ncia no Portal do Meu INSS.<\/p>\n\n\n\n<p><br>Contudo, o prazo m\u00e1ximo para concess\u00e3o do benef\u00edcio ser\u00e1 de 90 dias, sendo vedada a prorroga\u00e7\u00e3o. As dificuldades e d\u00favidas geradas ao cidad\u00e3o, neste per\u00edodo, podem ser sanadas com o planejamento previdenci\u00e1rio, nas mat\u00e9rias atinentes ao benef\u00edcio por incapacidade, a ser realizado por advogado especializado, j\u00e1 que ser\u00e1 necess\u00e1rio analisar qual o melhor benef\u00edcio ao segurado, conforme cada caso espec\u00edfico.<\/p>\n\n\n\n<h6 class=\"wp-block-heading\">Bruno Ferreira Silva, Advogado, especialista em Direito Previdenci\u00e1rio e Acident\u00e1rio \u2013 <a href=\"mailto:contato@bfsadvocacia.com.br\" target=\"_blank\" rel=\"noreferrer noopener\">contato@bfsadvocacia.com.br<\/a><\/h6>\n\n\n\n<p>Leia tamb\u00e9m:<\/p>\n\n\n\n<ul><li><a rel=\"noreferrer noopener\" href=\"https:\/\/bit.ly\/3fvgrRV\" target=\"_blank\">Incapacidade de segurado para a concess\u00e3o de aux\u00edlio-doen\u00e7a ou aposentadoria por invalidez deve ser atestada por laudo pericial<\/a><\/li><li><a rel=\"noreferrer noopener\" href=\"https:\/\/bit.ly\/3tFf5J3\" target=\"_blank\">TRF4 confirma direito de receber aposentadoria por invalidez a idoso que teve aux\u00edlio-doen\u00e7a cancelado pelo INSS<\/a><\/li><li><a rel=\"noreferrer noopener\" href=\"https:\/\/bit.ly\/33DKP71\" target=\"_blank\">C\u00e1lculo de atrasados de aux\u00edlio-doen\u00e7a deve contemplar per\u00edodos de trabalho do segurado ap\u00f3s o indeferimento do pedido pelo INSS<\/a><\/li><\/ul>\n","protected":false},"excerpt":{"rendered":"<p>Para o deferimento do benef\u00edcio, al\u00e9m da comprova\u00e7\u00e3o da incapacidade, o segurado deve comprovar os requisitos legais espec\u00edficos<\/p>\n","protected":false},"author":1,"featured_media":1299,"comment_status":"open","ping_status":"closed","sticky":false,"template":"","format":"standard","meta":{"footnotes":"","jetpack_publicize_message":"","jetpack_is_tweetstorm":false,"jetpack_publicize_feature_enabled":true,"jetpack_social_post_already_shared":false,"jetpack_social_options":{"image_generator_settings":{"template":"highway","enabled":false}}},"categories":[11,12],"tags":[1139,117,134,186,135,1138],"jetpack_publicize_connections":[],"jetpack_featured_media_url":"https:\/\/i0.wp.com\/blog.bfsadvocacia.com.br\/wp-content\/uploads\/2021\/05\/pexels-photo-4506105.jpeg?fit=1880%2C1253&ssl=1","featured_image_urls":{"full":["https:\/\/i0.wp.com\/blog.bfsadvocacia.com.br\/wp-content\/uploads\/2021\/05\/pexels-photo-4506105.jpeg?fit=1880%2C1253&ssl=1",1880,1253,false],"thumbnail":["https:\/\/i0.wp.com\/blog.bfsadvocacia.com.br\/wp-content\/uploads\/2021\/05\/pexels-photo-4506105.jpeg?resize=150%2C150&ssl=1",150,150,true],"medium":["https:\/\/i0.wp.com\/blog.bfsadvocacia.com.br\/wp-content\/uploads\/2021\/05\/pexels-photo-4506105.jpeg?fit=300%2C200&ssl=1",300,200,true],"medium_large":["https:\/\/i0.wp.com\/blog.bfsadvocacia.com.br\/wp-content\/uploads\/2021\/05\/pexels-photo-4506105.jpeg?fit=640%2C427&ssl=1",640,427,true],"large":["https:\/\/i0.wp.com\/blog.bfsadvocacia.com.br\/wp-content\/uploads\/2021\/05\/pexels-photo-4506105.jpeg?fit=640%2C426&ssl=1",640,426,true],"1536x1536":["https:\/\/i0.wp.com\/blog.bfsadvocacia.com.br\/wp-content\/uploads\/2021\/05\/pexels-photo-4506105.jpeg?fit=1536%2C1024&ssl=1",1536,1024,true],"2048x2048":["https:\/\/i0.wp.com\/blog.bfsadvocacia.com.br\/wp-content\/uploads\/2021\/05\/pexels-photo-4506105.jpeg?fit=1880%2C1253&ssl=1",1880,1253,true],"covernews-slider-full":["https:\/\/i0.wp.com\/blog.bfsadvocacia.com.br\/wp-content\/uploads\/2021\/05\/pexels-photo-4506105.jpeg?resize=1077%2C715&ssl=1",1077,715,true],"covernews-slider-center":["https:\/\/i0.wp.com\/blog.bfsadvocacia.com.br\/wp-content\/uploads\/2021\/05\/pexels-photo-4506105.jpeg?resize=522%2C500&ssl=1",522,500,true],"covernews-featured":["https:\/\/i0.wp.com\/blog.bfsadvocacia.com.br\/wp-content\/uploads\/2021\/05\/pexels-photo-4506105.jpeg?fit=1024%2C682&ssl=1",1024,682,true],"covernews-medium":["https:\/\/i0.wp.com\/blog.bfsadvocacia.com.br\/wp-content\/uploads\/2021\/05\/pexels-photo-4506105.jpeg?resize=540%2C285&ssl=1",540,285,true],"covernews-medium-square":["https:\/\/i0.wp.com\/blog.bfsadvocacia.com.br\/wp-content\/uploads\/2021\/05\/pexels-photo-4506105.jpeg?resize=375%2C250&ssl=1",375,250,true]},"author_info":{"display_name":"bfsadvocacia","author_link":"https:\/\/blog.bfsadvocacia.com.br\/index.php\/author\/bfsadvocacia\/"},"category_info":"<a href=\"https:\/\/blog.bfsadvocacia.com.br\/index.php\/category\/advogado-sp\/\" rel=\"category tag\">advogado sp<\/a> <a href=\"https:\/\/blog.bfsadvocacia.com.br\/index.php\/category\/direito-previdenciario\/\" rel=\"category tag\">Direito Previdenci\u00e1rio<\/a>","tag_info":"Direito Previdenci\u00e1rio","comment_count":"0","amp_enabled":true,"_links":{"self":[{"href":"https:\/\/blog.bfsadvocacia.com.br\/index.php\/wp-json\/wp\/v2\/posts\/1298"}],"collection":[{"href":"https:\/\/blog.bfsadvocacia.com.br\/index.php\/wp-json\/wp\/v2\/posts"}],"about":[{"href":"https:\/\/blog.bfsadvocacia.com.br\/index.php\/wp-json\/wp\/v2\/types\/post"}],"author":[{"embeddable":true,"href":"https:\/\/blog.bfsadvocacia.com.br\/index.php\/wp-json\/wp\/v2\/users\/1"}],"replies":[{"embeddable":true,"href":"https:\/\/blog.bfsadvocacia.com.br\/index.php\/wp-json\/wp\/v2\/comments?post=1298"}],"version-history":[{"count":1,"href":"https:\/\/blog.bfsadvocacia.com.br\/index.php\/wp-json\/wp\/v2\/posts\/1298\/revisions"}],"predecessor-version":[{"id":1300,"href":"https:\/\/blog.bfsadvocacia.com.br\/index.php\/wp-json\/wp\/v2\/posts\/1298\/revisions\/1300"}],"wp:featuredmedia":[{"embeddable":true,"href":"https:\/\/blog.bfsadvocacia.com.br\/index.php\/wp-json\/wp\/v2\/media\/1299"}],"wp:attachment":[{"href":"https:\/\/blog.bfsadvocacia.com.br\/index.php\/wp-json\/wp\/v2\/media?parent=1298"}],"wp:term":[{"taxonomy":"category","embeddable":true,"href":"https:\/\/blog.bfsadvocacia.com.br\/index.php\/wp-json\/wp\/v2\/categories?post=1298"},{"taxonomy":"post_tag","embeddable":true,"href":"https:\/\/blog.bfsadvocacia.com.br\/index.php\/wp-json\/wp\/v2\/tags?post=1298"}],"curies":[{"name":"wp","href":"https:\/\/api.w.org\/{rel}","templated":true}]}}