{"id":1391,"date":"2021-07-21T07:42:00","date_gmt":"2021-07-21T10:42:00","guid":{"rendered":"http:\/\/blog.bfsadvocacia.com.br\/?p=1391"},"modified":"2021-07-21T16:45:19","modified_gmt":"2021-07-21T19:45:19","slug":"administradores-de-restaurante-sao-condenados-por-apropriacao-indebita-previdenciaria","status":"publish","type":"post","link":"https:\/\/blog.bfsadvocacia.com.br\/index.php\/2021\/07\/21\/administradores-de-restaurante-sao-condenados-por-apropriacao-indebita-previdenciaria\/","title":{"rendered":"Administradores de restaurante s\u00e3o condenados por apropria\u00e7\u00e3o ind\u00e9bita previdenci\u00e1ria"},"content":{"rendered":"\n<p>A Quinta Turma do Tribunal Regional Federal da 3\u00aa Regi\u00e3o (TRF3) manteve senten\u00e7a e condenou&nbsp;dois&nbsp;s\u00f3cios-administradores&nbsp;de&nbsp;um&nbsp;restaurante,&nbsp;em Sorocaba\/SP,&nbsp;por terem&nbsp;deixado de recolher&nbsp;cerca de R$ 90 mil&nbsp;ao Instituto Nacional do Seguro Social (INSS)&nbsp;de&nbsp;contribui\u00e7\u00f5es descontadas&nbsp;dos sal\u00e1rios dos&nbsp;empregados,&nbsp;entre 2010 e 2017.&nbsp;&nbsp;<\/p>\n\n\n\n<p>Para o colegiado, a materialidade e autoria&nbsp;do crime&nbsp;restaram demonstradas por meio de testemunhos, documenta\u00e7\u00e3o e provas anexadas ao processo.&nbsp;&nbsp;<\/p>\n\n\n\n<p>De acordo com os autos, os&nbsp;s\u00f3cios&nbsp;eram respons\u00e1veis&nbsp;pela administra\u00e7\u00e3o do restaurante&nbsp;e n\u00e3o recolheram&nbsp;\u00e0 autarquia federal, no prazo legal,&nbsp;as contribui\u00e7\u00f5es previdenci\u00e1rias.&nbsp;A pr\u00e1tica ilegal&nbsp;foi&nbsp;efetuada&nbsp;mensalmente e de forma continuada.&nbsp;Os fatos foram comprovados por meio de fiscaliza\u00e7\u00f5es que originaram Certid\u00f5es de D\u00edvida Ativa da Uni\u00e3o (CDAs).&nbsp;<\/p>\n\n\n\n<p>Em primeira inst\u00e2ncia, a Justi\u00e7a Federal havia condenado os dois&nbsp;pelo delito de apropria\u00e7\u00e3o ind\u00e9bita previdenci\u00e1ria. Os&nbsp;r\u00e9us&nbsp;recorreram&nbsp;ao TRF3&nbsp;e alegaram&nbsp;aus\u00eancia&nbsp;de dolo,&nbsp;falta&nbsp;ou insufici\u00eancia de provas&nbsp;e reconhecimento&nbsp;de exclus\u00e3o da culpabilidade&nbsp;pelas dificuldades financeiras da empresa.&nbsp;&nbsp;&nbsp;<\/p>\n\n\n\n<p>Ao analisar o caso,&nbsp;o&nbsp;desembargador federal relator&nbsp;Mauricio Kato&nbsp;desconsiderou os argumentos da defesa.&nbsp;\u201cO&nbsp;dolo gen\u00e9rico \u00e9 suficiente para configura\u00e7\u00e3o do tipo penal, caracterizado pela conduta de descontar o tributo da folha de sal\u00e1rios e deixar de repassar \u00e0 autarquia, sendo desnecess\u00e1ria a ocorr\u00eancia de fraude e a comprova\u00e7\u00e3o do \u00e2nimo de apropria\u00e7\u00e3o\u201d, afirmou.&nbsp;<\/p>\n\n\n\n<p>O&nbsp;magistrado&nbsp;explicou&nbsp;ainda que os r\u00e9us n\u00e3o comprovaram a&nbsp;exclus\u00e3o da culpabilidade. \u201c\u00c9&nbsp;necess\u00e1ria a demonstra\u00e7\u00e3o de que a omiss\u00e3o no repasse ao INSS das contribui\u00e7\u00f5es descontadas foi a \u00faltima alternativa da qual se valeu o empres\u00e1rio para evitar a quebra.&nbsp;A&nbsp;crise financeira deve atingir n\u00e3o apenas as atividades empresariais, mas tamb\u00e9m os interesses de funcion\u00e1rios e de credores, bem como a vida pessoal dos administradores, al\u00e9m de prova cabal de que a situa\u00e7\u00e3o desfavor\u00e1vel n\u00e3o decorreu de inabilidade, imprud\u00eancia ou temeridade na administra\u00e7\u00e3o dos neg\u00f3cios\u201d,&nbsp;concluiu.&nbsp;<\/p>\n\n\n\n<p>Assim,&nbsp;a Quinta Turma, por maioria, decidiu negar provimento ao recurso da defesa. A pena foi estabelecida em&nbsp;dois&nbsp;anos&nbsp;e&nbsp;quatro&nbsp;meses&nbsp;de reclus\u00e3o&nbsp;(substitu\u00edda por restritiva de direitos) e&nbsp;ao pagamento de&nbsp;11&nbsp;dias-multa.&nbsp;&nbsp;&nbsp;<\/p>\n\n\n\n<p>Apela\u00e7\u00e3o Criminal 0003896-05.2018.4.03.6110<\/p>\n\n\n\n<p>TRF3 20.07.2021<\/p>\n","protected":false},"excerpt":{"rendered":"<p>R\u00e9us n\u00e3o repassaram ao INSS cerca de R$ 90 mil descontados dos empregados  <\/p>\n","protected":false},"author":1,"featured_media":1392,"comment_status":"open","ping_status":"closed","sticky":false,"template":"","format":"standard","meta":{"footnotes":"","jetpack_publicize_message":"","jetpack_is_tweetstorm":false,"jetpack_publicize_feature_enabled":true,"jetpack_social_post_already_shared":false,"jetpack_social_options":{"image_generator_settings":{"template":"highway","enabled":false}}},"categories":[11,28,12],"tags":[1193,318,270],"jetpack_publicize_connections":[],"jetpack_featured_media_url":"https:\/\/i0.wp.com\/blog.bfsadvocacia.com.br\/wp-content\/uploads\/2021\/07\/pexels-photo-4475523.jpeg?fit=1880%2C1253&ssl=1","featured_image_urls":{"full":["https:\/\/i0.wp.com\/blog.bfsadvocacia.com.br\/wp-content\/uploads\/2021\/07\/pexels-photo-4475523.jpeg?fit=1880%2C1253&ssl=1",1880,1253,false],"thumbnail":["https:\/\/i0.wp.com\/blog.bfsadvocacia.com.br\/wp-content\/uploads\/2021\/07\/pexels-photo-4475523.jpeg?resize=150%2C150&ssl=1",150,150,true],"medium":["https:\/\/i0.wp.com\/blog.bfsadvocacia.com.br\/wp-content\/uploads\/2021\/07\/pexels-photo-4475523.jpeg?fit=300%2C200&ssl=1",300,200,true],"medium_large":["https:\/\/i0.wp.com\/blog.bfsadvocacia.com.br\/wp-content\/uploads\/2021\/07\/pexels-photo-4475523.jpeg?fit=640%2C427&ssl=1",640,427,true],"large":["https:\/\/i0.wp.com\/blog.bfsadvocacia.com.br\/wp-content\/uploads\/2021\/07\/pexels-photo-4475523.jpeg?fit=640%2C426&ssl=1",640,426,true],"1536x1536":["https:\/\/i0.wp.com\/blog.bfsadvocacia.com.br\/wp-content\/uploads\/2021\/07\/pexels-photo-4475523.jpeg?fit=1536%2C1024&ssl=1",1536,1024,true],"2048x2048":["https:\/\/i0.wp.com\/blog.bfsadvocacia.com.br\/wp-content\/uploads\/2021\/07\/pexels-photo-4475523.jpeg?fit=1880%2C1253&ssl=1",1880,1253,true],"covernews-slider-full":["https:\/\/i0.wp.com\/blog.bfsadvocacia.com.br\/wp-content\/uploads\/2021\/07\/pexels-photo-4475523.jpeg?resize=1077%2C715&ssl=1",1077,715,true],"covernews-slider-center":["https:\/\/i0.wp.com\/blog.bfsadvocacia.com.br\/wp-content\/uploads\/2021\/07\/pexels-photo-4475523.jpeg?resize=522%2C500&ssl=1",522,500,true],"covernews-featured":["https:\/\/i0.wp.com\/blog.bfsadvocacia.com.br\/wp-content\/uploads\/2021\/07\/pexels-photo-4475523.jpeg?fit=1024%2C682&ssl=1",1024,682,true],"covernews-medium":["https:\/\/i0.wp.com\/blog.bfsadvocacia.com.br\/wp-content\/uploads\/2021\/07\/pexels-photo-4475523.jpeg?resize=540%2C285&ssl=1",540,285,true],"covernews-medium-square":["https:\/\/i0.wp.com\/blog.bfsadvocacia.com.br\/wp-content\/uploads\/2021\/07\/pexels-photo-4475523.jpeg?resize=375%2C250&ssl=1",375,250,true]},"author_info":{"display_name":"bfsadvocacia","author_link":"https:\/\/blog.bfsadvocacia.com.br\/index.php\/author\/bfsadvocacia\/"},"category_info":"<a href=\"https:\/\/blog.bfsadvocacia.com.br\/index.php\/category\/advogado-sp\/\" rel=\"category tag\">advogado sp<\/a> <a href=\"https:\/\/blog.bfsadvocacia.com.br\/index.php\/category\/atualidades-juridicas\/\" rel=\"category tag\">atualidades jur\u00eddicas<\/a> <a href=\"https:\/\/blog.bfsadvocacia.com.br\/index.php\/category\/direito-previdenciario\/\" rel=\"category tag\">Direito Previdenci\u00e1rio<\/a>","tag_info":"Direito Previdenci\u00e1rio","comment_count":"0","amp_enabled":true,"_links":{"self":[{"href":"https:\/\/blog.bfsadvocacia.com.br\/index.php\/wp-json\/wp\/v2\/posts\/1391"}],"collection":[{"href":"https:\/\/blog.bfsadvocacia.com.br\/index.php\/wp-json\/wp\/v2\/posts"}],"about":[{"href":"https:\/\/blog.bfsadvocacia.com.br\/index.php\/wp-json\/wp\/v2\/types\/post"}],"author":[{"embeddable":true,"href":"https:\/\/blog.bfsadvocacia.com.br\/index.php\/wp-json\/wp\/v2\/users\/1"}],"replies":[{"embeddable":true,"href":"https:\/\/blog.bfsadvocacia.com.br\/index.php\/wp-json\/wp\/v2\/comments?post=1391"}],"version-history":[{"count":1,"href":"https:\/\/blog.bfsadvocacia.com.br\/index.php\/wp-json\/wp\/v2\/posts\/1391\/revisions"}],"predecessor-version":[{"id":1393,"href":"https:\/\/blog.bfsadvocacia.com.br\/index.php\/wp-json\/wp\/v2\/posts\/1391\/revisions\/1393"}],"wp:featuredmedia":[{"embeddable":true,"href":"https:\/\/blog.bfsadvocacia.com.br\/index.php\/wp-json\/wp\/v2\/media\/1392"}],"wp:attachment":[{"href":"https:\/\/blog.bfsadvocacia.com.br\/index.php\/wp-json\/wp\/v2\/media?parent=1391"}],"wp:term":[{"taxonomy":"category","embeddable":true,"href":"https:\/\/blog.bfsadvocacia.com.br\/index.php\/wp-json\/wp\/v2\/categories?post=1391"},{"taxonomy":"post_tag","embeddable":true,"href":"https:\/\/blog.bfsadvocacia.com.br\/index.php\/wp-json\/wp\/v2\/tags?post=1391"}],"curies":[{"name":"wp","href":"https:\/\/api.w.org\/{rel}","templated":true}]}}