{"id":1398,"date":"2021-07-22T07:48:00","date_gmt":"2021-07-22T10:48:00","guid":{"rendered":"http:\/\/blog.bfsadvocacia.com.br\/?p=1398"},"modified":"2021-07-21T16:51:08","modified_gmt":"2021-07-21T19:51:08","slug":"trf4-concede-beneficio-assistencial-a-mulher-com-hiv-rejeitada-socialmente","status":"publish","type":"post","link":"https:\/\/blog.bfsadvocacia.com.br\/index.php\/2021\/07\/22\/trf4-concede-beneficio-assistencial-a-mulher-com-hiv-rejeitada-socialmente\/","title":{"rendered":"TRF4 concede benef\u00edcio assistencial a mulher com HIV rejeitada socialmente"},"content":{"rendered":"\n<p>O Tribunal Regional Federal da 4\u00aa Regi\u00e3o (TRF4) concedeu no in\u00edcio de julho (7\/7) benef\u00edcio assistencial a uma mulher de 30 anos com HIV. A 6\u00aa Turma da Corte entendeu que ficou evidenciada a incapacidade da autora com rela\u00e7\u00e3o ao trabalho devido ao estigma social, al\u00e9m de a renda familiar dela ser insuficiente.<\/p>\n\n\n\n<p>O Benef\u00edcio Assistencial ou Benef\u00edcio de Presta\u00e7\u00e3o Continuada \u00e9 concedido pelo Instituto Nacional do Seguro Social (INSS) para garantir um sal\u00e1rio m\u00ednimo mensal a pessoas que n\u00e3o possuem meios de prover a pr\u00f3pria subsist\u00eancia, como idosos e pessoas com defici\u00eancia.<\/p>\n\n\n\n<p>A autora \u00e9 catadora de recicl\u00e1veis, vive com a m\u00e3e e dois filhos pequenos. Ap\u00f3s ter o benef\u00edcio negado administrativamente, ela ajuizou a\u00e7\u00e3o na Justi\u00e7a Federal, que, em primeira inst\u00e2ncia, negou o pedido sob o argumento de que ela n\u00e3o tinha uma defici\u00eancia.<\/p>\n\n\n\n<p>O advogado da mulher recorreu ao Tribunal. O juiz federal convocado para atuar na Corte, Julio Guilherme Berezoski Schattschneider, relator do caso, deu raz\u00e3o \u00e0 recorrente. Conforme o magistrado, a condi\u00e7\u00e3o de deficiente n\u00e3o est\u00e1 concentrada na incapacidade laboral e na impossibilidade de sustento, mas \u201cna exist\u00eancia de restri\u00e7\u00e3o capaz de obstaculizar a sua efetiva participa\u00e7\u00e3o social\u201d.<\/p>\n\n\n\n<p>Para o magistrado, \u201cdiante da resist\u00eancia de parte da sociedade em aceitar com normalidade pessoas portadoras dessa mol\u00e9stia, sua inser\u00e7\u00e3o no mercado de trabalho praticamente inexiste\u201d. O relator pontuou ainda que a fam\u00edlia est\u00e1 recebendo bolsa fam\u00edlia, o que \u00e9 um forte indicativo de que se encontra em situa\u00e7\u00e3o de risco social.<\/p>\n\n\n\n<p>Schattschneider acrescentou que embora se trate de pessoa jovem, com 30 anos de idade, apresenta baixa instru\u00e7\u00e3o e \u00e9 catadora de latinhas (de acordo com o perito), atividade que a exp\u00f5e a contato direto com produtos qu\u00edmicos, objetos n\u00e3o higienizados e contaminados, o que, segundo ele, \u201c\u00e9 extremamente perigoso em raz\u00e3o de sua baixa imunidade\u201d.<\/p>\n\n\n\n<p>O benef\u00edcio dever\u00e1 ser implementado em at\u00e9 45 dias, contados a partir da data do ac\u00f3rd\u00e3o, e o INSS dever\u00e1 pagar ainda os valores retroativos a partir da data do requerimento administrativo, em fevereiro de 2017, acrescidos de juros e corre\u00e7\u00e3o monet\u00e1ria.<\/p>\n\n\n\n<p>TRF4 20.07.2021<\/p>\n","protected":false},"excerpt":{"rendered":"<p>O Tribunal Regional Federal da 4\u00aa Regi\u00e3o (TRF4) concedeu no in\u00edcio de julho (7\/7) benef\u00edcio&#8230;<\/p>\n","protected":false},"author":1,"featured_media":1399,"comment_status":"open","ping_status":"closed","sticky":false,"template":"","format":"standard","meta":{"footnotes":"","jetpack_publicize_message":"","jetpack_is_tweetstorm":false,"jetpack_publicize_feature_enabled":true,"jetpack_social_post_already_shared":false,"jetpack_social_options":{"image_generator_settings":{"template":"highway","enabled":false}}},"categories":[11,12],"tags":[63,1136,680,1196],"jetpack_publicize_connections":[],"jetpack_featured_media_url":"https:\/\/i0.wp.com\/blog.bfsadvocacia.com.br\/wp-content\/uploads\/2021\/07\/pexels-photo-3900465.jpeg?fit=1880%2C1253&ssl=1","featured_image_urls":{"full":["https:\/\/i0.wp.com\/blog.bfsadvocacia.com.br\/wp-content\/uploads\/2021\/07\/pexels-photo-3900465.jpeg?fit=1880%2C1253&ssl=1",1880,1253,false],"thumbnail":["https:\/\/i0.wp.com\/blog.bfsadvocacia.com.br\/wp-content\/uploads\/2021\/07\/pexels-photo-3900465.jpeg?resize=150%2C150&ssl=1",150,150,true],"medium":["https:\/\/i0.wp.com\/blog.bfsadvocacia.com.br\/wp-content\/uploads\/2021\/07\/pexels-photo-3900465.jpeg?fit=300%2C200&ssl=1",300,200,true],"medium_large":["https:\/\/i0.wp.com\/blog.bfsadvocacia.com.br\/wp-content\/uploads\/2021\/07\/pexels-photo-3900465.jpeg?fit=640%2C427&ssl=1",640,427,true],"large":["https:\/\/i0.wp.com\/blog.bfsadvocacia.com.br\/wp-content\/uploads\/2021\/07\/pexels-photo-3900465.jpeg?fit=640%2C426&ssl=1",640,426,true],"1536x1536":["https:\/\/i0.wp.com\/blog.bfsadvocacia.com.br\/wp-content\/uploads\/2021\/07\/pexels-photo-3900465.jpeg?fit=1536%2C1024&ssl=1",1536,1024,true],"2048x2048":["https:\/\/i0.wp.com\/blog.bfsadvocacia.com.br\/wp-content\/uploads\/2021\/07\/pexels-photo-3900465.jpeg?fit=1880%2C1253&ssl=1",1880,1253,true],"covernews-slider-full":["https:\/\/i0.wp.com\/blog.bfsadvocacia.com.br\/wp-content\/uploads\/2021\/07\/pexels-photo-3900465.jpeg?resize=1077%2C715&ssl=1",1077,715,true],"covernews-slider-center":["https:\/\/i0.wp.com\/blog.bfsadvocacia.com.br\/wp-content\/uploads\/2021\/07\/pexels-photo-3900465.jpeg?resize=522%2C500&ssl=1",522,500,true],"covernews-featured":["https:\/\/i0.wp.com\/blog.bfsadvocacia.com.br\/wp-content\/uploads\/2021\/07\/pexels-photo-3900465.jpeg?fit=1024%2C682&ssl=1",1024,682,true],"covernews-medium":["https:\/\/i0.wp.com\/blog.bfsadvocacia.com.br\/wp-content\/uploads\/2021\/07\/pexels-photo-3900465.jpeg?resize=540%2C285&ssl=1",540,285,true],"covernews-medium-square":["https:\/\/i0.wp.com\/blog.bfsadvocacia.com.br\/wp-content\/uploads\/2021\/07\/pexels-photo-3900465.jpeg?resize=375%2C250&ssl=1",375,250,true]},"author_info":{"display_name":"bfsadvocacia","author_link":"https:\/\/blog.bfsadvocacia.com.br\/index.php\/author\/bfsadvocacia\/"},"category_info":"<a href=\"https:\/\/blog.bfsadvocacia.com.br\/index.php\/category\/advogado-sp\/\" rel=\"category tag\">advogado sp<\/a> <a href=\"https:\/\/blog.bfsadvocacia.com.br\/index.php\/category\/direito-previdenciario\/\" rel=\"category tag\">Direito Previdenci\u00e1rio<\/a>","tag_info":"Direito Previdenci\u00e1rio","comment_count":"0","amp_enabled":true,"_links":{"self":[{"href":"https:\/\/blog.bfsadvocacia.com.br\/index.php\/wp-json\/wp\/v2\/posts\/1398"}],"collection":[{"href":"https:\/\/blog.bfsadvocacia.com.br\/index.php\/wp-json\/wp\/v2\/posts"}],"about":[{"href":"https:\/\/blog.bfsadvocacia.com.br\/index.php\/wp-json\/wp\/v2\/types\/post"}],"author":[{"embeddable":true,"href":"https:\/\/blog.bfsadvocacia.com.br\/index.php\/wp-json\/wp\/v2\/users\/1"}],"replies":[{"embeddable":true,"href":"https:\/\/blog.bfsadvocacia.com.br\/index.php\/wp-json\/wp\/v2\/comments?post=1398"}],"version-history":[{"count":1,"href":"https:\/\/blog.bfsadvocacia.com.br\/index.php\/wp-json\/wp\/v2\/posts\/1398\/revisions"}],"predecessor-version":[{"id":1400,"href":"https:\/\/blog.bfsadvocacia.com.br\/index.php\/wp-json\/wp\/v2\/posts\/1398\/revisions\/1400"}],"wp:featuredmedia":[{"embeddable":true,"href":"https:\/\/blog.bfsadvocacia.com.br\/index.php\/wp-json\/wp\/v2\/media\/1399"}],"wp:attachment":[{"href":"https:\/\/blog.bfsadvocacia.com.br\/index.php\/wp-json\/wp\/v2\/media?parent=1398"}],"wp:term":[{"taxonomy":"category","embeddable":true,"href":"https:\/\/blog.bfsadvocacia.com.br\/index.php\/wp-json\/wp\/v2\/categories?post=1398"},{"taxonomy":"post_tag","embeddable":true,"href":"https:\/\/blog.bfsadvocacia.com.br\/index.php\/wp-json\/wp\/v2\/tags?post=1398"}],"curies":[{"name":"wp","href":"https:\/\/api.w.org\/{rel}","templated":true}]}}