{"id":1402,"date":"2021-07-01T07:51:00","date_gmt":"2021-07-01T10:51:00","guid":{"rendered":"http:\/\/blog.bfsadvocacia.com.br\/?p=1402"},"modified":"2021-07-21T16:55:54","modified_gmt":"2021-07-21T19:55:54","slug":"trf3-confirma-contagem-de-tempo-especial-e-concede-aposentadoria-para-cobrador-de-onibus","status":"publish","type":"post","link":"https:\/\/blog.bfsadvocacia.com.br\/index.php\/2021\/07\/01\/trf3-confirma-contagem-de-tempo-especial-e-concede-aposentadoria-para-cobrador-de-onibus\/","title":{"rendered":"TRF3 confirma contagem de tempo especial e concede aposentadoria para cobrador de \u00f4nibus"},"content":{"rendered":"\n<p>A desembargadora federal Lucia&nbsp;Ursaia, da D\u00e9cima Turma do Tribunal Regional Federal da 3\u00aa Regi\u00e3o (TRF3), confirmou senten\u00e7a&nbsp;e&nbsp;reconheceu como atividade especial per\u00edodos em que um segurado trabalhou como cobrador de \u00f4nibus. A decis\u00e3o tamb\u00e9m&nbsp;determinou ao Instituto Nacional do Seguro Social (INSS) conceder&nbsp;ao profissional o benef\u00edcio de&nbsp;aposentadoria por tempo de contribui\u00e7\u00e3o.&nbsp;<\/p>\n\n\n\n<p>Segundo a magistrada,&nbsp;as anota\u00e7\u00f5es na Carteira de Trabalho e Previd\u00eancia Social (CTPS)&nbsp;do autor&nbsp;da a\u00e7\u00e3o&nbsp;comprovaram&nbsp;que&nbsp;ele&nbsp;trabalhou&nbsp;em atividade especial nos per\u00edodos de 1\/3\/1980 a 22\/11\/1982,&nbsp;de&nbsp;15\/04\/1983 a 30\/9\/1986 e de 26\/9\/1990 a 5\/3\/1997.&nbsp;<\/p>\n\n\n\n<p>O&nbsp;enquadramento da categoria profissional de cobrador de \u00f4nibus est\u00e1 classificado nos&nbsp;Decretos&nbsp;n\u00ba 53.831\/64&nbsp;e n\u00ba 83.080\/79.&nbsp;\u201cAssim, restou devidamente comprovado nos autos o exerc\u00edcio de atividade especial pela parte autora nos per\u00edodos indicados, conforme a legisla\u00e7\u00e3o aplic\u00e1vel \u00e0 esp\u00e9cie\u201d, frisou&nbsp;a magistrada.&nbsp;<\/p>\n\n\n\n<p>A relatora ainda ponderou que a utiliza\u00e7\u00e3o adequada de Equipamento de Prote\u00e7\u00e3o Individual (EPI) poderia eliminar o agente insalubre&nbsp;afastando&nbsp;a&nbsp;especialidade para fins previdenci\u00e1rios. Entretanto, n\u00e3o h\u00e1 nos autos prova de efetivo fornecimento do material pelo empregador.&nbsp;&nbsp;<\/p>\n\n\n\n<p>Em primeira inst\u00e2ncia,&nbsp;a&nbsp;7\u00aa Vara Previdenci\u00e1ria&nbsp;Federal&nbsp;de S\u00e3o Paulo havia reconhecido os per\u00edodos&nbsp;como atividade especial&nbsp;e determinado&nbsp;ao INSS implantar&nbsp;a&nbsp;aposentadoria por tempo de contribui\u00e7\u00e3o. A&nbsp;autarquia&nbsp;recorreu ao TRF3&nbsp;argumentando aus\u00eancia de&nbsp;preenchimento dos requisitos.&nbsp;<\/p>\n\n\n\n<p>A desembargadora federal&nbsp;Lucia&nbsp;Ursaia&nbsp;n\u00e3o acatou os argumentos do INSS e manteve a senten\u00e7a.&nbsp;O segurado faz jus ao recebimento&nbsp;da aposentadoria&nbsp;a&nbsp;partir de 29\/8\/2016, data do requerimento&nbsp;administrativo, com corre\u00e7\u00e3o monet\u00e1ria e juros de mora.&nbsp;<\/p>\n\n\n\n<p>Apela\u00e7\u00e3o C\u00edvel 5008392-64.2018.4.03.6183\u00a0<\/p>\n\n\n\n<p>TRF3 28.06.2021<\/p>\n","protected":false},"excerpt":{"rendered":"<p>Enquadramento da categoria est\u00e1 classificado nos Decretos n\u00ba 53.831\/64 e n\u00ba 83.080\/79 <\/p>\n","protected":false},"author":1,"featured_media":1403,"comment_status":"open","ping_status":"closed","sticky":false,"template":"","format":"standard","meta":{"footnotes":"","jetpack_publicize_message":"","jetpack_is_tweetstorm":false,"jetpack_publicize_feature_enabled":true,"jetpack_social_post_already_shared":false,"jetpack_social_options":{"image_generator_settings":{"template":"highway","enabled":false}}},"categories":[11,12],"tags":[16,1197,122],"jetpack_publicize_connections":[],"jetpack_featured_media_url":"https:\/\/i0.wp.com\/blog.bfsadvocacia.com.br\/wp-content\/uploads\/2021\/07\/pexels-photo-808846.jpeg?fit=1880%2C1253&ssl=1","featured_image_urls":{"full":["https:\/\/i0.wp.com\/blog.bfsadvocacia.com.br\/wp-content\/uploads\/2021\/07\/pexels-photo-808846.jpeg?fit=1880%2C1253&ssl=1",1880,1253,false],"thumbnail":["https:\/\/i0.wp.com\/blog.bfsadvocacia.com.br\/wp-content\/uploads\/2021\/07\/pexels-photo-808846.jpeg?resize=150%2C150&ssl=1",150,150,true],"medium":["https:\/\/i0.wp.com\/blog.bfsadvocacia.com.br\/wp-content\/uploads\/2021\/07\/pexels-photo-808846.jpeg?fit=300%2C200&ssl=1",300,200,true],"medium_large":["https:\/\/i0.wp.com\/blog.bfsadvocacia.com.br\/wp-content\/uploads\/2021\/07\/pexels-photo-808846.jpeg?fit=640%2C427&ssl=1",640,427,true],"large":["https:\/\/i0.wp.com\/blog.bfsadvocacia.com.br\/wp-content\/uploads\/2021\/07\/pexels-photo-808846.jpeg?fit=640%2C426&ssl=1",640,426,true],"1536x1536":["https:\/\/i0.wp.com\/blog.bfsadvocacia.com.br\/wp-content\/uploads\/2021\/07\/pexels-photo-808846.jpeg?fit=1536%2C1024&ssl=1",1536,1024,true],"2048x2048":["https:\/\/i0.wp.com\/blog.bfsadvocacia.com.br\/wp-content\/uploads\/2021\/07\/pexels-photo-808846.jpeg?fit=1880%2C1253&ssl=1",1880,1253,true],"covernews-slider-full":["https:\/\/i0.wp.com\/blog.bfsadvocacia.com.br\/wp-content\/uploads\/2021\/07\/pexels-photo-808846.jpeg?resize=1077%2C715&ssl=1",1077,715,true],"covernews-slider-center":["https:\/\/i0.wp.com\/blog.bfsadvocacia.com.br\/wp-content\/uploads\/2021\/07\/pexels-photo-808846.jpeg?resize=522%2C500&ssl=1",522,500,true],"covernews-featured":["https:\/\/i0.wp.com\/blog.bfsadvocacia.com.br\/wp-content\/uploads\/2021\/07\/pexels-photo-808846.jpeg?fit=1024%2C682&ssl=1",1024,682,true],"covernews-medium":["https:\/\/i0.wp.com\/blog.bfsadvocacia.com.br\/wp-content\/uploads\/2021\/07\/pexels-photo-808846.jpeg?resize=540%2C285&ssl=1",540,285,true],"covernews-medium-square":["https:\/\/i0.wp.com\/blog.bfsadvocacia.com.br\/wp-content\/uploads\/2021\/07\/pexels-photo-808846.jpeg?resize=375%2C250&ssl=1",375,250,true]},"author_info":{"display_name":"bfsadvocacia","author_link":"https:\/\/blog.bfsadvocacia.com.br\/index.php\/author\/bfsadvocacia\/"},"category_info":"<a href=\"https:\/\/blog.bfsadvocacia.com.br\/index.php\/category\/advogado-sp\/\" rel=\"category tag\">advogado sp<\/a> <a href=\"https:\/\/blog.bfsadvocacia.com.br\/index.php\/category\/direito-previdenciario\/\" rel=\"category tag\">Direito Previdenci\u00e1rio<\/a>","tag_info":"Direito Previdenci\u00e1rio","comment_count":"0","amp_enabled":true,"_links":{"self":[{"href":"https:\/\/blog.bfsadvocacia.com.br\/index.php\/wp-json\/wp\/v2\/posts\/1402"}],"collection":[{"href":"https:\/\/blog.bfsadvocacia.com.br\/index.php\/wp-json\/wp\/v2\/posts"}],"about":[{"href":"https:\/\/blog.bfsadvocacia.com.br\/index.php\/wp-json\/wp\/v2\/types\/post"}],"author":[{"embeddable":true,"href":"https:\/\/blog.bfsadvocacia.com.br\/index.php\/wp-json\/wp\/v2\/users\/1"}],"replies":[{"embeddable":true,"href":"https:\/\/blog.bfsadvocacia.com.br\/index.php\/wp-json\/wp\/v2\/comments?post=1402"}],"version-history":[{"count":1,"href":"https:\/\/blog.bfsadvocacia.com.br\/index.php\/wp-json\/wp\/v2\/posts\/1402\/revisions"}],"predecessor-version":[{"id":1404,"href":"https:\/\/blog.bfsadvocacia.com.br\/index.php\/wp-json\/wp\/v2\/posts\/1402\/revisions\/1404"}],"wp:featuredmedia":[{"embeddable":true,"href":"https:\/\/blog.bfsadvocacia.com.br\/index.php\/wp-json\/wp\/v2\/media\/1403"}],"wp:attachment":[{"href":"https:\/\/blog.bfsadvocacia.com.br\/index.php\/wp-json\/wp\/v2\/media?parent=1402"}],"wp:term":[{"taxonomy":"category","embeddable":true,"href":"https:\/\/blog.bfsadvocacia.com.br\/index.php\/wp-json\/wp\/v2\/categories?post=1402"},{"taxonomy":"post_tag","embeddable":true,"href":"https:\/\/blog.bfsadvocacia.com.br\/index.php\/wp-json\/wp\/v2\/tags?post=1402"}],"curies":[{"name":"wp","href":"https:\/\/api.w.org\/{rel}","templated":true}]}}