{"id":1516,"date":"2021-08-17T19:04:04","date_gmt":"2021-08-17T22:04:04","guid":{"rendered":"http:\/\/blog.bfsadvocacia.com.br\/?p=1516"},"modified":"2021-08-17T19:08:28","modified_gmt":"2021-08-17T22:08:28","slug":"1a-turma-remete-ao-plenario-recurso-que-trata-de-suspensao-de-acoes-decorrentes-do-plano-collor-i","status":"publish","type":"post","link":"https:\/\/blog.bfsadvocacia.com.br\/index.php\/2021\/08\/17\/1a-turma-remete-ao-plenario-recurso-que-trata-de-suspensao-de-acoes-decorrentes-do-plano-collor-i\/","title":{"rendered":"1\u00aa Turma remete ao Plen\u00e1rio recurso que trata de suspens\u00e3o de a\u00e7\u00f5es decorrentes do Plano Collor I"},"content":{"rendered":"\n<p>Por unanimidade, a Primeira Turma do Supremo Tribunal Federal (STF) decidiu remeter ao Plen\u00e1rio da Corte o julgamento de embargos de declara\u00e7\u00e3o apresentados pelo Ita\u00fa Unibanco S\/A na Reclama\u00e7\u00e3o (RCL) 46123, que trata da suspens\u00e3o de a\u00e7\u00f5es decorrentes do Plano Collor I. A remessa dos autos foi sugerida, na sess\u00e3o desta ter\u00e7a-feira (17), pelo relator, ministro Alexandre de Moraes.<\/p>\n\n\n\n<p>Segundo ele, o Supremo havia determinado a suspens\u00e3o de a\u00e7\u00f5es sobre a mat\u00e9ria pelo prazo de 24 meses. Com o t\u00e9rmino desse prazo, v\u00e1rios processos chegaram \u00e0 Corte solicitando a continuidade das a\u00e7\u00f5es sobrestadas em diversas inst\u00e2ncias da Justi\u00e7a &#8211; no caso dos autos, o Col\u00e9gio Recursal Central da Capital em S\u00e3o Paulo.<\/p>\n\n\n\n<p>Na decis\u00e3o monocr\u00e1tica questionada nos embargos de declara\u00e7\u00e3o, o ministro admitia a possibilidade da retomada do tr\u00e2mite do processo. Contudo, ele assinalou que h\u00e1 decis\u00f5es conflitantes na Corte, especialmente em rela\u00e7\u00e3o \u00e0 prorroga\u00e7\u00e3o do prazo de suspens\u00e3o. De acordo com o relator, afetar a mat\u00e9ria ao Plen\u00e1rio \u00e9 importante para, \u201cnuma \u00fanica voz, definir se continua ou n\u00e3o essa suspens\u00e3o e por quanto tempo\u201d.<\/p>\n\n\n\n<p>STF 17.08.2021<\/p>\n","protected":false},"excerpt":{"rendered":"<p>A remessa visa \u00e0 unifica\u00e7\u00e3o do entendimento da mat\u00e9ria.<\/p>\n","protected":false},"author":1,"featured_media":494,"comment_status":"open","ping_status":"closed","sticky":false,"template":"","format":"standard","meta":{"footnotes":"","jetpack_publicize_message":"","jetpack_is_tweetstorm":false,"jetpack_publicize_feature_enabled":true,"jetpack_social_post_already_shared":false,"jetpack_social_options":{"image_generator_settings":{"template":"highway","enabled":false}}},"categories":[28],"tags":[1264,1054,61],"jetpack_publicize_connections":[],"jetpack_featured_media_url":"https:\/\/i0.wp.com\/blog.bfsadvocacia.com.br\/wp-content\/uploads\/2020\/10\/pexels-photo-209224.jpeg?fit=1880%2C1253&ssl=1","featured_image_urls":{"full":["https:\/\/i0.wp.com\/blog.bfsadvocacia.com.br\/wp-content\/uploads\/2020\/10\/pexels-photo-209224.jpeg?fit=1880%2C1253&ssl=1",1880,1253,false],"thumbnail":["https:\/\/i0.wp.com\/blog.bfsadvocacia.com.br\/wp-content\/uploads\/2020\/10\/pexels-photo-209224.jpeg?resize=150%2C150&ssl=1",150,150,true],"medium":["https:\/\/i0.wp.com\/blog.bfsadvocacia.com.br\/wp-content\/uploads\/2020\/10\/pexels-photo-209224.jpeg?fit=300%2C200&ssl=1",300,200,true],"medium_large":["https:\/\/i0.wp.com\/blog.bfsadvocacia.com.br\/wp-content\/uploads\/2020\/10\/pexels-photo-209224.jpeg?fit=640%2C427&ssl=1",640,427,true],"large":["https:\/\/i0.wp.com\/blog.bfsadvocacia.com.br\/wp-content\/uploads\/2020\/10\/pexels-photo-209224.jpeg?fit=640%2C426&ssl=1",640,426,true],"1536x1536":["https:\/\/i0.wp.com\/blog.bfsadvocacia.com.br\/wp-content\/uploads\/2020\/10\/pexels-photo-209224.jpeg?fit=1536%2C1024&ssl=1",1536,1024,true],"2048x2048":["https:\/\/i0.wp.com\/blog.bfsadvocacia.com.br\/wp-content\/uploads\/2020\/10\/pexels-photo-209224.jpeg?fit=1880%2C1253&ssl=1",1880,1253,true],"covernews-slider-full":["https:\/\/i0.wp.com\/blog.bfsadvocacia.com.br\/wp-content\/uploads\/2020\/10\/pexels-photo-209224.jpeg?resize=1077%2C715&ssl=1",1077,715,true],"covernews-slider-center":["https:\/\/i0.wp.com\/blog.bfsadvocacia.com.br\/wp-content\/uploads\/2020\/10\/pexels-photo-209224.jpeg?resize=522%2C500&ssl=1",522,500,true],"covernews-featured":["https:\/\/i0.wp.com\/blog.bfsadvocacia.com.br\/wp-content\/uploads\/2020\/10\/pexels-photo-209224.jpeg?fit=1024%2C682&ssl=1",1024,682,true],"covernews-medium":["https:\/\/i0.wp.com\/blog.bfsadvocacia.com.br\/wp-content\/uploads\/2020\/10\/pexels-photo-209224.jpeg?resize=540%2C285&ssl=1",540,285,true],"covernews-medium-square":["https:\/\/i0.wp.com\/blog.bfsadvocacia.com.br\/wp-content\/uploads\/2020\/10\/pexels-photo-209224.jpeg?resize=375%2C250&ssl=1",375,250,true]},"author_info":{"display_name":"bfsadvocacia","author_link":"https:\/\/blog.bfsadvocacia.com.br\/index.php\/author\/bfsadvocacia\/"},"category_info":"<a href=\"https:\/\/blog.bfsadvocacia.com.br\/index.php\/category\/atualidades-juridicas\/\" rel=\"category tag\">atualidades jur\u00eddicas<\/a>","tag_info":"atualidades jur\u00eddicas","comment_count":"0","amp_enabled":true,"_links":{"self":[{"href":"https:\/\/blog.bfsadvocacia.com.br\/index.php\/wp-json\/wp\/v2\/posts\/1516"}],"collection":[{"href":"https:\/\/blog.bfsadvocacia.com.br\/index.php\/wp-json\/wp\/v2\/posts"}],"about":[{"href":"https:\/\/blog.bfsadvocacia.com.br\/index.php\/wp-json\/wp\/v2\/types\/post"}],"author":[{"embeddable":true,"href":"https:\/\/blog.bfsadvocacia.com.br\/index.php\/wp-json\/wp\/v2\/users\/1"}],"replies":[{"embeddable":true,"href":"https:\/\/blog.bfsadvocacia.com.br\/index.php\/wp-json\/wp\/v2\/comments?post=1516"}],"version-history":[{"count":1,"href":"https:\/\/blog.bfsadvocacia.com.br\/index.php\/wp-json\/wp\/v2\/posts\/1516\/revisions"}],"predecessor-version":[{"id":1517,"href":"https:\/\/blog.bfsadvocacia.com.br\/index.php\/wp-json\/wp\/v2\/posts\/1516\/revisions\/1517"}],"wp:featuredmedia":[{"embeddable":true,"href":"https:\/\/blog.bfsadvocacia.com.br\/index.php\/wp-json\/wp\/v2\/media\/494"}],"wp:attachment":[{"href":"https:\/\/blog.bfsadvocacia.com.br\/index.php\/wp-json\/wp\/v2\/media?parent=1516"}],"wp:term":[{"taxonomy":"category","embeddable":true,"href":"https:\/\/blog.bfsadvocacia.com.br\/index.php\/wp-json\/wp\/v2\/categories?post=1516"},{"taxonomy":"post_tag","embeddable":true,"href":"https:\/\/blog.bfsadvocacia.com.br\/index.php\/wp-json\/wp\/v2\/tags?post=1516"}],"curies":[{"name":"wp","href":"https:\/\/api.w.org\/{rel}","templated":true}]}}