{"id":1653,"date":"2021-10-13T19:00:00","date_gmt":"2021-10-13T22:00:00","guid":{"rendered":"http:\/\/blog.bfsadvocacia.com.br\/?p=1653"},"modified":"2021-09-19T20:16:32","modified_gmt":"2021-09-19T23:16:32","slug":"diarista-rural-com-historico-de-neoplasia-maligna-tem-direito-a-beneficio-assistencial","status":"publish","type":"post","link":"https:\/\/blog.bfsadvocacia.com.br\/index.php\/2021\/10\/13\/diarista-rural-com-historico-de-neoplasia-maligna-tem-direito-a-beneficio-assistencial\/","title":{"rendered":"Diarista rural com hist\u00f3rico de neoplasia maligna tem direito a benef\u00edcio assistencial"},"content":{"rendered":"\n<p>O desembargador federal S\u00e9rgio Nascimento, da D\u00e9cima Turma do Tribunal Regional Federal da 3\u00aa Regi\u00e3o (TRF3), determinou ao Instituto Nacional do Seguro Social (INSS) conceder o Benef\u00edcio de Presta\u00e7\u00e3o Continuada (BPC) a uma diarista rural com hist\u00f3rico de c\u00e2ncer.&nbsp;&nbsp;<\/p>\n\n\n\n<p>Para o magistrado, laudos m\u00e9dico e social confirmaram que a&nbsp;autora preenche o requisito da defici\u00eancia e de hipossufici\u00eancia econ\u00f4mica.&nbsp;<\/p>\n\n\n\n<p>Per\u00edcia m\u00e9dica realizada em novembro de 2020 atestou que a autora&nbsp;teve c\u00e2ncer na perna, foi submetida \u00e0 cirurgia, quimioterapia, segue em alta da doen\u00e7a h\u00e1 dois anos e relata dor. O perito concluiu pela capacidade para o trabalho.&nbsp;<\/p>\n\n\n\n<p>No entanto,&nbsp;ao analisar o caso no TRF3,&nbsp;o relator&nbsp;do processo&nbsp;entendeu que ficou configurada a incapacidade laborativa. \u201cTrata-se de trabalhadora bra\u00e7al, com ensino fundamental incompleto, contando com 59 anos de idade, portadora de hipertens\u00e3o arterial, diabetes mellitus, com passado de neoplasia maligna\u201d, pontuou.&nbsp;&nbsp;<\/p>\n\n\n\n<p>A Justi\u00e7a Estadual de Itarar\u00e9\/SP, em compet\u00eancia delegada,&nbsp;havia julgado o pedido improcedente por n\u00e3o ficar demonstrada a condi\u00e7\u00e3o de defici\u00eancia.&nbsp;A&nbsp;autora recorreu ao TRF3, pedindo a&nbsp;realiza\u00e7\u00e3o de nova per\u00edcia e a concess\u00e3o do benef\u00edcio.&nbsp;<\/p>\n\n\n\n<p>O&nbsp;desembargador federal&nbsp;destacou que&nbsp;a autora da a\u00e7\u00e3o apresentou&nbsp;atestado m\u00e9dico de 2018, com informa\u00e7\u00f5es de que seguia em acompanhamento de&nbsp;c\u00e2ncer&nbsp;de perna direita, al\u00e9m de apresentar dores intensas no membro, dificultando os atos da vida di\u00e1ria.&nbsp;<\/p>\n\n\n\n<p>\u201cEntendo que a prova coletada \u00e9 suficiente. H\u00e1 que se reconhecer que as limita\u00e7\u00f5es apresentadas autorizam a concess\u00e3o do benef\u00edcio assistencial, caso preencha o requisito socioecon\u00f4mico\u201d, frisou&nbsp;<\/p>\n\n\n\n<p>No&nbsp;estudo social,&nbsp;feito em&nbsp;outubro de 2020, constou&nbsp;que o n\u00facleo familiar da mulher&nbsp;era&nbsp;formado por ela; pelo marido,&nbsp;trabalhador&nbsp;rural&nbsp;diarista; e pelo filho, que est\u00e1 desempregado. A subsist\u00eancia&nbsp;era&nbsp;provida com a renda da atividade do esposo, no valor aproximado de R$ 600 por m\u00eas. A fam\u00edlia recebia aux\u00edlio emergencial do governo federal e usava para complementar a alimenta\u00e7\u00e3o.&nbsp;<\/p>\n\n\n\n<p>\u201cPortanto, o conjunto probat\u00f3rio existente nos autos demonstra a hipossufici\u00eancia econ\u00f4mica\u201d, concluiu o magistrado.&nbsp;<\/p>\n\n\n\n<p>Assim, o relator determinou ao INSS conceder o BPC a partir de 25\/8\/2021, data do julgamento que reconheceu o direito ao benef\u00edcio.&nbsp;<\/p>\n\n\n\n<p>Apela\u00e7\u00e3o C\u00edvel 5131933-30.2021.4.03.9999\u00a0<\/p>\n\n\n\n<p>TRF3 13.09.2021<\/p>\n","protected":false},"excerpt":{"rendered":"<p>Para TRF3, laudos confirmam que autora preenche requisitos legais<\/p>\n","protected":false},"author":1,"featured_media":1367,"comment_status":"open","ping_status":"closed","sticky":false,"template":"","format":"standard","meta":{"footnotes":"","jetpack_publicize_message":"","jetpack_is_tweetstorm":false,"jetpack_publicize_feature_enabled":true,"jetpack_social_post_already_shared":false,"jetpack_social_options":{"image_generator_settings":{"template":"highway","enabled":false}}},"categories":[11,28,12],"tags":[23,63,1136,22,558,17,377,876],"jetpack_publicize_connections":[],"jetpack_featured_media_url":"https:\/\/i0.wp.com\/blog.bfsadvocacia.com.br\/wp-content\/uploads\/2021\/06\/pexels-photo-4207909.jpeg?fit=867%2C1300&ssl=1","featured_image_urls":{"full":["https:\/\/i0.wp.com\/blog.bfsadvocacia.com.br\/wp-content\/uploads\/2021\/06\/pexels-photo-4207909.jpeg?fit=867%2C1300&ssl=1",867,1300,false],"thumbnail":["https:\/\/i0.wp.com\/blog.bfsadvocacia.com.br\/wp-content\/uploads\/2021\/06\/pexels-photo-4207909.jpeg?resize=150%2C150&ssl=1",150,150,true],"medium":["https:\/\/i0.wp.com\/blog.bfsadvocacia.com.br\/wp-content\/uploads\/2021\/06\/pexels-photo-4207909.jpeg?fit=200%2C300&ssl=1",200,300,true],"medium_large":["https:\/\/i0.wp.com\/blog.bfsadvocacia.com.br\/wp-content\/uploads\/2021\/06\/pexels-photo-4207909.jpeg?fit=640%2C960&ssl=1",640,960,true],"large":["https:\/\/i0.wp.com\/blog.bfsadvocacia.com.br\/wp-content\/uploads\/2021\/06\/pexels-photo-4207909.jpeg?fit=640%2C960&ssl=1",640,960,true],"1536x1536":["https:\/\/i0.wp.com\/blog.bfsadvocacia.com.br\/wp-content\/uploads\/2021\/06\/pexels-photo-4207909.jpeg?fit=867%2C1300&ssl=1",867,1300,true],"2048x2048":["https:\/\/i0.wp.com\/blog.bfsadvocacia.com.br\/wp-content\/uploads\/2021\/06\/pexels-photo-4207909.jpeg?fit=867%2C1300&ssl=1",867,1300,true],"covernews-slider-full":["https:\/\/i0.wp.com\/blog.bfsadvocacia.com.br\/wp-content\/uploads\/2021\/06\/pexels-photo-4207909.jpeg?resize=608%2C715&ssl=1",608,715,true],"covernews-slider-center":["https:\/\/i0.wp.com\/blog.bfsadvocacia.com.br\/wp-content\/uploads\/2021\/06\/pexels-photo-4207909.jpeg?resize=483%2C500&ssl=1",483,500,true],"covernews-featured":["https:\/\/i0.wp.com\/blog.bfsadvocacia.com.br\/wp-content\/uploads\/2021\/06\/pexels-photo-4207909.jpeg?fit=867%2C1300&ssl=1",867,1300,true],"covernews-medium":["https:\/\/i0.wp.com\/blog.bfsadvocacia.com.br\/wp-content\/uploads\/2021\/06\/pexels-photo-4207909.jpeg?resize=540%2C285&ssl=1",540,285,true],"covernews-medium-square":["https:\/\/i0.wp.com\/blog.bfsadvocacia.com.br\/wp-content\/uploads\/2021\/06\/pexels-photo-4207909.jpeg?resize=375%2C250&ssl=1",375,250,true]},"author_info":{"display_name":"bfsadvocacia","author_link":"https:\/\/blog.bfsadvocacia.com.br\/index.php\/author\/bfsadvocacia\/"},"category_info":"<a href=\"https:\/\/blog.bfsadvocacia.com.br\/index.php\/category\/advogado-sp\/\" rel=\"category tag\">advogado sp<\/a> <a href=\"https:\/\/blog.bfsadvocacia.com.br\/index.php\/category\/atualidades-juridicas\/\" rel=\"category tag\">atualidades jur\u00eddicas<\/a> <a href=\"https:\/\/blog.bfsadvocacia.com.br\/index.php\/category\/direito-previdenciario\/\" rel=\"category tag\">Direito Previdenci\u00e1rio<\/a>","tag_info":"Direito Previdenci\u00e1rio","comment_count":"2","amp_enabled":true,"_links":{"self":[{"href":"https:\/\/blog.bfsadvocacia.com.br\/index.php\/wp-json\/wp\/v2\/posts\/1653"}],"collection":[{"href":"https:\/\/blog.bfsadvocacia.com.br\/index.php\/wp-json\/wp\/v2\/posts"}],"about":[{"href":"https:\/\/blog.bfsadvocacia.com.br\/index.php\/wp-json\/wp\/v2\/types\/post"}],"author":[{"embeddable":true,"href":"https:\/\/blog.bfsadvocacia.com.br\/index.php\/wp-json\/wp\/v2\/users\/1"}],"replies":[{"embeddable":true,"href":"https:\/\/blog.bfsadvocacia.com.br\/index.php\/wp-json\/wp\/v2\/comments?post=1653"}],"version-history":[{"count":1,"href":"https:\/\/blog.bfsadvocacia.com.br\/index.php\/wp-json\/wp\/v2\/posts\/1653\/revisions"}],"predecessor-version":[{"id":1654,"href":"https:\/\/blog.bfsadvocacia.com.br\/index.php\/wp-json\/wp\/v2\/posts\/1653\/revisions\/1654"}],"wp:featuredmedia":[{"embeddable":true,"href":"https:\/\/blog.bfsadvocacia.com.br\/index.php\/wp-json\/wp\/v2\/media\/1367"}],"wp:attachment":[{"href":"https:\/\/blog.bfsadvocacia.com.br\/index.php\/wp-json\/wp\/v2\/media?parent=1653"}],"wp:term":[{"taxonomy":"category","embeddable":true,"href":"https:\/\/blog.bfsadvocacia.com.br\/index.php\/wp-json\/wp\/v2\/categories?post=1653"},{"taxonomy":"post_tag","embeddable":true,"href":"https:\/\/blog.bfsadvocacia.com.br\/index.php\/wp-json\/wp\/v2\/tags?post=1653"}],"curies":[{"name":"wp","href":"https:\/\/api.w.org\/{rel}","templated":true}]}}