{"id":1724,"date":"2021-10-15T07:00:00","date_gmt":"2021-10-15T10:00:00","guid":{"rendered":"http:\/\/blog.bfsadvocacia.com.br\/?p=1724"},"modified":"2021-10-04T15:21:48","modified_gmt":"2021-10-04T18:21:48","slug":"trf4-reconhece-incapacidade-total-para-o-trabalho-de-agricultora-que-sofre-de-depressao-cronica-grave","status":"publish","type":"post","link":"https:\/\/blog.bfsadvocacia.com.br\/index.php\/2021\/10\/15\/trf4-reconhece-incapacidade-total-para-o-trabalho-de-agricultora-que-sofre-de-depressao-cronica-grave\/","title":{"rendered":"TRF4 reconhece incapacidade total para o trabalho de agricultora que sofre de depress\u00e3o cr\u00f4nica grave"},"content":{"rendered":"\n<p>O Tribunal Regional Federal da 4\u00aa Regi\u00e3o (TRF4) condenou o Instituto Nacional do Seguro Social (INSS) a implantar aux\u00edlio-doen\u00e7a, com o pagamento das parcelas vencidas desde julho de 2019, convertendo o benef\u00edcio em aposentadoria por invalidez a partir do tr\u00e2nsito em julgado da decis\u00e3o para uma agricultora de 58 anos de idade, moradora de Linha Tr\u00eas Lajeados, zona rural do munic\u00edpio de Santo Cristo (RS). A mulher sofre de depress\u00e3o cr\u00f4nica grave e est\u00e1 totalmente incapacitada para desenvolver atividades laborativas. A decis\u00e3o foi proferida por unanimidade pela 6\u00aa Turma da Corte em sess\u00e3o de julgamento ocorrida no dia 22\/9.<\/p>\n\n\n\n<p>Segundo a autora do processo, ela enfrenta problemas de sa\u00fade com transtorno depressivo recorrente de longa data. A mulher informou que teve seu pedido de concess\u00e3o de aux\u00edlio-doen\u00e7a negado pelo INSS, pois a per\u00edcia m\u00e9dica da autarquia havia conclu\u00eddo pela aus\u00eancia de incapacidade para o trabalho.<\/p>\n\n\n\n<p>Ajuizada a a\u00e7\u00e3o na Vara Judicial da Comarca de Santo Cristo, a agricultora apresentou atestados m\u00e9dicos que comprovariam o quadro depressivo recorrente e demonstrariam a incapacidade total dela para as atividades laborativas.<\/p>\n\n\n\n<p>Em abril deste ano, o ju\u00edzo de primeira inst\u00e2ncia concedeu o benef\u00edcio, al\u00e9m de determinar o pagamento das parcelas vencidas desde julho de 2019, data do requerimento administrativo do aux\u00edlio-doen\u00e7a. A ju\u00edza&nbsp;respons\u00e1vel pelo caso ainda estabeleceu que, transitada em julgado a decis\u00e3o, o INSS deveria converter o aux\u00edlio em aposentadoria por invalidez.<\/p>\n\n\n\n<p>A autarquia recorreu ao TRF4. No recurso, o Instituto argumentou que a incapacidade laboral da segurada seria tempor\u00e1ria, n\u00e3o justificando a convers\u00e3o do aux\u00edlio-doen\u00e7a em aposentadoria por invalidez, que exige a exist\u00eancia de incapacidade permanente.<\/p>\n\n\n\n<p>A 6\u00aa Turma negou provimento \u00e0 apela\u00e7\u00e3o e manteve a senten\u00e7a v\u00e1lida. A desembargadora Ta\u00eds Schilling Ferraz, relatora do processo, destacou no voto que \u201clevando em conta a natureza e gravidade da mol\u00e9stia e as condi\u00e7\u00f5es pessoais da autora, tais como idade, escolaridade e menor grau de forma\u00e7\u00e3o acad\u00eamico-profissional, s\u00e3o m\u00ednimas as chances de sua recoloca\u00e7\u00e3o no mercado de trabalho de forma a prover a sua subsist\u00eancia\u201d.<\/p>\n\n\n\n<p>\u201cAl\u00e9m do grau e extens\u00e3o da incapacidade laborativa em si, outros elementos devem ser considerados para aferir-se se h\u00e1 real possibilidade de reabilita\u00e7\u00e3o profissional do segurado, tais como idade deste, n\u00edvel cultural e educacional, meio social em que se acha inserido, contexto social em que sempre viveu e atividades laborais que exerceu no decorrer de sua vida. Assim, deve ser mantida a decis\u00e3o que determinou a convers\u00e3o do benef\u00edcio de aux\u00edlio-doen\u00e7a em aposentadoria por invalidez, na data do tr\u00e2nsito em julgado\u201d, concluiu Ferraz.<\/p>\n\n\n\n<p>TRF4 30.09.2021<\/p>\n","protected":false},"excerpt":{"rendered":"<p>A ju\u00edza\u00a0respons\u00e1vel pelo caso ainda estabeleceu que, transitada em julgado a decis\u00e3o, o INSS deveria converter o aux\u00edlio em aposentadoria por invalidez<\/p>\n","protected":false},"author":1,"featured_media":1726,"comment_status":"open","ping_status":"open","sticky":false,"template":"","format":"standard","meta":{"footnotes":"","jetpack_publicize_message":"","jetpack_is_tweetstorm":false,"jetpack_publicize_feature_enabled":true,"jetpack_social_post_already_shared":false,"jetpack_social_options":{"image_generator_settings":{"template":"highway","enabled":false}}},"categories":[11,12],"tags":[113,117,1386,17],"jetpack_publicize_connections":[],"jetpack_featured_media_url":"https:\/\/i0.wp.com\/blog.bfsadvocacia.com.br\/wp-content\/uploads\/2021\/10\/pexels-photo-1510149.jpeg?fit=867%2C1300&ssl=1","featured_image_urls":{"full":["https:\/\/i0.wp.com\/blog.bfsadvocacia.com.br\/wp-content\/uploads\/2021\/10\/pexels-photo-1510149.jpeg?fit=867%2C1300&ssl=1",867,1300,false],"thumbnail":["https:\/\/i0.wp.com\/blog.bfsadvocacia.com.br\/wp-content\/uploads\/2021\/10\/pexels-photo-1510149.jpeg?resize=150%2C150&ssl=1",150,150,true],"medium":["https:\/\/i0.wp.com\/blog.bfsadvocacia.com.br\/wp-content\/uploads\/2021\/10\/pexels-photo-1510149.jpeg?fit=200%2C300&ssl=1",200,300,true],"medium_large":["https:\/\/i0.wp.com\/blog.bfsadvocacia.com.br\/wp-content\/uploads\/2021\/10\/pexels-photo-1510149.jpeg?fit=640%2C960&ssl=1",640,960,true],"large":["https:\/\/i0.wp.com\/blog.bfsadvocacia.com.br\/wp-content\/uploads\/2021\/10\/pexels-photo-1510149.jpeg?fit=640%2C960&ssl=1",640,960,true],"1536x1536":["https:\/\/i0.wp.com\/blog.bfsadvocacia.com.br\/wp-content\/uploads\/2021\/10\/pexels-photo-1510149.jpeg?fit=867%2C1300&ssl=1",867,1300,true],"2048x2048":["https:\/\/i0.wp.com\/blog.bfsadvocacia.com.br\/wp-content\/uploads\/2021\/10\/pexels-photo-1510149.jpeg?fit=867%2C1300&ssl=1",867,1300,true],"covernews-slider-full":["https:\/\/i0.wp.com\/blog.bfsadvocacia.com.br\/wp-content\/uploads\/2021\/10\/pexels-photo-1510149.jpeg?resize=608%2C715&ssl=1",608,715,true],"covernews-slider-center":["https:\/\/i0.wp.com\/blog.bfsadvocacia.com.br\/wp-content\/uploads\/2021\/10\/pexels-photo-1510149.jpeg?resize=483%2C500&ssl=1",483,500,true],"covernews-featured":["https:\/\/i0.wp.com\/blog.bfsadvocacia.com.br\/wp-content\/uploads\/2021\/10\/pexels-photo-1510149.jpeg?fit=867%2C1300&ssl=1",867,1300,true],"covernews-medium":["https:\/\/i0.wp.com\/blog.bfsadvocacia.com.br\/wp-content\/uploads\/2021\/10\/pexels-photo-1510149.jpeg?resize=540%2C285&ssl=1",540,285,true],"covernews-medium-square":["https:\/\/i0.wp.com\/blog.bfsadvocacia.com.br\/wp-content\/uploads\/2021\/10\/pexels-photo-1510149.jpeg?resize=375%2C250&ssl=1",375,250,true]},"author_info":{"display_name":"bfsadvocacia","author_link":"https:\/\/blog.bfsadvocacia.com.br\/index.php\/author\/bfsadvocacia\/"},"category_info":"<a href=\"https:\/\/blog.bfsadvocacia.com.br\/index.php\/category\/advogado-sp\/\" rel=\"category tag\">advogado sp<\/a> <a href=\"https:\/\/blog.bfsadvocacia.com.br\/index.php\/category\/direito-previdenciario\/\" rel=\"category tag\">Direito Previdenci\u00e1rio<\/a>","tag_info":"Direito Previdenci\u00e1rio","comment_count":"0","amp_enabled":true,"_links":{"self":[{"href":"https:\/\/blog.bfsadvocacia.com.br\/index.php\/wp-json\/wp\/v2\/posts\/1724"}],"collection":[{"href":"https:\/\/blog.bfsadvocacia.com.br\/index.php\/wp-json\/wp\/v2\/posts"}],"about":[{"href":"https:\/\/blog.bfsadvocacia.com.br\/index.php\/wp-json\/wp\/v2\/types\/post"}],"author":[{"embeddable":true,"href":"https:\/\/blog.bfsadvocacia.com.br\/index.php\/wp-json\/wp\/v2\/users\/1"}],"replies":[{"embeddable":true,"href":"https:\/\/blog.bfsadvocacia.com.br\/index.php\/wp-json\/wp\/v2\/comments?post=1724"}],"version-history":[{"count":1,"href":"https:\/\/blog.bfsadvocacia.com.br\/index.php\/wp-json\/wp\/v2\/posts\/1724\/revisions"}],"predecessor-version":[{"id":1727,"href":"https:\/\/blog.bfsadvocacia.com.br\/index.php\/wp-json\/wp\/v2\/posts\/1724\/revisions\/1727"}],"wp:featuredmedia":[{"embeddable":true,"href":"https:\/\/blog.bfsadvocacia.com.br\/index.php\/wp-json\/wp\/v2\/media\/1726"}],"wp:attachment":[{"href":"https:\/\/blog.bfsadvocacia.com.br\/index.php\/wp-json\/wp\/v2\/media?parent=1724"}],"wp:term":[{"taxonomy":"category","embeddable":true,"href":"https:\/\/blog.bfsadvocacia.com.br\/index.php\/wp-json\/wp\/v2\/categories?post=1724"},{"taxonomy":"post_tag","embeddable":true,"href":"https:\/\/blog.bfsadvocacia.com.br\/index.php\/wp-json\/wp\/v2\/tags?post=1724"}],"curies":[{"name":"wp","href":"https:\/\/api.w.org\/{rel}","templated":true}]}}