{"id":1765,"date":"2021-10-26T07:05:00","date_gmt":"2021-10-26T10:05:00","guid":{"rendered":"http:\/\/blog.bfsadvocacia.com.br\/?p=1765"},"modified":"2021-10-13T15:55:50","modified_gmt":"2021-10-13T18:55:50","slug":"negado-pedido-de-alteracao-de-regime-de-bens-em-casamento","status":"publish","type":"post","link":"https:\/\/blog.bfsadvocacia.com.br\/index.php\/2021\/10\/26\/negado-pedido-de-alteracao-de-regime-de-bens-em-casamento\/","title":{"rendered":"Negado pedido de altera\u00e7\u00e3o de regime de bens em casamento"},"content":{"rendered":"\n<p>A 9\u00aa C\u00e2mara de Direito Privado do Tribunal de Justi\u00e7a de S\u00e3o Paulo manteve decis\u00e3o do juiz F\u00e1bio Fernandes Lima, da 2\u00aa Vara C\u00edvel de Botucatu, que negou pedido de casal para altera\u00e7\u00e3o do regime de bens do matrim\u00f4nio. <\/p>\n\n\n\n<p>Nos autos, eles alegam que s\u00e3o casados sob o regime de comunh\u00e3o parcial de bens desde 2008 e que a altera\u00e7\u00e3o do regime vigente para o de separa\u00e7\u00e3o de bens atende melhor aos seus interesses, uma vez que a autora \u00e9 empres\u00e1ria e estaria enfrentando alguns obst\u00e1culos para concluir negocia\u00e7\u00f5es em raz\u00e3o do regime adotado por ocasi\u00e3o do matrim\u00f4nio. <\/p>\n\n\n\n<p>Para o relator do recurso, Jos\u00e9 Apar\u00edcio Coelho Prado Neto, a altera\u00e7\u00e3o do regime de bens \u00e9 admiss\u00edvel desde resguardados os direitos de terceiros (como credores e herdeiros), ou seja, n\u00e3o depende apenas da vontade dos c\u00f4njuges, uma vez que tem reflexo imediato e direto no patrim\u00f4nio dos requerentes. \u201cNa hip\u00f3tese dos autos, \u00e9 de se verificar que a autor \u00e9 empres\u00e1rio e possui diversas a\u00e7\u00f5es judiciais movidas em seu desfavor, perseguindo cr\u00e9ditos em valores expressivos, sendo que a altera\u00e7\u00e3o do regime de bens dos autores \u2013 de comunh\u00e3o parcial para separa\u00e7\u00e3o total de bens \u2013 poder\u00e1 acarretar preju\u00edzos aos credores, diante do risco de frustra\u00e7\u00e3o de futuras execu\u00e7\u00f5es, circunst\u00e2ncia que inviabiliza o deferimento do pedido\u201d, destacou o magistrado.\u00a0 <\/p>\n\n\n\n<p>Completaram o julgamento os desembargadores Edson Luiz de Queiroz e C\u00e9sar Peixoto. A vota\u00e7\u00e3o foi un\u00e2nime.\u00a0<\/p>\n\n\n\n<p>TJSP 10.10.2021<\/p>\n","protected":false},"excerpt":{"rendered":"<p>Mudan\u00e7a poderia acarretar preju\u00edzos a credores.<\/p>\n","protected":false},"author":1,"featured_media":1766,"comment_status":"open","ping_status":"closed","sticky":false,"template":"","format":"standard","meta":{"footnotes":"","jetpack_publicize_message":"","jetpack_is_tweetstorm":false,"jetpack_publicize_feature_enabled":true,"jetpack_social_post_already_shared":false,"jetpack_social_options":{"image_generator_settings":{"template":"highway","enabled":false}}},"categories":[11,28],"tags":[1411,1257,1412,220],"jetpack_publicize_connections":[],"jetpack_featured_media_url":"https:\/\/i0.wp.com\/blog.bfsadvocacia.com.br\/wp-content\/uploads\/2021\/10\/pexels-photo-4098232.jpeg?fit=867%2C1300&ssl=1","featured_image_urls":{"full":["https:\/\/i0.wp.com\/blog.bfsadvocacia.com.br\/wp-content\/uploads\/2021\/10\/pexels-photo-4098232.jpeg?fit=867%2C1300&ssl=1",867,1300,false],"thumbnail":["https:\/\/i0.wp.com\/blog.bfsadvocacia.com.br\/wp-content\/uploads\/2021\/10\/pexels-photo-4098232.jpeg?resize=150%2C150&ssl=1",150,150,true],"medium":["https:\/\/i0.wp.com\/blog.bfsadvocacia.com.br\/wp-content\/uploads\/2021\/10\/pexels-photo-4098232.jpeg?fit=200%2C300&ssl=1",200,300,true],"medium_large":["https:\/\/i0.wp.com\/blog.bfsadvocacia.com.br\/wp-content\/uploads\/2021\/10\/pexels-photo-4098232.jpeg?fit=640%2C960&ssl=1",640,960,true],"large":["https:\/\/i0.wp.com\/blog.bfsadvocacia.com.br\/wp-content\/uploads\/2021\/10\/pexels-photo-4098232.jpeg?fit=640%2C960&ssl=1",640,960,true],"1536x1536":["https:\/\/i0.wp.com\/blog.bfsadvocacia.com.br\/wp-content\/uploads\/2021\/10\/pexels-photo-4098232.jpeg?fit=867%2C1300&ssl=1",867,1300,true],"2048x2048":["https:\/\/i0.wp.com\/blog.bfsadvocacia.com.br\/wp-content\/uploads\/2021\/10\/pexels-photo-4098232.jpeg?fit=867%2C1300&ssl=1",867,1300,true],"covernews-slider-full":["https:\/\/i0.wp.com\/blog.bfsadvocacia.com.br\/wp-content\/uploads\/2021\/10\/pexels-photo-4098232.jpeg?resize=608%2C715&ssl=1",608,715,true],"covernews-slider-center":["https:\/\/i0.wp.com\/blog.bfsadvocacia.com.br\/wp-content\/uploads\/2021\/10\/pexels-photo-4098232.jpeg?resize=483%2C500&ssl=1",483,500,true],"covernews-featured":["https:\/\/i0.wp.com\/blog.bfsadvocacia.com.br\/wp-content\/uploads\/2021\/10\/pexels-photo-4098232.jpeg?fit=867%2C1300&ssl=1",867,1300,true],"covernews-medium":["https:\/\/i0.wp.com\/blog.bfsadvocacia.com.br\/wp-content\/uploads\/2021\/10\/pexels-photo-4098232.jpeg?resize=540%2C285&ssl=1",540,285,true],"covernews-medium-square":["https:\/\/i0.wp.com\/blog.bfsadvocacia.com.br\/wp-content\/uploads\/2021\/10\/pexels-photo-4098232.jpeg?resize=375%2C250&ssl=1",375,250,true]},"author_info":{"display_name":"bfsadvocacia","author_link":"https:\/\/blog.bfsadvocacia.com.br\/index.php\/author\/bfsadvocacia\/"},"category_info":"<a href=\"https:\/\/blog.bfsadvocacia.com.br\/index.php\/category\/advogado-sp\/\" rel=\"category tag\">advogado sp<\/a> <a href=\"https:\/\/blog.bfsadvocacia.com.br\/index.php\/category\/atualidades-juridicas\/\" rel=\"category tag\">atualidades jur\u00eddicas<\/a>","tag_info":"atualidades jur\u00eddicas","comment_count":"0","amp_enabled":true,"_links":{"self":[{"href":"https:\/\/blog.bfsadvocacia.com.br\/index.php\/wp-json\/wp\/v2\/posts\/1765"}],"collection":[{"href":"https:\/\/blog.bfsadvocacia.com.br\/index.php\/wp-json\/wp\/v2\/posts"}],"about":[{"href":"https:\/\/blog.bfsadvocacia.com.br\/index.php\/wp-json\/wp\/v2\/types\/post"}],"author":[{"embeddable":true,"href":"https:\/\/blog.bfsadvocacia.com.br\/index.php\/wp-json\/wp\/v2\/users\/1"}],"replies":[{"embeddable":true,"href":"https:\/\/blog.bfsadvocacia.com.br\/index.php\/wp-json\/wp\/v2\/comments?post=1765"}],"version-history":[{"count":1,"href":"https:\/\/blog.bfsadvocacia.com.br\/index.php\/wp-json\/wp\/v2\/posts\/1765\/revisions"}],"predecessor-version":[{"id":1767,"href":"https:\/\/blog.bfsadvocacia.com.br\/index.php\/wp-json\/wp\/v2\/posts\/1765\/revisions\/1767"}],"wp:featuredmedia":[{"embeddable":true,"href":"https:\/\/blog.bfsadvocacia.com.br\/index.php\/wp-json\/wp\/v2\/media\/1766"}],"wp:attachment":[{"href":"https:\/\/blog.bfsadvocacia.com.br\/index.php\/wp-json\/wp\/v2\/media?parent=1765"}],"wp:term":[{"taxonomy":"category","embeddable":true,"href":"https:\/\/blog.bfsadvocacia.com.br\/index.php\/wp-json\/wp\/v2\/categories?post=1765"},{"taxonomy":"post_tag","embeddable":true,"href":"https:\/\/blog.bfsadvocacia.com.br\/index.php\/wp-json\/wp\/v2\/tags?post=1765"}],"curies":[{"name":"wp","href":"https:\/\/api.w.org\/{rel}","templated":true}]}}