{"id":1769,"date":"2021-10-27T07:16:00","date_gmt":"2021-10-27T10:16:00","guid":{"rendered":"http:\/\/blog.bfsadvocacia.com.br\/?p=1769"},"modified":"2021-10-13T16:38:33","modified_gmt":"2021-10-13T19:38:33","slug":"concessao-de-aposentadoria-pode-ser-convertida-em-pensao-por-morte-no-curso-do-processo-em-caso-de-obito-do-segurado","status":"publish","type":"post","link":"https:\/\/blog.bfsadvocacia.com.br\/index.php\/2021\/10\/27\/concessao-de-aposentadoria-pode-ser-convertida-em-pensao-por-morte-no-curso-do-processo-em-caso-de-obito-do-segurado\/","title":{"rendered":"Concess\u00e3o de aposentadoria pode ser convertida em pens\u00e3o por morte no curso do processo em caso de \u00f3bito do segurado"},"content":{"rendered":"\n<p>Ao julgar o agravo de instrumento (que \u00e9 o recurso interposto em face da decis\u00e3o do juiz de primeiro grau), a 2\u00aa Turma do Tribunal Regional Federal da 1\u00aa Regi\u00e3o (TRF1) deu provimento ao pedido para que o Instituto Nacional do Seguro Social (INSS) proceda \u00e0 convers\u00e3o da aposentadoria em pens\u00e3o por morte, ap\u00f3s a habilita\u00e7\u00e3o dos herdeiros do benefici\u00e1rio, de falecido durante o processo.\u00a0\u00a0\u00a0\u00a0<\/p>\n\n\n\n<p>Ao analisar o caso, o relator, desembargador federal Rafael Paulo Soares Pinto, frisou que, \u201cocorrendo o falecimento da parte autora no curso do processo, seus herdeiros podem se habilitar como sucessores, nos estritos termos do art. 112 da Lei 8.213\/1991 (Lei de Benef\u00edcios), podendo, inclusive, conforme o caso, ser postulada a convers\u00e3o do pedido de aposentadoria em pens\u00e3o por morte, a partir do \u00f3bito, desde que preenchidos os requisitos necess\u00e1rios\u201d.\u00a0\u00a0\u00a0\u00a0\u00a0<\/p>\n\n\n\n<p>Portanto, explicou o magistrado, \u00e9 cab\u00edvel a convers\u00e3o de a\u00e7\u00e3o sem que se configure julgamento\u00a0<em>extrapetita\u00a0<\/em>(que \u00e9 quando a decis\u00e3o \u00e9 diferente do que foi pedido na inicial) ou\u00a0<em>ultra petita\u00a0<\/em>(quando o juiz decide al\u00e9m do que foi pedido)<em>.<\/em>\u00a0\u00a0\u00a0\u00a0\u00a0<\/p>\n\n\n\n<p>A 2\u00aa Turma, por unanimidade, deu provimento ao agravo de instrumento, nos termos do voto do relator.\u00a0\u00a0\u00a0\u00a0<\/p>\n\n\n\n<p>Processo 0047480-86.2012.4.01.0000\u00a0\u00a0<\/p>\n\n\n\n<p>TRF1 08.10.2021<\/p>\n","protected":false},"excerpt":{"rendered":"<p>Portanto, explicou o magistrado, \u00e9 cab\u00edvel a convers\u00e3o de a\u00e7\u00e3o sem que se configure julgamento\u00a0extrapetita\u00a0(&#8230;) ou\u00a0ultra petita<\/p>\n","protected":false},"author":1,"featured_media":216,"comment_status":"open","ping_status":"closed","sticky":false,"template":"","format":"standard","meta":{"footnotes":"","jetpack_publicize_message":"","jetpack_is_tweetstorm":false,"jetpack_publicize_feature_enabled":true,"jetpack_social_post_already_shared":false,"jetpack_social_options":{"image_generator_settings":{"template":"highway","enabled":false}}},"categories":[11,12],"tags":[1413,22,38],"jetpack_publicize_connections":[],"jetpack_featured_media_url":"https:\/\/i0.wp.com\/blog.bfsadvocacia.com.br\/wp-content\/uploads\/2020\/05\/inss_fila.jpg?fit=872%2C491&ssl=1","featured_image_urls":{"full":["https:\/\/i0.wp.com\/blog.bfsadvocacia.com.br\/wp-content\/uploads\/2020\/05\/inss_fila.jpg?fit=872%2C491&ssl=1",872,491,false],"thumbnail":["https:\/\/i0.wp.com\/blog.bfsadvocacia.com.br\/wp-content\/uploads\/2020\/05\/inss_fila.jpg?resize=150%2C150&ssl=1",150,150,true],"medium":["https:\/\/i0.wp.com\/blog.bfsadvocacia.com.br\/wp-content\/uploads\/2020\/05\/inss_fila.jpg?fit=300%2C169&ssl=1",300,169,true],"medium_large":["https:\/\/i0.wp.com\/blog.bfsadvocacia.com.br\/wp-content\/uploads\/2020\/05\/inss_fila.jpg?fit=640%2C360&ssl=1",640,360,true],"large":["https:\/\/i0.wp.com\/blog.bfsadvocacia.com.br\/wp-content\/uploads\/2020\/05\/inss_fila.jpg?fit=640%2C360&ssl=1",640,360,true],"1536x1536":["https:\/\/i0.wp.com\/blog.bfsadvocacia.com.br\/wp-content\/uploads\/2020\/05\/inss_fila.jpg?fit=872%2C491&ssl=1",872,491,true],"2048x2048":["https:\/\/i0.wp.com\/blog.bfsadvocacia.com.br\/wp-content\/uploads\/2020\/05\/inss_fila.jpg?fit=872%2C491&ssl=1",872,491,true],"covernews-slider-full":["https:\/\/i0.wp.com\/blog.bfsadvocacia.com.br\/wp-content\/uploads\/2020\/05\/inss_fila.jpg?resize=872%2C491&ssl=1",872,491,true],"covernews-slider-center":["https:\/\/i0.wp.com\/blog.bfsadvocacia.com.br\/wp-content\/uploads\/2020\/05\/inss_fila.jpg?resize=800%2C491&ssl=1",800,491,true],"covernews-featured":["https:\/\/i0.wp.com\/blog.bfsadvocacia.com.br\/wp-content\/uploads\/2020\/05\/inss_fila.jpg?fit=872%2C491&ssl=1",872,491,true],"covernews-medium":["https:\/\/i0.wp.com\/blog.bfsadvocacia.com.br\/wp-content\/uploads\/2020\/05\/inss_fila.jpg?resize=540%2C285&ssl=1",540,285,true],"covernews-medium-square":["https:\/\/i0.wp.com\/blog.bfsadvocacia.com.br\/wp-content\/uploads\/2020\/05\/inss_fila.jpg?resize=375%2C250&ssl=1",375,250,true]},"author_info":{"display_name":"bfsadvocacia","author_link":"https:\/\/blog.bfsadvocacia.com.br\/index.php\/author\/bfsadvocacia\/"},"category_info":"<a href=\"https:\/\/blog.bfsadvocacia.com.br\/index.php\/category\/advogado-sp\/\" rel=\"category tag\">advogado sp<\/a> <a href=\"https:\/\/blog.bfsadvocacia.com.br\/index.php\/category\/direito-previdenciario\/\" rel=\"category tag\">Direito Previdenci\u00e1rio<\/a>","tag_info":"Direito Previdenci\u00e1rio","comment_count":"0","amp_enabled":true,"_links":{"self":[{"href":"https:\/\/blog.bfsadvocacia.com.br\/index.php\/wp-json\/wp\/v2\/posts\/1769"}],"collection":[{"href":"https:\/\/blog.bfsadvocacia.com.br\/index.php\/wp-json\/wp\/v2\/posts"}],"about":[{"href":"https:\/\/blog.bfsadvocacia.com.br\/index.php\/wp-json\/wp\/v2\/types\/post"}],"author":[{"embeddable":true,"href":"https:\/\/blog.bfsadvocacia.com.br\/index.php\/wp-json\/wp\/v2\/users\/1"}],"replies":[{"embeddable":true,"href":"https:\/\/blog.bfsadvocacia.com.br\/index.php\/wp-json\/wp\/v2\/comments?post=1769"}],"version-history":[{"count":1,"href":"https:\/\/blog.bfsadvocacia.com.br\/index.php\/wp-json\/wp\/v2\/posts\/1769\/revisions"}],"predecessor-version":[{"id":1770,"href":"https:\/\/blog.bfsadvocacia.com.br\/index.php\/wp-json\/wp\/v2\/posts\/1769\/revisions\/1770"}],"wp:featuredmedia":[{"embeddable":true,"href":"https:\/\/blog.bfsadvocacia.com.br\/index.php\/wp-json\/wp\/v2\/media\/216"}],"wp:attachment":[{"href":"https:\/\/blog.bfsadvocacia.com.br\/index.php\/wp-json\/wp\/v2\/media?parent=1769"}],"wp:term":[{"taxonomy":"category","embeddable":true,"href":"https:\/\/blog.bfsadvocacia.com.br\/index.php\/wp-json\/wp\/v2\/categories?post=1769"},{"taxonomy":"post_tag","embeddable":true,"href":"https:\/\/blog.bfsadvocacia.com.br\/index.php\/wp-json\/wp\/v2\/tags?post=1769"}],"curies":[{"name":"wp","href":"https:\/\/api.w.org\/{rel}","templated":true}]}}