{"id":1826,"date":"2021-11-15T16:26:00","date_gmt":"2021-11-15T19:26:00","guid":{"rendered":"http:\/\/blog.bfsadvocacia.com.br\/?p=1826"},"modified":"2021-11-17T20:53:23","modified_gmt":"2021-11-17T23:53:23","slug":"trf3-mantem-multa-a-companhia-aerea-por-extravio-em-bagagem-de-passageiro-em-voo-internacional","status":"publish","type":"post","link":"https:\/\/blog.bfsadvocacia.com.br\/index.php\/2021\/11\/15\/trf3-mantem-multa-a-companhia-aerea-por-extravio-em-bagagem-de-passageiro-em-voo-internacional\/","title":{"rendered":"TRF3 mant\u00e9m multa a companhia a\u00e9rea por extravio em bagagem de passageiro em voo internacional"},"content":{"rendered":"\n<p>A Quarta Turma do Tribunal Regional Federal da 3\u00aa Regi\u00e3o (TRF3) manteve multa de R$ 7 mil aplicada pela Ag\u00eancia Nacional de Avia\u00e7\u00e3o Civil (Anac) a uma companhia a\u00e9rea, em virtude de extravio e avarias na bagagem de um passageiro. O voo partiu do Rio de Janeiro a Mil\u00e3o (It\u00e1lia), com conex\u00e3o em Paris (Fran\u00e7a).<\/p>\n\n\n\n<p>Para os magistrados, ficou comprovado que a empresa cometeu infra\u00e7\u00e3o prevista no C\u00f3digo Brasileiro da Aeron\u00e1utica (CBA).&nbsp;<\/p>\n\n\n\n<p>De acordo com o processo, o passageiro registrou uma ocorr\u00eancia na Anac relatando que n\u00e3o recebeu sua mala ao desembarcar no destino final em Mil\u00e3o. O objeto foi entregue quatro dias depois, no hotel onde se hospedou, e estava aberto, quebrado, com pertences faltantes e sem possibilidade de reparo.&nbsp;<\/p>\n\n\n\n<p>O passageiro registrou o ato em relat\u00f3rio de irregularidade de bagagem na It\u00e1lia e a ocorr\u00eancia, posteriormente, perante \u00e0 ag\u00eancia reguladora brasileira. Diante da situa\u00e7\u00e3o, a Anac aplicou uma multa \u00e0 companhia a\u00e9rea.<\/p>\n\n\n\n<p>A empresa acionou o Judici\u00e1rio e pediu nulidade do ato infracional. Ap\u00f3s a 14\u00aa Vara C\u00edvel de S\u00e3o Paulo\/SP julgar o pedido improcedente, a companhia recorreu ao TRF3.&nbsp;<\/p>\n\n\n\n<p>Na apela\u00e7\u00e3o, a a\u00e9rea alegou que a infra\u00e7\u00e3o n\u00e3o seria pass\u00edvel de multa, uma vez que a conduta prevista em lei \u00e9 gen\u00e9rica e carece de norma regulamentadora. Al\u00e9m disso, argumentou decad\u00eancia do direito e que o valor deveria ser calculado com base na Unidade Fiscal de Refer\u00eancia (UFIR).&nbsp;<\/p>\n\n\n\n<p>Ao analisar o caso, o desembargador federal Andre Nabarrete, relator do processo, explicou que o CBA prev\u00ea a aplica\u00e7\u00e3o de san\u00e7\u00e3o \u00e0 concession\u00e1ria ou permission\u00e1ria de servi\u00e7os que infringirem as Condi\u00e7\u00f5es Gerais de Transporte e normas sobre os servi\u00e7os a\u00e9reos.&nbsp;<\/p>\n\n\n\n<p>O magistrado acrescentou que a Portaria 676\/2000, do Comando da Aeron\u00e1utica, tratou sobre o extravio de objetos. \u201cDesse modo, constatada a exist\u00eancia de avarias na bagagem do passageiro, verifica-se o cometimento da infra\u00e7\u00e3o\u201d, ressaltou.&nbsp;<\/p>\n\n\n\n<p>Quanto \u00e0 multa, o relator explicou que o montante est\u00e1 de acordo com precedentes do TRF3 e do TRF2. Segundo o entendimento, a indica\u00e7\u00e3o do valor em moeda segue Resolu\u00e7\u00e3o da Anac e n\u00e3o viola o disposto no CBA. \u201cPorquanto em conson\u00e2ncia com o poder regulamentar da ag\u00eancia reguladora estabelecido no artigo 47 da Lei 11.182\/2005\u201d, ressaltou.&nbsp;<\/p>\n\n\n\n<p>Por fim, o magistrado pontuou que, entre a data do fato gerador do auto de infra\u00e7\u00e3o e a instaura\u00e7\u00e3o do processo administrativo, n\u00e3o houve decurso do prazo decadencial.&nbsp;<\/p>\n\n\n\n<p>Assim, por unanimidade, a Quarta Turma negou provimento ao pedido da empresa a\u00e9rea e manteve a multa aplicada pela Anac.&nbsp;<\/p>\n\n\n\n<p>Apela\u00e7\u00e3o C\u00edvel 0023341-83.2011.4.03.6100&nbsp;<\/p>\n\n\n\n<p>TRF3 03.11.2021<\/p>\n","protected":false},"excerpt":{"rendered":"<p>Empresa cometeu infra\u00e7\u00e3o prevista no C\u00f3digo Brasileiro da Aeron\u00e1utica<\/p>\n","protected":false},"author":1,"featured_media":1827,"comment_status":"open","ping_status":"closed","sticky":false,"template":"","format":"standard","meta":{"footnotes":"","jetpack_publicize_message":"","jetpack_is_tweetstorm":false,"jetpack_publicize_feature_enabled":true,"jetpack_social_post_already_shared":false,"jetpack_social_options":{"image_generator_settings":{"template":"highway","enabled":false}}},"categories":[11,28],"tags":[1445,1448,1447,1446,1449,1444],"jetpack_publicize_connections":[],"jetpack_featured_media_url":"https:\/\/i0.wp.com\/blog.bfsadvocacia.com.br\/wp-content\/uploads\/2021\/11\/pexels-photo-2646521.jpeg?fit=867%2C1300&ssl=1","featured_image_urls":{"full":["https:\/\/i0.wp.com\/blog.bfsadvocacia.com.br\/wp-content\/uploads\/2021\/11\/pexels-photo-2646521.jpeg?fit=867%2C1300&ssl=1",867,1300,false],"thumbnail":["https:\/\/i0.wp.com\/blog.bfsadvocacia.com.br\/wp-content\/uploads\/2021\/11\/pexels-photo-2646521.jpeg?resize=150%2C150&ssl=1",150,150,true],"medium":["https:\/\/i0.wp.com\/blog.bfsadvocacia.com.br\/wp-content\/uploads\/2021\/11\/pexels-photo-2646521.jpeg?fit=200%2C300&ssl=1",200,300,true],"medium_large":["https:\/\/i0.wp.com\/blog.bfsadvocacia.com.br\/wp-content\/uploads\/2021\/11\/pexels-photo-2646521.jpeg?fit=640%2C960&ssl=1",640,960,true],"large":["https:\/\/i0.wp.com\/blog.bfsadvocacia.com.br\/wp-content\/uploads\/2021\/11\/pexels-photo-2646521.jpeg?fit=640%2C960&ssl=1",640,960,true],"1536x1536":["https:\/\/i0.wp.com\/blog.bfsadvocacia.com.br\/wp-content\/uploads\/2021\/11\/pexels-photo-2646521.jpeg?fit=867%2C1300&ssl=1",867,1300,true],"2048x2048":["https:\/\/i0.wp.com\/blog.bfsadvocacia.com.br\/wp-content\/uploads\/2021\/11\/pexels-photo-2646521.jpeg?fit=867%2C1300&ssl=1",867,1300,true],"covernews-slider-full":["https:\/\/i0.wp.com\/blog.bfsadvocacia.com.br\/wp-content\/uploads\/2021\/11\/pexels-photo-2646521.jpeg?resize=608%2C715&ssl=1",608,715,true],"covernews-slider-center":["https:\/\/i0.wp.com\/blog.bfsadvocacia.com.br\/wp-content\/uploads\/2021\/11\/pexels-photo-2646521.jpeg?resize=483%2C500&ssl=1",483,500,true],"covernews-featured":["https:\/\/i0.wp.com\/blog.bfsadvocacia.com.br\/wp-content\/uploads\/2021\/11\/pexels-photo-2646521.jpeg?fit=867%2C1300&ssl=1",867,1300,true],"covernews-medium":["https:\/\/i0.wp.com\/blog.bfsadvocacia.com.br\/wp-content\/uploads\/2021\/11\/pexels-photo-2646521.jpeg?resize=540%2C285&ssl=1",540,285,true],"covernews-medium-square":["https:\/\/i0.wp.com\/blog.bfsadvocacia.com.br\/wp-content\/uploads\/2021\/11\/pexels-photo-2646521.jpeg?resize=375%2C250&ssl=1",375,250,true]},"author_info":{"display_name":"bfsadvocacia","author_link":"https:\/\/blog.bfsadvocacia.com.br\/index.php\/author\/bfsadvocacia\/"},"category_info":"<a href=\"https:\/\/blog.bfsadvocacia.com.br\/index.php\/category\/advogado-sp\/\" rel=\"category tag\">advogado sp<\/a> <a href=\"https:\/\/blog.bfsadvocacia.com.br\/index.php\/category\/atualidades-juridicas\/\" rel=\"category tag\">atualidades jur\u00eddicas<\/a>","tag_info":"atualidades jur\u00eddicas","comment_count":"0","amp_enabled":true,"_links":{"self":[{"href":"https:\/\/blog.bfsadvocacia.com.br\/index.php\/wp-json\/wp\/v2\/posts\/1826"}],"collection":[{"href":"https:\/\/blog.bfsadvocacia.com.br\/index.php\/wp-json\/wp\/v2\/posts"}],"about":[{"href":"https:\/\/blog.bfsadvocacia.com.br\/index.php\/wp-json\/wp\/v2\/types\/post"}],"author":[{"embeddable":true,"href":"https:\/\/blog.bfsadvocacia.com.br\/index.php\/wp-json\/wp\/v2\/users\/1"}],"replies":[{"embeddable":true,"href":"https:\/\/blog.bfsadvocacia.com.br\/index.php\/wp-json\/wp\/v2\/comments?post=1826"}],"version-history":[{"count":2,"href":"https:\/\/blog.bfsadvocacia.com.br\/index.php\/wp-json\/wp\/v2\/posts\/1826\/revisions"}],"predecessor-version":[{"id":1838,"href":"https:\/\/blog.bfsadvocacia.com.br\/index.php\/wp-json\/wp\/v2\/posts\/1826\/revisions\/1838"}],"wp:featuredmedia":[{"embeddable":true,"href":"https:\/\/blog.bfsadvocacia.com.br\/index.php\/wp-json\/wp\/v2\/media\/1827"}],"wp:attachment":[{"href":"https:\/\/blog.bfsadvocacia.com.br\/index.php\/wp-json\/wp\/v2\/media?parent=1826"}],"wp:term":[{"taxonomy":"category","embeddable":true,"href":"https:\/\/blog.bfsadvocacia.com.br\/index.php\/wp-json\/wp\/v2\/categories?post=1826"},{"taxonomy":"post_tag","embeddable":true,"href":"https:\/\/blog.bfsadvocacia.com.br\/index.php\/wp-json\/wp\/v2\/tags?post=1826"}],"curies":[{"name":"wp","href":"https:\/\/api.w.org\/{rel}","templated":true}]}}