{"id":1830,"date":"2021-11-19T07:00:00","date_gmt":"2021-11-19T10:00:00","guid":{"rendered":"http:\/\/blog.bfsadvocacia.com.br\/?p=1830"},"modified":"2021-11-17T20:39:57","modified_gmt":"2021-11-17T23:39:57","slug":"trf3-impoe-multa-ao-inss-por-atraso-na-implantacao-de-beneficio-previdenciario","status":"publish","type":"post","link":"https:\/\/blog.bfsadvocacia.com.br\/index.php\/2021\/11\/19\/trf3-impoe-multa-ao-inss-por-atraso-na-implantacao-de-beneficio-previdenciario\/","title":{"rendered":"TRF3 imp\u00f5e multa ao INSS por atraso na implanta\u00e7\u00e3o de benef\u00edcio previdenci\u00e1rio"},"content":{"rendered":"\n<p>A S\u00e9tima Turma do Tribunal Regional Federal da 3\u00aa Regi\u00e3o (TRF3) condenou o Instituto Nacional do Seguro Social (INSS) ao pagamento de multa por atraso na implanta\u00e7\u00e3o de aposentadoria por tempo de contribui\u00e7\u00e3o concedida a um segurado por ordem judicial.&nbsp;&nbsp;<\/p>\n\n\n\n<p>Para os magistrados, ficou configurado que a autarquia descumpriu a determina\u00e7\u00e3o de forma injustificada.&nbsp;&nbsp;<\/p>\n\n\n\n<p>De acordo com o processo, a decis\u00e3o que concedeu o benef\u00edcio previdenci\u00e1rio ao segurado estabeleceu a&nbsp;implementa\u00e7\u00e3o&nbsp;em 20 dias, sob pena de aplica\u00e7\u00e3o de multa di\u00e1ria fixada em R$100,00.&nbsp;A autarquia federal foi intimada da decis\u00e3o&nbsp;em 4\/7\/2019 e&nbsp;s\u00f3&nbsp;atendeu&nbsp;a ordem em 1\/11\/2019.&nbsp;<\/p>\n\n\n\n<p>Em&nbsp;processo de cumprimento de senten\u00e7a, o autor&nbsp;requereu&nbsp;que o INSS pagasse a multa fixada por atraso na implanta\u00e7\u00e3o&nbsp;do benef\u00edcio&nbsp;previdenci\u00e1rio.&nbsp;Ap\u00f3s a Justi\u00e7a Estadual de Monte Alto\/SP, em compet\u00eancia delegada, afastar a penalidade e extinguir a a\u00e7\u00e3o, o autor recorreu ao TRF3.&nbsp;<\/p>\n\n\n\n<p>Ao analisar o caso, a desembargadora federal In\u00eas Virg\u00ednia, relatora do processo, explicou que a legisla\u00e7\u00e3o prev\u00ea&nbsp;san\u00e7\u00e3o&nbsp;di\u00e1ria por atraso&nbsp;em raz\u00e3o da obriga\u00e7\u00e3o de fazer.&nbsp;\u201cTrata-se de meio coercitivo autorizado por lei, que visa assegurar a efetividade no cumprimento da ordem expedida\u201d, ressaltou.&nbsp;<\/p>\n\n\n\n<p>A magistrada&nbsp;tamb\u00e9m&nbsp;ponderou que o valor foi fixado em conformidade com os crit\u00e9rios legais.&nbsp;\u201cA multa possui fun\u00e7\u00e3o&nbsp;intimidat\u00f3ria, n\u00e3o podendo ser aplicada como reparadora de danos, devendo guardar proporcionalidade e razoabilidade com o bem jur\u00eddico tutelado\u201d, concluiu.&nbsp;<\/p>\n\n\n\n<p>Assim, por unanimidade, a S\u00e9tima Turma deu provimento ao recurso,&nbsp;anulou a senten\u00e7a e determinou&nbsp;o prosseguimento do processo.&nbsp;<\/p>\n\n\n\n<p>Apela\u00e7\u00e3o C\u00edvel 5274439-63.2020.4.03.9999&nbsp;<\/p>\n\n\n\n<p>TRF3 09.11.2021<\/p>\n","protected":false},"excerpt":{"rendered":"<p>Autarquia n\u00e3o cumpriu prazo estabelecido na decis\u00e3o judicial <\/p>\n","protected":false},"author":1,"featured_media":217,"comment_status":"open","ping_status":"closed","sticky":false,"template":"","format":"standard","meta":{"footnotes":"","jetpack_publicize_message":"","jetpack_is_tweetstorm":false,"jetpack_publicize_feature_enabled":true,"jetpack_social_post_already_shared":false,"jetpack_social_options":{"image_generator_settings":{"template":"highway","enabled":false}}},"categories":[14,11,12],"tags":[1065,786,22,1452,1451,1450,1453,1454],"jetpack_publicize_connections":[],"jetpack_featured_media_url":"https:\/\/i0.wp.com\/blog.bfsadvocacia.com.br\/wp-content\/uploads\/2020\/05\/inss_sede.jpeg?fit=664%2C443&ssl=1","featured_image_urls":{"full":["https:\/\/i0.wp.com\/blog.bfsadvocacia.com.br\/wp-content\/uploads\/2020\/05\/inss_sede.jpeg?fit=664%2C443&ssl=1",664,443,false],"thumbnail":["https:\/\/i0.wp.com\/blog.bfsadvocacia.com.br\/wp-content\/uploads\/2020\/05\/inss_sede.jpeg?resize=150%2C150&ssl=1",150,150,true],"medium":["https:\/\/i0.wp.com\/blog.bfsadvocacia.com.br\/wp-content\/uploads\/2020\/05\/inss_sede.jpeg?fit=300%2C200&ssl=1",300,200,true],"medium_large":["https:\/\/i0.wp.com\/blog.bfsadvocacia.com.br\/wp-content\/uploads\/2020\/05\/inss_sede.jpeg?fit=640%2C427&ssl=1",640,427,true],"large":["https:\/\/i0.wp.com\/blog.bfsadvocacia.com.br\/wp-content\/uploads\/2020\/05\/inss_sede.jpeg?fit=640%2C427&ssl=1",640,427,true],"1536x1536":["https:\/\/i0.wp.com\/blog.bfsadvocacia.com.br\/wp-content\/uploads\/2020\/05\/inss_sede.jpeg?fit=664%2C443&ssl=1",664,443,true],"2048x2048":["https:\/\/i0.wp.com\/blog.bfsadvocacia.com.br\/wp-content\/uploads\/2020\/05\/inss_sede.jpeg?fit=664%2C443&ssl=1",664,443,true],"covernews-slider-full":["https:\/\/i0.wp.com\/blog.bfsadvocacia.com.br\/wp-content\/uploads\/2020\/05\/inss_sede.jpeg?resize=664%2C443&ssl=1",664,443,true],"covernews-slider-center":["https:\/\/i0.wp.com\/blog.bfsadvocacia.com.br\/wp-content\/uploads\/2020\/05\/inss_sede.jpeg?resize=664%2C443&ssl=1",664,443,true],"covernews-featured":["https:\/\/i0.wp.com\/blog.bfsadvocacia.com.br\/wp-content\/uploads\/2020\/05\/inss_sede.jpeg?fit=664%2C443&ssl=1",664,443,true],"covernews-medium":["https:\/\/i0.wp.com\/blog.bfsadvocacia.com.br\/wp-content\/uploads\/2020\/05\/inss_sede.jpeg?resize=540%2C309&ssl=1",540,309,true],"covernews-medium-square":["https:\/\/i0.wp.com\/blog.bfsadvocacia.com.br\/wp-content\/uploads\/2020\/05\/inss_sede.jpeg?resize=400%2C250&ssl=1",400,250,true]},"author_info":{"display_name":"bfsadvocacia","author_link":"https:\/\/blog.bfsadvocacia.com.br\/index.php\/author\/bfsadvocacia\/"},"category_info":"<a href=\"https:\/\/blog.bfsadvocacia.com.br\/index.php\/category\/advogado-jundiai\/\" rel=\"category tag\">advogado jundia\u00ed<\/a> <a href=\"https:\/\/blog.bfsadvocacia.com.br\/index.php\/category\/advogado-sp\/\" rel=\"category tag\">advogado sp<\/a> <a href=\"https:\/\/blog.bfsadvocacia.com.br\/index.php\/category\/direito-previdenciario\/\" rel=\"category tag\">Direito Previdenci\u00e1rio<\/a>","tag_info":"Direito Previdenci\u00e1rio","comment_count":"2","amp_enabled":true,"_links":{"self":[{"href":"https:\/\/blog.bfsadvocacia.com.br\/index.php\/wp-json\/wp\/v2\/posts\/1830"}],"collection":[{"href":"https:\/\/blog.bfsadvocacia.com.br\/index.php\/wp-json\/wp\/v2\/posts"}],"about":[{"href":"https:\/\/blog.bfsadvocacia.com.br\/index.php\/wp-json\/wp\/v2\/types\/post"}],"author":[{"embeddable":true,"href":"https:\/\/blog.bfsadvocacia.com.br\/index.php\/wp-json\/wp\/v2\/users\/1"}],"replies":[{"embeddable":true,"href":"https:\/\/blog.bfsadvocacia.com.br\/index.php\/wp-json\/wp\/v2\/comments?post=1830"}],"version-history":[{"count":2,"href":"https:\/\/blog.bfsadvocacia.com.br\/index.php\/wp-json\/wp\/v2\/posts\/1830\/revisions"}],"predecessor-version":[{"id":1837,"href":"https:\/\/blog.bfsadvocacia.com.br\/index.php\/wp-json\/wp\/v2\/posts\/1830\/revisions\/1837"}],"wp:featuredmedia":[{"embeddable":true,"href":"https:\/\/blog.bfsadvocacia.com.br\/index.php\/wp-json\/wp\/v2\/media\/217"}],"wp:attachment":[{"href":"https:\/\/blog.bfsadvocacia.com.br\/index.php\/wp-json\/wp\/v2\/media?parent=1830"}],"wp:term":[{"taxonomy":"category","embeddable":true,"href":"https:\/\/blog.bfsadvocacia.com.br\/index.php\/wp-json\/wp\/v2\/categories?post=1830"},{"taxonomy":"post_tag","embeddable":true,"href":"https:\/\/blog.bfsadvocacia.com.br\/index.php\/wp-json\/wp\/v2\/tags?post=1830"}],"curies":[{"name":"wp","href":"https:\/\/api.w.org\/{rel}","templated":true}]}}