{"id":1861,"date":"2021-12-01T07:30:00","date_gmt":"2021-12-01T10:30:00","guid":{"rendered":"http:\/\/blog.bfsadvocacia.com.br\/?p=1861"},"modified":"2021-11-29T16:21:18","modified_gmt":"2021-11-29T19:21:18","slug":"militar-reformado-em-razao-de-cegueira-monocular-garante-o-direito-de-isencao-do-imposto-de-renda","status":"publish","type":"post","link":"https:\/\/blog.bfsadvocacia.com.br\/index.php\/2021\/12\/01\/militar-reformado-em-razao-de-cegueira-monocular-garante-o-direito-de-isencao-do-imposto-de-renda\/","title":{"rendered":"Militar reformado em raz\u00e3o de cegueira monocular garante o direito de isen\u00e7\u00e3o do imposto de renda"},"content":{"rendered":"\n<p><br>A 8\u00aa Turma do Tribunal Regional Federal da 1\u00aa Regi\u00e3o (TRF1) reconheceu o direto de um militar, reformado por possuir cegueira unilateral, de isen\u00e7\u00e3o do imposto de renda sobre seus proventos.<\/p>\n\n\n\n<p>Na 1\u00aa Inst\u00e2ncia, al\u00e9m da isen\u00e7\u00e3o do imposto de renda, o autor havia garantindo tamb\u00e9m, o direito a indeniza\u00e7\u00e3o por danos morais no valor de R$ 10 mil, uma vez que o pedido de isen\u00e7\u00e3o foi negado Administrativamente.<\/p>\n\n\n\n<p>Ao analisar o caso, o relator, desembargador federal Nov\u00e9ly Vilanova, destacou que o militar reformado realmente faz jus ao benef\u00edcio de isen\u00e7\u00e3o uma vez que o parecer da Junta Regular de Sa\u00fade do Comando da Aeron\u00e1utica, constante nos autos, atestam que \u201co autor \u00e9 portador de cegueira monocular. Outros exames e laudos m\u00e9dicos particulares confirmam o diagn\u00f3stico\u201d.<\/p>\n\n\n\n<p>Quanto aos danos morais, o magistrado entendeu que n\u00e3o configura ato il\u00edcito gerador de indeniza\u00e7\u00e3o o indeferimento administrativo da isen\u00e7\u00e3o do tributo sob o fundamento de que os exames apresentados no momento n\u00e3o configuraram doen\u00e7a especificada em lei. \u201cComo visto precedentemente, a lei prev\u00ea a isen\u00e7\u00e3o no caso de cegueira. Por causa do princ\u00edpio constitucional da legalidade, a Administra\u00e7\u00e3o n\u00e3o podia deferir o benef\u00edcio com fundamento em vis\u00e3o monocular, ainda que anteriormente comprovada\u201d.<\/p>\n\n\n\n<p>Segundo o desembargador federal, somente a partir da vig\u00eancia da Lei 14.126 de 22\/03\/2021 \u00e9 que essa doen\u00e7a (cegueira unilateral) foi classificada para todos os efeitos legais.<\/p>\n\n\n\n<p>A decis\u00e3o do Colegiado foi un\u00e2nime, acompanhando o voto do relator.<\/p>\n\n\n\n<p>Processo 1016272-26.2019.4.01.3200<\/p>\n\n\n\n<p>Data de julgamento: 08\/11\/2021<\/p>\n\n\n\n<p>TRF1 23.11.2021<\/p>\n","protected":false},"excerpt":{"rendered":"<p>A 8\u00aa Turma do Tribunal Regional Federal da 1\u00aa Regi\u00e3o (TRF1) reconheceu o direto de&#8230;<\/p>\n","protected":false},"author":1,"featured_media":1862,"comment_status":"open","ping_status":"open","sticky":false,"template":"","format":"standard","meta":{"footnotes":"","jetpack_publicize_message":"","jetpack_is_tweetstorm":false,"jetpack_publicize_feature_enabled":true,"jetpack_social_post_already_shared":false,"jetpack_social_options":{"image_generator_settings":{"template":"highway","enabled":false}}},"categories":[11],"tags":[1477,88,1478,1476],"jetpack_publicize_connections":[],"jetpack_featured_media_url":"https:\/\/i0.wp.com\/blog.bfsadvocacia.com.br\/wp-content\/uploads\/2021\/11\/soldier-uniform-army-weapon-41161.jpeg?fit=1880%2C1253&ssl=1","featured_image_urls":{"full":["https:\/\/i0.wp.com\/blog.bfsadvocacia.com.br\/wp-content\/uploads\/2021\/11\/soldier-uniform-army-weapon-41161.jpeg?fit=1880%2C1253&ssl=1",1880,1253,false],"thumbnail":["https:\/\/i0.wp.com\/blog.bfsadvocacia.com.br\/wp-content\/uploads\/2021\/11\/soldier-uniform-army-weapon-41161.jpeg?resize=150%2C150&ssl=1",150,150,true],"medium":["https:\/\/i0.wp.com\/blog.bfsadvocacia.com.br\/wp-content\/uploads\/2021\/11\/soldier-uniform-army-weapon-41161.jpeg?fit=300%2C200&ssl=1",300,200,true],"medium_large":["https:\/\/i0.wp.com\/blog.bfsadvocacia.com.br\/wp-content\/uploads\/2021\/11\/soldier-uniform-army-weapon-41161.jpeg?fit=640%2C427&ssl=1",640,427,true],"large":["https:\/\/i0.wp.com\/blog.bfsadvocacia.com.br\/wp-content\/uploads\/2021\/11\/soldier-uniform-army-weapon-41161.jpeg?fit=640%2C426&ssl=1",640,426,true],"1536x1536":["https:\/\/i0.wp.com\/blog.bfsadvocacia.com.br\/wp-content\/uploads\/2021\/11\/soldier-uniform-army-weapon-41161.jpeg?fit=1536%2C1024&ssl=1",1536,1024,true],"2048x2048":["https:\/\/i0.wp.com\/blog.bfsadvocacia.com.br\/wp-content\/uploads\/2021\/11\/soldier-uniform-army-weapon-41161.jpeg?fit=1880%2C1253&ssl=1",1880,1253,true],"covernews-slider-full":["https:\/\/i0.wp.com\/blog.bfsadvocacia.com.br\/wp-content\/uploads\/2021\/11\/soldier-uniform-army-weapon-41161.jpeg?resize=1077%2C715&ssl=1",1077,715,true],"covernews-slider-center":["https:\/\/i0.wp.com\/blog.bfsadvocacia.com.br\/wp-content\/uploads\/2021\/11\/soldier-uniform-army-weapon-41161.jpeg?resize=522%2C500&ssl=1",522,500,true],"covernews-featured":["https:\/\/i0.wp.com\/blog.bfsadvocacia.com.br\/wp-content\/uploads\/2021\/11\/soldier-uniform-army-weapon-41161.jpeg?fit=1024%2C682&ssl=1",1024,682,true],"covernews-medium":["https:\/\/i0.wp.com\/blog.bfsadvocacia.com.br\/wp-content\/uploads\/2021\/11\/soldier-uniform-army-weapon-41161.jpeg?resize=540%2C285&ssl=1",540,285,true],"covernews-medium-square":["https:\/\/i0.wp.com\/blog.bfsadvocacia.com.br\/wp-content\/uploads\/2021\/11\/soldier-uniform-army-weapon-41161.jpeg?resize=375%2C250&ssl=1",375,250,true]},"author_info":{"display_name":"bfsadvocacia","author_link":"https:\/\/blog.bfsadvocacia.com.br\/index.php\/author\/bfsadvocacia\/"},"category_info":"<a href=\"https:\/\/blog.bfsadvocacia.com.br\/index.php\/category\/advogado-sp\/\" rel=\"category tag\">advogado sp<\/a>","tag_info":"advogado sp","comment_count":"0","amp_enabled":true,"_links":{"self":[{"href":"https:\/\/blog.bfsadvocacia.com.br\/index.php\/wp-json\/wp\/v2\/posts\/1861"}],"collection":[{"href":"https:\/\/blog.bfsadvocacia.com.br\/index.php\/wp-json\/wp\/v2\/posts"}],"about":[{"href":"https:\/\/blog.bfsadvocacia.com.br\/index.php\/wp-json\/wp\/v2\/types\/post"}],"author":[{"embeddable":true,"href":"https:\/\/blog.bfsadvocacia.com.br\/index.php\/wp-json\/wp\/v2\/users\/1"}],"replies":[{"embeddable":true,"href":"https:\/\/blog.bfsadvocacia.com.br\/index.php\/wp-json\/wp\/v2\/comments?post=1861"}],"version-history":[{"count":1,"href":"https:\/\/blog.bfsadvocacia.com.br\/index.php\/wp-json\/wp\/v2\/posts\/1861\/revisions"}],"predecessor-version":[{"id":1863,"href":"https:\/\/blog.bfsadvocacia.com.br\/index.php\/wp-json\/wp\/v2\/posts\/1861\/revisions\/1863"}],"wp:featuredmedia":[{"embeddable":true,"href":"https:\/\/blog.bfsadvocacia.com.br\/index.php\/wp-json\/wp\/v2\/media\/1862"}],"wp:attachment":[{"href":"https:\/\/blog.bfsadvocacia.com.br\/index.php\/wp-json\/wp\/v2\/media?parent=1861"}],"wp:term":[{"taxonomy":"category","embeddable":true,"href":"https:\/\/blog.bfsadvocacia.com.br\/index.php\/wp-json\/wp\/v2\/categories?post=1861"},{"taxonomy":"post_tag","embeddable":true,"href":"https:\/\/blog.bfsadvocacia.com.br\/index.php\/wp-json\/wp\/v2\/tags?post=1861"}],"curies":[{"name":"wp","href":"https:\/\/api.w.org\/{rel}","templated":true}]}}