{"id":1943,"date":"2022-01-14T13:50:00","date_gmt":"2022-01-14T16:50:00","guid":{"rendered":"http:\/\/blog.bfsadvocacia.com.br\/?p=1943"},"modified":"2022-01-12T14:01:00","modified_gmt":"2022-01-12T17:01:00","slug":"periodo-de-carencia-so-pode-ser-dispensado-em-casos-de-avc-com-paralisia-total","status":"publish","type":"post","link":"https:\/\/blog.bfsadvocacia.com.br\/index.php\/2022\/01\/14\/periodo-de-carencia-so-pode-ser-dispensado-em-casos-de-avc-com-paralisia-total\/","title":{"rendered":"Per\u00edodo de car\u00eancia s\u00f3 pode ser dispensado em casos de AVC com paralisia total"},"content":{"rendered":"\n<p>Apenas em casos de acidente vascular cerebral (AVC) com sequelas graves, como a paralisia total, \u00e9 poss\u00edvel a dispensa da car\u00eancia para que o trabalhador seja considerado segurado para fins de recebimento de benef\u00edcio. Com este entendimento, a Turma Regional Suplementar do Paran\u00e1 do Tribunal Regional Federal da 4\u00aa Regi\u00e3o (TRF4) diminuiu o pagamento retroativo de uma costureira de 63 anos residente no munic\u00edpio de Bandeirantes (PR). A decis\u00e3o foi proferida no \u00faltimo m\u00eas (17\/11).<\/p>\n\n\n\n<p>A mulher, que ficou com sequelas parciais ap\u00f3s sofrer um&nbsp;AVC em 2017, ajuizou a\u00e7\u00e3o na Comarca de Bandeirantes requerendo o aux\u00edlio-doen\u00e7a ou aposentadoria por invalidez, que haviam sido negados administrativamente pelo Instituto Nacional do Seguro Social (INSS). Segundo a autarquia, ela n\u00e3o tinha a qualidade de segurada, pois n\u00e3o havia completado o per\u00edodo de car\u00eancia (tempo de contribui\u00e7\u00e3o m\u00ednimo). A a\u00e7\u00e3o foi julgada improcedente e ela apelou ao TRF4.<\/p>\n\n\n\n<p>Em decis\u00e3o un\u00e2nime, a Turma reformou a senten\u00e7a e determinou a implanta\u00e7\u00e3o do benef\u00edcio de aposentadoria por invalidez sob o entendimento de que a autora estava incapaz de continuar trabalhando. Por maioria, o colegiado decidiu conceder acr\u00e9scimo de 25% do valor do benef\u00edcio devido \u00e0 depend\u00eancia da autora de terceiros.<\/p>\n\n\n\n<p>A aposentadoria, entretanto, dever\u00e1 ser paga retroativamente a janeiro de 2021, quando a costureira implementou a car\u00eancia necess\u00e1ria para a obten\u00e7\u00e3o do benef\u00edcio, e n\u00e3o na data do requerimento administrativo. \u201cA per\u00edcia m\u00e9dica atesta que a autora apresenta o CID sequela de AVC, com incapacidade total e definitiva, todavia, n\u00e3o atestou a ocorr\u00eancia de circunst\u00e2ncia grave, como paralisia total e irrevers\u00edvel, a modo de conceder extraordinariamente a dispensa da car\u00eancia\u201d, analisou o relator, desembargador M\u00e1rcio Antonio Rocha.<\/p>\n\n\n\n<p>A autarquia dever\u00e1 implantar o benef\u00edcio em 45 dias. Os valores anteriores ser\u00e3o corrigidos com juros e corre\u00e7\u00e3o monet\u00e1ria.<br><a href=\"https:\/\/www.trf4.jus.br\/trf4\/controlador.php?acao=consulta_processual_resultado_pesquisa&amp;selForma=NU&amp;txtValor=50170045420214049999&amp;selOrigem=TRF&amp;chkMostrarBaixados=1\">N\u00ba 5017004-54.2021.4.04.9999\/TRF<\/a><\/p>\n\n\n\n<p>TRF4 02.12.2021<\/p>\n","protected":false},"excerpt":{"rendered":"<p>A autarquia dever\u00e1 implantar o benef\u00edcio em 45 dias<\/p>\n","protected":false},"author":1,"featured_media":1950,"comment_status":"open","ping_status":"closed","sticky":false,"template":"","format":"standard","meta":{"footnotes":"","jetpack_publicize_message":"","jetpack_is_tweetstorm":false,"jetpack_publicize_feature_enabled":true,"jetpack_social_post_already_shared":false,"jetpack_social_options":{"image_generator_settings":{"template":"highway","enabled":false}}},"categories":[11,12],"tags":[1322,17,1526,1527],"jetpack_publicize_connections":[],"jetpack_featured_media_url":"https:\/\/i0.wp.com\/blog.bfsadvocacia.com.br\/wp-content\/uploads\/2022\/01\/pexels-photo-5723883.jpeg?fit=1880%2C1253&ssl=1","featured_image_urls":{"full":["https:\/\/i0.wp.com\/blog.bfsadvocacia.com.br\/wp-content\/uploads\/2022\/01\/pexels-photo-5723883.jpeg?fit=1880%2C1253&ssl=1",1880,1253,false],"thumbnail":["https:\/\/i0.wp.com\/blog.bfsadvocacia.com.br\/wp-content\/uploads\/2022\/01\/pexels-photo-5723883.jpeg?resize=150%2C150&ssl=1",150,150,true],"medium":["https:\/\/i0.wp.com\/blog.bfsadvocacia.com.br\/wp-content\/uploads\/2022\/01\/pexels-photo-5723883.jpeg?fit=300%2C200&ssl=1",300,200,true],"medium_large":["https:\/\/i0.wp.com\/blog.bfsadvocacia.com.br\/wp-content\/uploads\/2022\/01\/pexels-photo-5723883.jpeg?fit=640%2C427&ssl=1",640,427,true],"large":["https:\/\/i0.wp.com\/blog.bfsadvocacia.com.br\/wp-content\/uploads\/2022\/01\/pexels-photo-5723883.jpeg?fit=640%2C426&ssl=1",640,426,true],"1536x1536":["https:\/\/i0.wp.com\/blog.bfsadvocacia.com.br\/wp-content\/uploads\/2022\/01\/pexels-photo-5723883.jpeg?fit=1536%2C1024&ssl=1",1536,1024,true],"2048x2048":["https:\/\/i0.wp.com\/blog.bfsadvocacia.com.br\/wp-content\/uploads\/2022\/01\/pexels-photo-5723883.jpeg?fit=1880%2C1253&ssl=1",1880,1253,true],"covernews-slider-full":["https:\/\/i0.wp.com\/blog.bfsadvocacia.com.br\/wp-content\/uploads\/2022\/01\/pexels-photo-5723883.jpeg?resize=1077%2C715&ssl=1",1077,715,true],"covernews-slider-center":["https:\/\/i0.wp.com\/blog.bfsadvocacia.com.br\/wp-content\/uploads\/2022\/01\/pexels-photo-5723883.jpeg?resize=522%2C500&ssl=1",522,500,true],"covernews-featured":["https:\/\/i0.wp.com\/blog.bfsadvocacia.com.br\/wp-content\/uploads\/2022\/01\/pexels-photo-5723883.jpeg?fit=1024%2C682&ssl=1",1024,682,true],"covernews-medium":["https:\/\/i0.wp.com\/blog.bfsadvocacia.com.br\/wp-content\/uploads\/2022\/01\/pexels-photo-5723883.jpeg?resize=540%2C285&ssl=1",540,285,true],"covernews-medium-square":["https:\/\/i0.wp.com\/blog.bfsadvocacia.com.br\/wp-content\/uploads\/2022\/01\/pexels-photo-5723883.jpeg?resize=375%2C250&ssl=1",375,250,true]},"author_info":{"display_name":"bfsadvocacia","author_link":"https:\/\/blog.bfsadvocacia.com.br\/index.php\/author\/bfsadvocacia\/"},"category_info":"<a href=\"https:\/\/blog.bfsadvocacia.com.br\/index.php\/category\/advogado-sp\/\" rel=\"category tag\">advogado sp<\/a> <a href=\"https:\/\/blog.bfsadvocacia.com.br\/index.php\/category\/direito-previdenciario\/\" rel=\"category tag\">Direito Previdenci\u00e1rio<\/a>","tag_info":"Direito Previdenci\u00e1rio","comment_count":"0","amp_enabled":true,"_links":{"self":[{"href":"https:\/\/blog.bfsadvocacia.com.br\/index.php\/wp-json\/wp\/v2\/posts\/1943"}],"collection":[{"href":"https:\/\/blog.bfsadvocacia.com.br\/index.php\/wp-json\/wp\/v2\/posts"}],"about":[{"href":"https:\/\/blog.bfsadvocacia.com.br\/index.php\/wp-json\/wp\/v2\/types\/post"}],"author":[{"embeddable":true,"href":"https:\/\/blog.bfsadvocacia.com.br\/index.php\/wp-json\/wp\/v2\/users\/1"}],"replies":[{"embeddable":true,"href":"https:\/\/blog.bfsadvocacia.com.br\/index.php\/wp-json\/wp\/v2\/comments?post=1943"}],"version-history":[{"count":1,"href":"https:\/\/blog.bfsadvocacia.com.br\/index.php\/wp-json\/wp\/v2\/posts\/1943\/revisions"}],"predecessor-version":[{"id":1951,"href":"https:\/\/blog.bfsadvocacia.com.br\/index.php\/wp-json\/wp\/v2\/posts\/1943\/revisions\/1951"}],"wp:featuredmedia":[{"embeddable":true,"href":"https:\/\/blog.bfsadvocacia.com.br\/index.php\/wp-json\/wp\/v2\/media\/1950"}],"wp:attachment":[{"href":"https:\/\/blog.bfsadvocacia.com.br\/index.php\/wp-json\/wp\/v2\/media?parent=1943"}],"wp:term":[{"taxonomy":"category","embeddable":true,"href":"https:\/\/blog.bfsadvocacia.com.br\/index.php\/wp-json\/wp\/v2\/categories?post=1943"},{"taxonomy":"post_tag","embeddable":true,"href":"https:\/\/blog.bfsadvocacia.com.br\/index.php\/wp-json\/wp\/v2\/tags?post=1943"}],"curies":[{"name":"wp","href":"https:\/\/api.w.org\/{rel}","templated":true}]}}