{"id":1970,"date":"2022-01-27T15:31:12","date_gmt":"2022-01-27T18:31:12","guid":{"rendered":"http:\/\/blog.bfsadvocacia.com.br\/?p=1970"},"modified":"2022-01-27T15:31:15","modified_gmt":"2022-01-27T18:31:15","slug":"e-possivel-a-revisao-aduaneira-de-declaracao-de-importacao-submetida-a-qualquer-canal-de-parametrizacao-define-primeira-turma","status":"publish","type":"post","link":"https:\/\/blog.bfsadvocacia.com.br\/index.php\/2022\/01\/27\/e-possivel-a-revisao-aduaneira-de-declaracao-de-importacao-submetida-a-qualquer-canal-de-parametrizacao-define-primeira-turma\/","title":{"rendered":"\u00c9 poss\u00edvel a revis\u00e3o aduaneira de declara\u00e7\u00e3o de importa\u00e7\u00e3o submetida a qualquer canal de parametriza\u00e7\u00e3o, define Primeira Turma"},"content":{"rendered":"\n<p>A&nbsp;Primeira Turma do Superior Tribunal de Justi\u00e7a (STJ) deu parcial provimento a um recurso da Fazenda Nacional para reconhecer que a revis\u00e3o aduaneira de Declara\u00e7\u00f5es de Importa\u00e7\u00e3o (DI) pode ser feita pela Receita em qualquer um dos quatro canais de parametriza\u00e7\u00e3o existentes para a importa\u00e7\u00e3o: verde, amarelo, vermelho e cinza.<\/p>\n\n\n\n<p>Para o colegiado, ao contr\u00e1rio do que concluiu o Tribunal Regional Federal da 4\u00aa Regi\u00e3o, essa possibilidade de revis\u00e3o n\u00e3o est\u00e1 restrita \u00e0 categoria verde, a mais simples. A Primeira Turma alinhou-se a entendimento j\u00e1 firmado na Segunda Turma, no sentido de que a primeira oportunidade (confer\u00eancia) n\u00e3o ilide a segunda (revis\u00e3o) \u2013 que surge ap\u00f3s o desembara\u00e7o aduaneiro \u2013, na qual o Fisco revisitar\u00e1 todos os atos celeremente praticados no primeiro procedimento.<\/p>\n\n\n\n<p>Segundo as normas da Receita Federal, uma das etapas do desembara\u00e7o aduaneiro \u00e9 chamada de parametriza\u00e7\u00e3o, procedimento criado para confer\u00eancia e verifica\u00e7\u00e3o por amostragem. Os canais recebem nomes de cores que identificam o grau de exame realizado para o desembara\u00e7o, desde o autom\u00e1tico (verde), passando pelo documental (amarelo), pela verifica\u00e7\u00e3o f\u00edsica da mercadoria (vermelho) at\u00e9 o procedimento especial de controle aduaneiro (cinza), para verificar ind\u00edcios de fraude.<\/p>\n\n\n\n<h2 class=\"wp-block-heading\" id=\"mudancas-na-parametrizacao\">Mudan\u00e7as na parametriza\u00e7\u00e3o<\/h2>\n\n\n\n<p>Para o relator do recurso, ministro Gurgel de Faria, a parametriza\u00e7\u00e3o para o canal vermelho ou amarelo de confer\u00eancia aduaneira (como no caso analisado) em nada afeta a possibilidade de revis\u00e3o aduaneira.<\/p>\n\n\n\n<p>Ele destacou o conceito do&nbsp;<a href=\"https:\/\/www.planalto.gov.br\/ccivil_03\/_ato2007-2010\/2009\/decreto\/d6759.htm#art638\" target=\"_blank\" rel=\"noreferrer noopener\"><strong>artigo 638 do Decreto 6.759\/2009<\/strong><\/a>&nbsp;\u2013 Regulamento aduaneiro \u2013, segundo o qual a &#8220;revis\u00e3o aduaneira \u00e9 o ato pelo qual \u00e9 apurada, ap\u00f3s o desembara\u00e7o aduaneiro, a regularidade do pagamento dos impostos e dos demais gravames devidos \u00e0 Fazenda Nacional, da aplica\u00e7\u00e3o de benef\u00edcio fiscal e da exatid\u00e3o das informa\u00e7\u00f5es prestadas pelo importador na declara\u00e7\u00e3o de importa\u00e7\u00e3o, ou pelo exportador na declara\u00e7\u00e3o de exporta\u00e7\u00e3o&#8221;.<\/p>\n\n\n\n<p>O magistrado observou que a legisla\u00e7\u00e3o que rege a mat\u00e9ria &#8220;n\u00e3o vincula o direito do fisco de proceder \u00e0 revis\u00e3o da regularidade do pagamento dos impostos a determinado tipo de canal de confer\u00eancia aduaneira ao qual a mercadoria foi submetida, quais sejam, canais de parametriza\u00e7\u00e3o verde, amarelo, vermelho ou cinza&#8221;.<\/p>\n\n\n\n<h2 class=\"wp-block-heading\" id=\"alteracao-na-classificacao-dos-produtos\">Altera\u00e7\u00e3o&nbsp;na classifica\u00e7\u00e3o dos produtos<\/h2>\n\n\n\n<p>O recurso julgado teve origem em uma a\u00e7\u00e3o ajuizada pelo importador contribuinte, que objetivava a anula\u00e7\u00e3o de auto de infra\u00e7\u00e3o aduaneiro, bem como o afastamento de multas impostas pelo fisco. Havia mercadorias parametrizadas para os canais verde, amarelo e vermelho. Os pedidos foram julgados parcialmente procedentes.<\/p>\n\n\n\n<p>O Tribunal Regional Federal da 4\u00aa Regi\u00e3o (TRF4) considerou poss\u00edvel a revis\u00e3o aduaneira apenas na hip\u00f3tese de mercadora importada direcionada para o &#8220;canal verde&#8221;, oportunidade em que a mercadoria \u00e9 desembara\u00e7ada automaticamente, sem qualquer verifica\u00e7\u00e3o.<\/p>\n\n\n\n<p>Para o TRF4, nesse caso, como a autoridade fiscal n\u00e3o realizou qualquer procedimento de confer\u00eancia dos documentos e das informa\u00e7\u00f5es da DI (o que s\u00f3 acontece nos canais amarelo, vermelho e cinza), seria permitida a revis\u00e3o aduaneira, mesmo sem a constata\u00e7\u00e3o de alguma fraude. Cerca de 88% das DIs s\u00e3o parametrizadas para o canal verde.<\/p>\n\n\n\n<h2 class=\"wp-block-heading\" id=\"conferencia-desembaraco-e-revisao-aduaneira\">Confer\u00eancia, desembara\u00e7o e revis\u00e3o aduaneira<\/h2>\n\n\n\n<p>Em seu voto, o ministro Gurgel de Faria destacou precedente da Segunda Turma (<a href=\"https:\/\/processo.stj.jus.br\/processo\/revista\/documento\/mediado\/?componente=ITA&amp;sequencial=1367024&amp;num_registro=201001196187&amp;data=20141124&amp;formato=PDF\"><strong>REsp 1.201.845<\/strong><\/a>) em que foi abordada a necess\u00e1ria diferencia\u00e7\u00e3o dos processos de &#8220;confer\u00eancia aduaneira&#8221;, &#8220;desembara\u00e7o aduaneiro&#8221; e &#8220;revis\u00e3o aduaneira&#8221;. A confer\u00eancia exige celeridade (tem prazo de cinco dias \u00fateis), porque a mercadoria est\u00e1 em dep\u00f3sito por conta do contribuinte, e quanto mais tempo levar, mais demorar\u00e1 o desembara\u00e7o aduaneiro.<\/p>\n\n\n\n<p>O relator ressaltou que o precedente corroborou o entendimento de inexist\u00eancia de \u00f3bice \u00e0 revis\u00e3o aduaneira de mercadorias importadas e parametrizadas para os canais amarelo e vermelho na fase de confer\u00eancia. Segundo o precedente, essa primeira oportunidade de fiscaliza\u00e7\u00e3o n\u00e3o impede a revis\u00e3o de todos os atos que foram celeremente praticados.<\/p>\n\n\n\n<p>No caso analisado, a Primeira Turma deu parcial provimento ao recurso da Fazenda, definindo o retorno do processo ao TRF4, para que o m\u00e9rito da declara\u00e7\u00e3o de importa\u00e7\u00e3o questionada seja analisado, bem como as quest\u00f5es remanescentes.\u00a0<\/p>\n\n\n\n<p>Esta not\u00edcia refere-se ao(s)\u00a0processo(s):<a class=\"\" href=\"https:\/\/ww2.stj.jus.br\/processo\/pesquisa\/?aplicacao=processos.ea&amp;tipoPesquisa=tipoPesquisaGenerica&amp;termo=REsp%201826124\">REsp 1826124<\/a><\/p>\n\n\n\n<p>STJ 26.01.2022<\/p>\n","protected":false},"excerpt":{"rendered":"<p>A&nbsp;Primeira Turma do Superior Tribunal de Justi\u00e7a (STJ) deu parcial provimento a um recurso da&#8230;<\/p>\n","protected":false},"author":1,"featured_media":1973,"comment_status":"open","ping_status":"closed","sticky":false,"template":"","format":"standard","meta":{"footnotes":"","jetpack_publicize_message":"","jetpack_is_tweetstorm":false,"jetpack_publicize_feature_enabled":true,"jetpack_social_post_already_shared":false,"jetpack_social_options":{"image_generator_settings":{"template":"highway","enabled":false}}},"categories":[11,28],"tags":[1545,1549,1547,1546,843,1548,1544],"jetpack_publicize_connections":[],"jetpack_featured_media_url":"https:\/\/i0.wp.com\/blog.bfsadvocacia.com.br\/wp-content\/uploads\/2022\/01\/pexels-photo-2231743.jpeg?fit=1880%2C1252&ssl=1","featured_image_urls":{"full":["https:\/\/i0.wp.com\/blog.bfsadvocacia.com.br\/wp-content\/uploads\/2022\/01\/pexels-photo-2231743.jpeg?fit=1880%2C1252&ssl=1",1880,1252,false],"thumbnail":["https:\/\/i0.wp.com\/blog.bfsadvocacia.com.br\/wp-content\/uploads\/2022\/01\/pexels-photo-2231743.jpeg?resize=150%2C150&ssl=1",150,150,true],"medium":["https:\/\/i0.wp.com\/blog.bfsadvocacia.com.br\/wp-content\/uploads\/2022\/01\/pexels-photo-2231743.jpeg?fit=300%2C200&ssl=1",300,200,true],"medium_large":["https:\/\/i0.wp.com\/blog.bfsadvocacia.com.br\/wp-content\/uploads\/2022\/01\/pexels-photo-2231743.jpeg?fit=640%2C426&ssl=1",640,426,true],"large":["https:\/\/i0.wp.com\/blog.bfsadvocacia.com.br\/wp-content\/uploads\/2022\/01\/pexels-photo-2231743.jpeg?fit=640%2C426&ssl=1",640,426,true],"1536x1536":["https:\/\/i0.wp.com\/blog.bfsadvocacia.com.br\/wp-content\/uploads\/2022\/01\/pexels-photo-2231743.jpeg?fit=1536%2C1023&ssl=1",1536,1023,true],"2048x2048":["https:\/\/i0.wp.com\/blog.bfsadvocacia.com.br\/wp-content\/uploads\/2022\/01\/pexels-photo-2231743.jpeg?fit=1880%2C1252&ssl=1",1880,1252,true],"covernews-slider-full":["https:\/\/i0.wp.com\/blog.bfsadvocacia.com.br\/wp-content\/uploads\/2022\/01\/pexels-photo-2231743.jpeg?resize=1077%2C715&ssl=1",1077,715,true],"covernews-slider-center":["https:\/\/i0.wp.com\/blog.bfsadvocacia.com.br\/wp-content\/uploads\/2022\/01\/pexels-photo-2231743.jpeg?resize=522%2C500&ssl=1",522,500,true],"covernews-featured":["https:\/\/i0.wp.com\/blog.bfsadvocacia.com.br\/wp-content\/uploads\/2022\/01\/pexels-photo-2231743.jpeg?fit=1024%2C682&ssl=1",1024,682,true],"covernews-medium":["https:\/\/i0.wp.com\/blog.bfsadvocacia.com.br\/wp-content\/uploads\/2022\/01\/pexels-photo-2231743.jpeg?resize=540%2C285&ssl=1",540,285,true],"covernews-medium-square":["https:\/\/i0.wp.com\/blog.bfsadvocacia.com.br\/wp-content\/uploads\/2022\/01\/pexels-photo-2231743.jpeg?resize=375%2C250&ssl=1",375,250,true]},"author_info":{"display_name":"bfsadvocacia","author_link":"https:\/\/blog.bfsadvocacia.com.br\/index.php\/author\/bfsadvocacia\/"},"category_info":"<a href=\"https:\/\/blog.bfsadvocacia.com.br\/index.php\/category\/advogado-sp\/\" rel=\"category tag\">advogado sp<\/a> <a href=\"https:\/\/blog.bfsadvocacia.com.br\/index.php\/category\/atualidades-juridicas\/\" rel=\"category tag\">atualidades jur\u00eddicas<\/a>","tag_info":"atualidades jur\u00eddicas","comment_count":"0","amp_enabled":true,"_links":{"self":[{"href":"https:\/\/blog.bfsadvocacia.com.br\/index.php\/wp-json\/wp\/v2\/posts\/1970"}],"collection":[{"href":"https:\/\/blog.bfsadvocacia.com.br\/index.php\/wp-json\/wp\/v2\/posts"}],"about":[{"href":"https:\/\/blog.bfsadvocacia.com.br\/index.php\/wp-json\/wp\/v2\/types\/post"}],"author":[{"embeddable":true,"href":"https:\/\/blog.bfsadvocacia.com.br\/index.php\/wp-json\/wp\/v2\/users\/1"}],"replies":[{"embeddable":true,"href":"https:\/\/blog.bfsadvocacia.com.br\/index.php\/wp-json\/wp\/v2\/comments?post=1970"}],"version-history":[{"count":1,"href":"https:\/\/blog.bfsadvocacia.com.br\/index.php\/wp-json\/wp\/v2\/posts\/1970\/revisions"}],"predecessor-version":[{"id":1974,"href":"https:\/\/blog.bfsadvocacia.com.br\/index.php\/wp-json\/wp\/v2\/posts\/1970\/revisions\/1974"}],"wp:featuredmedia":[{"embeddable":true,"href":"https:\/\/blog.bfsadvocacia.com.br\/index.php\/wp-json\/wp\/v2\/media\/1973"}],"wp:attachment":[{"href":"https:\/\/blog.bfsadvocacia.com.br\/index.php\/wp-json\/wp\/v2\/media?parent=1970"}],"wp:term":[{"taxonomy":"category","embeddable":true,"href":"https:\/\/blog.bfsadvocacia.com.br\/index.php\/wp-json\/wp\/v2\/categories?post=1970"},{"taxonomy":"post_tag","embeddable":true,"href":"https:\/\/blog.bfsadvocacia.com.br\/index.php\/wp-json\/wp\/v2\/tags?post=1970"}],"curies":[{"name":"wp","href":"https:\/\/api.w.org\/{rel}","templated":true}]}}