{"id":1988,"date":"2022-01-31T08:07:00","date_gmt":"2022-01-31T11:07:00","guid":{"rendered":"http:\/\/blog.bfsadvocacia.com.br\/?p=1988"},"modified":"2022-01-27T15:57:05","modified_gmt":"2022-01-27T18:57:05","slug":"trf3-garante-liberacao-do-fgts-a-portador-de-cardiopatia-grave","status":"publish","type":"post","link":"https:\/\/blog.bfsadvocacia.com.br\/index.php\/2022\/01\/31\/trf3-garante-liberacao-do-fgts-a-portador-de-cardiopatia-grave\/","title":{"rendered":"TRF3 garante libera\u00e7\u00e3o do FGTS a portador de cardiopatia grave"},"content":{"rendered":"\n<p>A Primeira Turma do Tribunal Regional Federal da 3\u00aa Regi\u00e3o (TRF3) confirmou senten\u00e7a que determinou \u00e0 Caixa Econ\u00f4mica Federal (Caixa) efetuar o levantamento de saldo do Fundo de Garantia do Tempo de Servi\u00e7o (FGTS) a um portador de doen\u00e7a card\u00edaca grave.<\/p>\n\n\n\n<p>Os magistrados seguiram entendimento no sentido de que \u00e9 direito do trabalhador com doen\u00e7a grave a libera\u00e7\u00e3o do fundo, mesmo que a enfermidade n\u00e3o esteja discriminada no rol do artigo 20 da Lei n\u00ba 8.036\/1990.<\/p>\n\n\n\n<p>\u201cOutra n\u00e3o poderia ser a posi\u00e7\u00e3o assumida pela jurisprud\u00eancia, pois em tais hip\u00f3teses h\u00e1 de se tutelar o direito fundamental \u00e0 sa\u00fade do titular da conta vinculada ao FGTS\u201d, ressaltou o desembargador federal Wilson Zauhy, relator do processo.<\/p>\n\n\n\n<p>Ap\u00f3s a Caixa negar o pedido ao trabalhador, sob a alega\u00e7\u00e3o de que a enfermidade n\u00e3o est\u00e1 prevista na legisla\u00e7\u00e3o, ele acionou a Justi\u00e7a, e a 1\u00aa Vara Federal de Campo Grande determinou o levantamento do saldo.<\/p>\n\n\n\n<p>Ao analisar a remessa necess\u00e1ria no TRF3, a relator pontuou que \u201cde nada adiantaria resguardar o trabalhador com a previs\u00e3o de uma conta fundi\u00e1ria se as somas ali depositadas n\u00e3o pudessem ser utilizadas para ampar\u00e1-lo em problemas graves de sa\u00fade seus ou de seus dependentes\u201d.<\/p>\n\n\n\n<p>De acordo com as informa\u00e7\u00f5es do processo, o homem \u00e9 portador de doen\u00e7a card\u00edaca e ficou impossibilitado para o exerc\u00edcio profissional ap\u00f3s Acidente Vascular Cerebral (AVC) ocorrido em 2020. Al\u00e9m disso, \u00e9 curador de sua filha, portadora da S\u00edndrome de Cornelia de Lange (dist\u00farbio gen\u00e9tico que compromete as fun\u00e7\u00f5es f\u00edsicas, cognitivas e neurol\u00f3gicas).<\/p>\n\n\n\n<p>\u201cDemonstrado nos autos que o impetrante e sua filha est\u00e3o acometidos de doen\u00e7a grave, ainda que n\u00e3o prevista expressamente na lei, tenho por comprovado o seu direito l\u00edquido e certo ao levantamento de valores de FGTS\u201d, finalizou o desembargador federal.<\/p>\n\n\n\n<p>Assim, a Primeira Turma, por unanimidade, negou provimento \u00e0 remessa necess\u00e1ria.<\/p>\n\n\n\n<p>Remessa Necess\u00e1ria C\u00edvel 5004801-90.2020.4.03.6000<\/p>\n\n\n\n<p>TRF3 14.01.2022<\/p>\n","protected":false},"excerpt":{"rendered":"<p>Trabalhador sofreu AVC que o deixou impossibilitado para o exerc\u00edcio da profiss\u00e3o<\/p>\n","protected":false},"author":1,"featured_media":1991,"comment_status":"open","ping_status":"closed","sticky":false,"template":"","format":"standard","meta":{"footnotes":"","jetpack_publicize_message":"","jetpack_is_tweetstorm":false,"jetpack_publicize_feature_enabled":true,"jetpack_social_post_already_shared":false,"jetpack_social_options":{"image_generator_settings":{"template":"highway","enabled":false}}},"categories":[11,28],"tags":[1559,227,1154,1558,1556,1560],"jetpack_publicize_connections":[],"jetpack_featured_media_url":"https:\/\/i0.wp.com\/blog.bfsadvocacia.com.br\/wp-content\/uploads\/2022\/01\/pexels-photo-48604-1.jpeg?fit=1880%2C1200&ssl=1","featured_image_urls":{"full":["https:\/\/i0.wp.com\/blog.bfsadvocacia.com.br\/wp-content\/uploads\/2022\/01\/pexels-photo-48604-1.jpeg?fit=1880%2C1200&ssl=1",1880,1200,false],"thumbnail":["https:\/\/i0.wp.com\/blog.bfsadvocacia.com.br\/wp-content\/uploads\/2022\/01\/pexels-photo-48604-1.jpeg?resize=150%2C150&ssl=1",150,150,true],"medium":["https:\/\/i0.wp.com\/blog.bfsadvocacia.com.br\/wp-content\/uploads\/2022\/01\/pexels-photo-48604-1.jpeg?fit=300%2C191&ssl=1",300,191,true],"medium_large":["https:\/\/i0.wp.com\/blog.bfsadvocacia.com.br\/wp-content\/uploads\/2022\/01\/pexels-photo-48604-1.jpeg?fit=640%2C408&ssl=1",640,408,true],"large":["https:\/\/i0.wp.com\/blog.bfsadvocacia.com.br\/wp-content\/uploads\/2022\/01\/pexels-photo-48604-1.jpeg?fit=640%2C409&ssl=1",640,409,true],"1536x1536":["https:\/\/i0.wp.com\/blog.bfsadvocacia.com.br\/wp-content\/uploads\/2022\/01\/pexels-photo-48604-1.jpeg?fit=1536%2C980&ssl=1",1536,980,true],"2048x2048":["https:\/\/i0.wp.com\/blog.bfsadvocacia.com.br\/wp-content\/uploads\/2022\/01\/pexels-photo-48604-1.jpeg?fit=1880%2C1200&ssl=1",1880,1200,true],"covernews-slider-full":["https:\/\/i0.wp.com\/blog.bfsadvocacia.com.br\/wp-content\/uploads\/2022\/01\/pexels-photo-48604-1.jpeg?resize=1077%2C715&ssl=1",1077,715,true],"covernews-slider-center":["https:\/\/i0.wp.com\/blog.bfsadvocacia.com.br\/wp-content\/uploads\/2022\/01\/pexels-photo-48604-1.jpeg?resize=522%2C500&ssl=1",522,500,true],"covernews-featured":["https:\/\/i0.wp.com\/blog.bfsadvocacia.com.br\/wp-content\/uploads\/2022\/01\/pexels-photo-48604-1.jpeg?fit=1024%2C654&ssl=1",1024,654,true],"covernews-medium":["https:\/\/i0.wp.com\/blog.bfsadvocacia.com.br\/wp-content\/uploads\/2022\/01\/pexels-photo-48604-1.jpeg?resize=540%2C285&ssl=1",540,285,true],"covernews-medium-square":["https:\/\/i0.wp.com\/blog.bfsadvocacia.com.br\/wp-content\/uploads\/2022\/01\/pexels-photo-48604-1.jpeg?resize=375%2C250&ssl=1",375,250,true]},"author_info":{"display_name":"bfsadvocacia","author_link":"https:\/\/blog.bfsadvocacia.com.br\/index.php\/author\/bfsadvocacia\/"},"category_info":"<a href=\"https:\/\/blog.bfsadvocacia.com.br\/index.php\/category\/advogado-sp\/\" rel=\"category tag\">advogado sp<\/a> <a href=\"https:\/\/blog.bfsadvocacia.com.br\/index.php\/category\/atualidades-juridicas\/\" rel=\"category tag\">atualidades jur\u00eddicas<\/a>","tag_info":"atualidades jur\u00eddicas","comment_count":"0","amp_enabled":true,"_links":{"self":[{"href":"https:\/\/blog.bfsadvocacia.com.br\/index.php\/wp-json\/wp\/v2\/posts\/1988"}],"collection":[{"href":"https:\/\/blog.bfsadvocacia.com.br\/index.php\/wp-json\/wp\/v2\/posts"}],"about":[{"href":"https:\/\/blog.bfsadvocacia.com.br\/index.php\/wp-json\/wp\/v2\/types\/post"}],"author":[{"embeddable":true,"href":"https:\/\/blog.bfsadvocacia.com.br\/index.php\/wp-json\/wp\/v2\/users\/1"}],"replies":[{"embeddable":true,"href":"https:\/\/blog.bfsadvocacia.com.br\/index.php\/wp-json\/wp\/v2\/comments?post=1988"}],"version-history":[{"count":1,"href":"https:\/\/blog.bfsadvocacia.com.br\/index.php\/wp-json\/wp\/v2\/posts\/1988\/revisions"}],"predecessor-version":[{"id":1992,"href":"https:\/\/blog.bfsadvocacia.com.br\/index.php\/wp-json\/wp\/v2\/posts\/1988\/revisions\/1992"}],"wp:featuredmedia":[{"embeddable":true,"href":"https:\/\/blog.bfsadvocacia.com.br\/index.php\/wp-json\/wp\/v2\/media\/1991"}],"wp:attachment":[{"href":"https:\/\/blog.bfsadvocacia.com.br\/index.php\/wp-json\/wp\/v2\/media?parent=1988"}],"wp:term":[{"taxonomy":"category","embeddable":true,"href":"https:\/\/blog.bfsadvocacia.com.br\/index.php\/wp-json\/wp\/v2\/categories?post=1988"},{"taxonomy":"post_tag","embeddable":true,"href":"https:\/\/blog.bfsadvocacia.com.br\/index.php\/wp-json\/wp\/v2\/tags?post=1988"}],"curies":[{"name":"wp","href":"https:\/\/api.w.org\/{rel}","templated":true}]}}