{"id":2012,"date":"2022-02-04T08:26:00","date_gmt":"2022-02-04T11:26:00","guid":{"rendered":"http:\/\/blog.bfsadvocacia.com.br\/?p=2012"},"modified":"2022-02-23T13:11:19","modified_gmt":"2022-02-23T16:11:19","slug":"pagamento-de-pensao-a-bancaria-em-parcela-unica-seguira-modelo-de-quitacao-antecipada-de-emprestimos","status":"publish","type":"post","link":"https:\/\/blog.bfsadvocacia.com.br\/index.php\/2022\/02\/04\/pagamento-de-pensao-a-bancaria-em-parcela-unica-seguira-modelo-de-quitacao-antecipada-de-emprestimos\/","title":{"rendered":"Pagamento de pens\u00e3o a banc\u00e1ria em parcela \u00fanica seguir\u00e1 modelo de quita\u00e7\u00e3o antecipada de empr\u00e9stimos"},"content":{"rendered":"\n<p>A Primeira Turma do Tribunal Superior do Trabalho adotou a f\u00f3rmula matem\u00e1tica utilizada para amortiza\u00e7\u00e3o de empr\u00e9stimos pagos antes do vencimento (\u201cf\u00f3rmula do valor presente\u201d) como crit\u00e9rio redutor para o pagamento de pens\u00e3o mensal em parcela \u00fanica. Para o colegiado, o m\u00e9todo permite uma retirada peri\u00f3dica que corresponda \u00e0 renda mensal e, ao mesmo tempo, amortize parte do capital, de forma que ele&nbsp;se&nbsp;esgote ao final do per\u00edodo de dura\u00e7\u00e3o estipulado.<\/p>\n\n\n\n<h4 class=\"wp-block-heading\" id=\"redutor\">Redutor<\/h4>\n\n\n\n<p>O caso diz respeito a uma banc\u00e1ria do Banco Bradesco S.A. que obteve o reconhecimento do direito a indeniza\u00e7\u00e3o por danos materiais em decorr\u00eancia de les\u00e3o por esfor\u00e7o repetitivo (LER), na forma de pens\u00e3o mensal at\u00e9 que completasse 65 anos, com base no piso salarial da categoria. Como o pagamento seria feito de uma s\u00f3 vez, o Tribunal Regional do Trabalho da 5\u00aa Regi\u00e3o (BA) aplicou o redutor de 50%.&nbsp;<\/p>\n\n\n\n<h4 class=\"wp-block-heading\" id=\"pensao-vitalicia\">Pens\u00e3o vital\u00edcia<\/h4>\n\n\n\n<p>Para o relator do recurso de revista da banc\u00e1ria, ministro Amaury Rodrigues Pinto Junior, diante da constata\u00e7\u00e3o da incapacidade total e permanente para as fun\u00e7\u00f5es exercidas, a indeniza\u00e7\u00e3o por danos materiais deve ser calculada com base na integralidade da sua \u00faltima remunera\u00e7\u00e3o, e n\u00e3o no piso da categoria. Ele afastou, tamb\u00e9m, a limita\u00e7\u00e3o do pensionamento aos 65 anos, pois o &nbsp;<a href=\"http:\/\/www.planalto.gov.br\/ccivil_03\/leis\/2002\/l10406compilada.htm\" target=\"_blank\" rel=\"noreferrer noopener\">C\u00f3digo Civil<\/a>&nbsp;(artigo 950) n\u00e3o prev\u00ea nenhuma limita\u00e7\u00e3o et\u00e1ria.&nbsp;<\/p>\n\n\n\n<p>Por outro lado, o ministro observou que a op\u00e7\u00e3o pelo pagamento em cota \u00fanica tem como efeito a redu\u00e7\u00e3o do valor. Contudo, de acordo com a jurisprud\u00eancia do TST, a convers\u00e3o deve levar em conta a expectativa de vida da v\u00edtima na data do acidente de trabalho (ou doen\u00e7a ocupacional a ele equiparada), com base na Tabela de Expectativa de Sobrevida do cidad\u00e3o brasileiro do IBGE.<\/p>\n\n\n\n<h4 class=\"wp-block-heading\" id=\"cientificidade\">Cientificidade<\/h4>\n\n\n\n<p>Ainda segundo o relator, o crit\u00e9rio de des\u00e1gio adequado para o pagamento antecipado das parcelas n\u00e3o dever\u00e1 ser arbitr\u00e1rio, sob pena de desvirtuamento da natureza reparat\u00f3ria da indeniza\u00e7\u00e3o e de desalinhamento do princ\u00edpio da repara\u00e7\u00e3o integral. Para ele, a aplica\u00e7\u00e3o de um redutor de 50% \u00e9 desarrazoada e desproporcional. \u201cA falta de cientificidade do crit\u00e9rio \u00e9 evidenciada pela completa falta de par\u00e2metros coerentes, pois cada juiz ter\u00e1 seu pr\u00f3prio \u2018percentual redutor\u2019, sem nenhum fundamento jur\u00eddico ou cient\u00edfico que o justifique\u201d, afirmou.&nbsp;<\/p>\n\n\n\n<h4 class=\"wp-block-heading\" id=\"formula-matematica\">F\u00f3rmula matem\u00e1tica<\/h4>\n\n\n\n<p>Na avalia\u00e7\u00e3o do relator, o crit\u00e9rio de arbitramento que parece ser o mais adequado para apura\u00e7\u00e3o do valor do pensionamento convertido em parcela \u00fanica, com observ\u00e2ncia do princ\u00edpio da repara\u00e7\u00e3o integral, \u00e9 o que utiliza f\u00f3rmula matem\u00e1tica destinada \u00e0 obten\u00e7\u00e3o do \u201cvalor presente\u201d ou \u201cvalor atual\u201d. O c\u00e1lculo leva em conta tr\u00eas vari\u00e1veis: a \u00faltima remunera\u00e7\u00e3o do trabalhador; a quantidade de meses que faltarem para atingir o tempo de expectativa de vida, conforme tabela de mortalidade do IBGE; e a taxa de juros a ser descontada, correspondente a 0,5% ao m\u00eas.<\/p>\n\n\n\n<p>Segundo o ministro, a f\u00f3rmula j\u00e1 \u00e9 usada por alguns TRTs, e o da 24\u00aa Regi\u00e3o oferece, em seu site, um&nbsp;<a href=\"http:\/\/www.trt24.jus.br\/web\/guest\/calculo-do-valor-presente\" target=\"_blank\" rel=\"noreferrer noopener\">programa de c\u00e1lculo<\/a>&nbsp;que possibilita a qualquer cidad\u00e3o inserir os dados solicitados e obter o valor final da indeniza\u00e7\u00e3o.&nbsp;<\/p>\n\n\n\n<p>A decis\u00e3o foi un\u00e2nime.<\/p>\n\n\n\n<p>(LT\/CF)<\/p>\n\n\n\n<p>Processo:\u00a0<a rel=\"noreferrer noopener\" href=\"http:\/\/aplicacao4.tst.jus.br\/consultaProcessual\/consultaTstNumUnica.do?conscsjt=&amp;numeroTst=258&amp;digitoTst=62&amp;anoTst=2014&amp;orgaoTst=5&amp;tribunalTst=05&amp;varaTst=0193&amp;consulta=Consultar\" target=\"_blank\">RRAg-258-62.2014.5.05.0193<\/a>\u00a0<\/p>\n\n\n\n<p>TST 27.01.2022<\/p>\n","protected":false},"excerpt":{"rendered":"<p>A 1\u00aa Turma aplicou ao caso a chamada \u201cf\u00f3rmula do valor presente\u201d.<\/p>\n","protected":false},"author":1,"featured_media":2016,"comment_status":"open","ping_status":"closed","sticky":false,"template":"","format":"standard","meta":{"footnotes":"","jetpack_publicize_message":"","jetpack_is_tweetstorm":false,"jetpack_publicize_feature_enabled":true,"jetpack_social_post_already_shared":false,"jetpack_social_options":{"image_generator_settings":{"template":"highway","enabled":false}}},"categories":[11,28],"tags":[1103,539,932,1245,1572,1574,1573],"jetpack_publicize_connections":[],"jetpack_featured_media_url":"https:\/\/i0.wp.com\/blog.bfsadvocacia.com.br\/wp-content\/uploads\/2022\/01\/pexels-photo-4475523.jpeg?fit=1880%2C1253&ssl=1","featured_image_urls":{"full":["https:\/\/i0.wp.com\/blog.bfsadvocacia.com.br\/wp-content\/uploads\/2022\/01\/pexels-photo-4475523.jpeg?fit=1880%2C1253&ssl=1",1880,1253,false],"thumbnail":["https:\/\/i0.wp.com\/blog.bfsadvocacia.com.br\/wp-content\/uploads\/2022\/01\/pexels-photo-4475523.jpeg?resize=150%2C150&ssl=1",150,150,true],"medium":["https:\/\/i0.wp.com\/blog.bfsadvocacia.com.br\/wp-content\/uploads\/2022\/01\/pexels-photo-4475523.jpeg?fit=300%2C200&ssl=1",300,200,true],"medium_large":["https:\/\/i0.wp.com\/blog.bfsadvocacia.com.br\/wp-content\/uploads\/2022\/01\/pexels-photo-4475523.jpeg?fit=640%2C427&ssl=1",640,427,true],"large":["https:\/\/i0.wp.com\/blog.bfsadvocacia.com.br\/wp-content\/uploads\/2022\/01\/pexels-photo-4475523.jpeg?fit=640%2C426&ssl=1",640,426,true],"1536x1536":["https:\/\/i0.wp.com\/blog.bfsadvocacia.com.br\/wp-content\/uploads\/2022\/01\/pexels-photo-4475523.jpeg?fit=1536%2C1024&ssl=1",1536,1024,true],"2048x2048":["https:\/\/i0.wp.com\/blog.bfsadvocacia.com.br\/wp-content\/uploads\/2022\/01\/pexels-photo-4475523.jpeg?fit=1880%2C1253&ssl=1",1880,1253,true],"covernews-slider-full":["https:\/\/i0.wp.com\/blog.bfsadvocacia.com.br\/wp-content\/uploads\/2022\/01\/pexels-photo-4475523.jpeg?resize=1077%2C715&ssl=1",1077,715,true],"covernews-slider-center":["https:\/\/i0.wp.com\/blog.bfsadvocacia.com.br\/wp-content\/uploads\/2022\/01\/pexels-photo-4475523.jpeg?resize=522%2C500&ssl=1",522,500,true],"covernews-featured":["https:\/\/i0.wp.com\/blog.bfsadvocacia.com.br\/wp-content\/uploads\/2022\/01\/pexels-photo-4475523.jpeg?fit=1024%2C682&ssl=1",1024,682,true],"covernews-medium":["https:\/\/i0.wp.com\/blog.bfsadvocacia.com.br\/wp-content\/uploads\/2022\/01\/pexels-photo-4475523.jpeg?resize=540%2C285&ssl=1",540,285,true],"covernews-medium-square":["https:\/\/i0.wp.com\/blog.bfsadvocacia.com.br\/wp-content\/uploads\/2022\/01\/pexels-photo-4475523.jpeg?resize=375%2C250&ssl=1",375,250,true]},"author_info":{"display_name":"bfsadvocacia","author_link":"https:\/\/blog.bfsadvocacia.com.br\/index.php\/author\/bfsadvocacia\/"},"category_info":"<a href=\"https:\/\/blog.bfsadvocacia.com.br\/index.php\/category\/advogado-sp\/\" rel=\"category tag\">advogado sp<\/a> <a href=\"https:\/\/blog.bfsadvocacia.com.br\/index.php\/category\/atualidades-juridicas\/\" rel=\"category tag\">atualidades jur\u00eddicas<\/a>","tag_info":"atualidades jur\u00eddicas","comment_count":"0","amp_enabled":true,"_links":{"self":[{"href":"https:\/\/blog.bfsadvocacia.com.br\/index.php\/wp-json\/wp\/v2\/posts\/2012"}],"collection":[{"href":"https:\/\/blog.bfsadvocacia.com.br\/index.php\/wp-json\/wp\/v2\/posts"}],"about":[{"href":"https:\/\/blog.bfsadvocacia.com.br\/index.php\/wp-json\/wp\/v2\/types\/post"}],"author":[{"embeddable":true,"href":"https:\/\/blog.bfsadvocacia.com.br\/index.php\/wp-json\/wp\/v2\/users\/1"}],"replies":[{"embeddable":true,"href":"https:\/\/blog.bfsadvocacia.com.br\/index.php\/wp-json\/wp\/v2\/comments?post=2012"}],"version-history":[{"count":2,"href":"https:\/\/blog.bfsadvocacia.com.br\/index.php\/wp-json\/wp\/v2\/posts\/2012\/revisions"}],"predecessor-version":[{"id":2124,"href":"https:\/\/blog.bfsadvocacia.com.br\/index.php\/wp-json\/wp\/v2\/posts\/2012\/revisions\/2124"}],"wp:featuredmedia":[{"embeddable":true,"href":"https:\/\/blog.bfsadvocacia.com.br\/index.php\/wp-json\/wp\/v2\/media\/2016"}],"wp:attachment":[{"href":"https:\/\/blog.bfsadvocacia.com.br\/index.php\/wp-json\/wp\/v2\/media?parent=2012"}],"wp:term":[{"taxonomy":"category","embeddable":true,"href":"https:\/\/blog.bfsadvocacia.com.br\/index.php\/wp-json\/wp\/v2\/categories?post=2012"},{"taxonomy":"post_tag","embeddable":true,"href":"https:\/\/blog.bfsadvocacia.com.br\/index.php\/wp-json\/wp\/v2\/tags?post=2012"}],"curies":[{"name":"wp","href":"https:\/\/api.w.org\/{rel}","templated":true}]}}