{"id":2041,"date":"2022-02-14T07:41:00","date_gmt":"2022-02-14T10:41:00","guid":{"rendered":"http:\/\/blog.bfsadvocacia.com.br\/?p=2041"},"modified":"2022-02-08T19:44:59","modified_gmt":"2022-02-08T22:44:59","slug":"decisao-garante-medicamento-a-portadora-de-fibrose-pulmonar","status":"publish","type":"post","link":"https:\/\/blog.bfsadvocacia.com.br\/index.php\/2022\/02\/14\/decisao-garante-medicamento-a-portadora-de-fibrose-pulmonar\/","title":{"rendered":"Decis\u00e3o garante medicamento a portadora de fibrose pulmonar\u00a0"},"content":{"rendered":"\n<p>A Quarta Turma do Tribunal Regional Federal (TRF3) manteve senten\u00e7a que determinou \u00e0 Uni\u00e3o fornecer o medicamento Ofev (Nintedanibe) a uma portadora de fibrose pulmonar idiop\u00e1tica. O rem\u00e9dio n\u00e3o est\u00e1 dispon\u00edvel na lista do Sistema \u00danico de Sa\u00fade (SUS).&nbsp;<\/p>\n\n\n\n<p>Os magistrados seguiram entendimento do Superior Tribunal de Justi\u00e7a, no sentido de que ficou comprovada a necessidade da medica\u00e7\u00e3o, a hipossufici\u00eancia e a exist\u00eancia de registro do rem\u00e9dio junto \u00e0 Ag\u00eancia Nacional de Vigil\u00e2ncia Sanit\u00e1ria (Anvisa).&nbsp;&nbsp;&nbsp;<\/p>\n\n\n\n<p>Ao analisar o caso, a desembargadora federal Marli Ferreira, relatora do processo, ponderou que compete ao Estado assegurar a sa\u00fade e resguardar a garantia constitucional de acesso universal e igualit\u00e1rio.&nbsp;&nbsp;<\/p>\n\n\n\n<p>\u201cPor ser um direito de todos, tais a\u00e7\u00f5es, em regra, n\u00e3o admitem que pol\u00edticas sociais e econ\u00f4micas que visem \u00e0 redu\u00e7\u00e3o do risco de doen\u00e7as sejam voltadas para o direito espec\u00edfico de um indiv\u00edduo. No entanto, surgem situa\u00e7\u00f5es imprevis\u00edveis que obrigam o Poder P\u00fablico a uma mudan\u00e7a de rumos, como na presente hip\u00f3tese\u201d, destacou.&nbsp;<\/p>\n\n\n\n<p>A mulher \u00e9 portadora de fibrose pulmonar idiop\u00e1tica, doen\u00e7a rara, cr\u00f4nica e progressiva, caracterizada pela forma\u00e7\u00e3o de excessivo pulmonar, por meio de cicatrizes que engrossam as paredes e prejudicam a elasticidade e a troca gasosa. &nbsp;<\/p>\n\n\n\n<p>\u201cA autora apresenta de forma tardia a patologia e atualmente sofre com o enfraquecimento muscular progressivo e a elevada dificuldade para respirar, levando a dificuldades para desenvolver qualquer atividade\u201d, destacou a magistrada.&nbsp;<\/p>\n\n\n\n<p>Conforme o processo, o tratamento prescrito pelo m\u00e9dico consiste na utiliza\u00e7\u00e3o do Ofev (Nintedanibe). O medicamento atua contra a progress\u00e3o da enfermidade e tem capacidade de reduzir o decl\u00ednio da fun\u00e7\u00e3o pulmonar, impedindo a multiplica\u00e7\u00e3o das c\u00e9lulas que causam a fibrose cont\u00ednua. Com isso, a forma\u00e7\u00e3o das cicatrizes \u00e9 desacelerada e h\u00e1 preserva\u00e7\u00e3o da parte sadia do pulm\u00e3o.&nbsp;&nbsp;<\/p>\n\n\n\n<p>\u201cCumpre destacar que o medicamento em quest\u00e3o foi aprovado pelo Food and Drug Administration (FDA) em 2014 e pela Anvisa em 2015, contudo n\u00e3o foi incorporado \u00e0 lista de medicamentos disponibilizados pelo SUS\u201d, acrescentou a&nbsp; magistrada.&nbsp;<\/p>\n\n\n\n<p>Em primeira inst\u00e2ncia, a 3\u00aa Vara Federal de S\u00e3o Bernardo do Campo havia determinado \u00e0 Uni\u00e3o fornecer o medicamento na dosagem necess\u00e1ria sem limita\u00e7\u00f5es de tempo ou quantidade. O ente p\u00fablico recorreu ao TRF3 alegando que o f\u00e1rmaco n\u00e3o faz parte do programa de Assist\u00eancia Farmac\u00eautica do sistema de sa\u00fade e que h\u00e1 oferta gratuita de outras op\u00e7\u00f5es terap\u00eauticas seguras e eficazes ao tratamento da autora.&nbsp;<\/p>\n\n\n\n<p>No Tribunal, a relatora pontuou que relat\u00f3rio m\u00e9dico comprovou a mol\u00e9stia, bem como a necessidade da medica\u00e7\u00e3o como \u00fanica forma de retardar a progress\u00e3o da enfermidade.&nbsp;&nbsp;<\/p>\n\n\n\n<p>\u201cN\u00e3o h\u00e1 como acolher eventual tese da Uni\u00e3o Federal, pois os tratamentos oferecidos pelo SUS s\u00e3o paliativos, sem que haja atua\u00e7\u00e3o para estabilizar o avan\u00e7o da doen\u00e7a\u201d, concluiu.&nbsp;<\/p>\n\n\n\n<p>Assim, por unanimidade, a Quarta Turma confirmou senten\u00e7a e manteve a autoriza\u00e7\u00e3o de acesso ao medicamento.&nbsp;<\/p>\n\n\n\n<p>Apela\u00e7\u00e3o\/Remessa Necess\u00e1ria 5001983-80.2021.4.03.6114&nbsp;<\/p>\n\n\n\n<p>Assessoria de Comunica\u00e7\u00e3o Social do TRF3\u00a0<\/p>\n\n\n\n<p>STJ 03.02.2022<\/p>\n","protected":false},"excerpt":{"rendered":"<p>Aprovado pela Anvisa em 2015, rem\u00e9dio ainda n\u00e3o foi disponibilizado pelo SUS<\/p>\n","protected":false},"author":1,"featured_media":2043,"comment_status":"open","ping_status":"closed","sticky":false,"template":"","format":"standard","meta":{"footnotes":"","jetpack_publicize_message":"","jetpack_is_tweetstorm":false,"jetpack_publicize_feature_enabled":true,"jetpack_social_post_already_shared":false,"jetpack_social_options":{"image_generator_settings":{"template":"highway","enabled":false}}},"categories":[11,28],"tags":[1592,1593,1591,1595,1594,310],"jetpack_publicize_connections":[],"jetpack_featured_media_url":"https:\/\/i0.wp.com\/blog.bfsadvocacia.com.br\/wp-content\/uploads\/2022\/02\/thermometer-headache-pain-pills-139398.jpeg?fit=1880%2C1253&ssl=1","featured_image_urls":{"full":["https:\/\/i0.wp.com\/blog.bfsadvocacia.com.br\/wp-content\/uploads\/2022\/02\/thermometer-headache-pain-pills-139398.jpeg?fit=1880%2C1253&ssl=1",1880,1253,false],"thumbnail":["https:\/\/i0.wp.com\/blog.bfsadvocacia.com.br\/wp-content\/uploads\/2022\/02\/thermometer-headache-pain-pills-139398.jpeg?resize=150%2C150&ssl=1",150,150,true],"medium":["https:\/\/i0.wp.com\/blog.bfsadvocacia.com.br\/wp-content\/uploads\/2022\/02\/thermometer-headache-pain-pills-139398.jpeg?fit=300%2C200&ssl=1",300,200,true],"medium_large":["https:\/\/i0.wp.com\/blog.bfsadvocacia.com.br\/wp-content\/uploads\/2022\/02\/thermometer-headache-pain-pills-139398.jpeg?fit=640%2C427&ssl=1",640,427,true],"large":["https:\/\/i0.wp.com\/blog.bfsadvocacia.com.br\/wp-content\/uploads\/2022\/02\/thermometer-headache-pain-pills-139398.jpeg?fit=640%2C426&ssl=1",640,426,true],"1536x1536":["https:\/\/i0.wp.com\/blog.bfsadvocacia.com.br\/wp-content\/uploads\/2022\/02\/thermometer-headache-pain-pills-139398.jpeg?fit=1536%2C1024&ssl=1",1536,1024,true],"2048x2048":["https:\/\/i0.wp.com\/blog.bfsadvocacia.com.br\/wp-content\/uploads\/2022\/02\/thermometer-headache-pain-pills-139398.jpeg?fit=1880%2C1253&ssl=1",1880,1253,true],"covernews-slider-full":["https:\/\/i0.wp.com\/blog.bfsadvocacia.com.br\/wp-content\/uploads\/2022\/02\/thermometer-headache-pain-pills-139398.jpeg?resize=1077%2C715&ssl=1",1077,715,true],"covernews-slider-center":["https:\/\/i0.wp.com\/blog.bfsadvocacia.com.br\/wp-content\/uploads\/2022\/02\/thermometer-headache-pain-pills-139398.jpeg?resize=522%2C500&ssl=1",522,500,true],"covernews-featured":["https:\/\/i0.wp.com\/blog.bfsadvocacia.com.br\/wp-content\/uploads\/2022\/02\/thermometer-headache-pain-pills-139398.jpeg?fit=1024%2C682&ssl=1",1024,682,true],"covernews-medium":["https:\/\/i0.wp.com\/blog.bfsadvocacia.com.br\/wp-content\/uploads\/2022\/02\/thermometer-headache-pain-pills-139398.jpeg?resize=540%2C285&ssl=1",540,285,true],"covernews-medium-square":["https:\/\/i0.wp.com\/blog.bfsadvocacia.com.br\/wp-content\/uploads\/2022\/02\/thermometer-headache-pain-pills-139398.jpeg?resize=375%2C250&ssl=1",375,250,true]},"author_info":{"display_name":"bfsadvocacia","author_link":"https:\/\/blog.bfsadvocacia.com.br\/index.php\/author\/bfsadvocacia\/"},"category_info":"<a href=\"https:\/\/blog.bfsadvocacia.com.br\/index.php\/category\/advogado-sp\/\" rel=\"category tag\">advogado sp<\/a> <a href=\"https:\/\/blog.bfsadvocacia.com.br\/index.php\/category\/atualidades-juridicas\/\" rel=\"category tag\">atualidades jur\u00eddicas<\/a>","tag_info":"atualidades jur\u00eddicas","comment_count":"0","amp_enabled":true,"_links":{"self":[{"href":"https:\/\/blog.bfsadvocacia.com.br\/index.php\/wp-json\/wp\/v2\/posts\/2041"}],"collection":[{"href":"https:\/\/blog.bfsadvocacia.com.br\/index.php\/wp-json\/wp\/v2\/posts"}],"about":[{"href":"https:\/\/blog.bfsadvocacia.com.br\/index.php\/wp-json\/wp\/v2\/types\/post"}],"author":[{"embeddable":true,"href":"https:\/\/blog.bfsadvocacia.com.br\/index.php\/wp-json\/wp\/v2\/users\/1"}],"replies":[{"embeddable":true,"href":"https:\/\/blog.bfsadvocacia.com.br\/index.php\/wp-json\/wp\/v2\/comments?post=2041"}],"version-history":[{"count":1,"href":"https:\/\/blog.bfsadvocacia.com.br\/index.php\/wp-json\/wp\/v2\/posts\/2041\/revisions"}],"predecessor-version":[{"id":2044,"href":"https:\/\/blog.bfsadvocacia.com.br\/index.php\/wp-json\/wp\/v2\/posts\/2041\/revisions\/2044"}],"wp:featuredmedia":[{"embeddable":true,"href":"https:\/\/blog.bfsadvocacia.com.br\/index.php\/wp-json\/wp\/v2\/media\/2043"}],"wp:attachment":[{"href":"https:\/\/blog.bfsadvocacia.com.br\/index.php\/wp-json\/wp\/v2\/media?parent=2041"}],"wp:term":[{"taxonomy":"category","embeddable":true,"href":"https:\/\/blog.bfsadvocacia.com.br\/index.php\/wp-json\/wp\/v2\/categories?post=2041"},{"taxonomy":"post_tag","embeddable":true,"href":"https:\/\/blog.bfsadvocacia.com.br\/index.php\/wp-json\/wp\/v2\/tags?post=2041"}],"curies":[{"name":"wp","href":"https:\/\/api.w.org\/{rel}","templated":true}]}}