{"id":2065,"date":"2022-02-17T08:47:00","date_gmt":"2022-02-17T11:47:00","guid":{"rendered":"http:\/\/blog.bfsadvocacia.com.br\/?p=2065"},"modified":"2022-02-21T13:50:58","modified_gmt":"2022-02-21T16:50:58","slug":"causas-que-necessitem-de-pericias-complexas-nao-devem-ser-julgadas-pelos-juizados-especiais-federais","status":"publish","type":"post","link":"https:\/\/blog.bfsadvocacia.com.br\/index.php\/2022\/02\/17\/causas-que-necessitem-de-pericias-complexas-nao-devem-ser-julgadas-pelos-juizados-especiais-federais\/","title":{"rendered":"Causas que necessitem de per\u00edcias complexas n\u00e3o devem ser julgadas pelos Juizados Especiais Federais"},"content":{"rendered":"\n<p><br>Nas causas relativas ao recebimento de diferen\u00e7a de adicional de insalubridade, a necessidade de realiza\u00e7\u00e3o de per\u00edcia t\u00e9cnica afasta a possibilidade de aplica\u00e7\u00e3o do rito dos Juizados Especiais Federais. Foi baseado nesse precedente jurisprudencial que a 1\u00aa Se\u00e7\u00e3o do Tribunal Regional Federal da 1\u00aa Regi\u00e3o (TRF1), por unanimidade, conheceu conflito de compet\u00eancia para declarar a competente a 2\u00aa Vara da Se\u00e7\u00e3o Judici\u00e1ria do Amap\u00e1 (SJAP), em a\u00e7\u00e3o proposta contra a Uni\u00e3o, objetivando ver reconhecido direito ao recebimento de adicionais de insalubridade e fronteira. O pedido foi feito em decorr\u00eancia do exerc\u00edcio de fun\u00e7\u00e3o de T\u00e9cnica em Enfermagem no Parque Nacional do Tumucumaque (Distrito Sanit\u00e1rio Especial Ind\u00edgena). A decis\u00e3o foi baseada nos princ\u00edpios da oralidade, simplicidade, informalidade, economia processual e celeridade.<\/p>\n\n\n\n<p>O conflito negativo de compet\u00eancia suscitado pelo Ju\u00edzo Federal da 3\u00aa Vara (JEF) da SJAP em face da 2\u00aa Vara com o fundamento de que para a solu\u00e7\u00e3o da quest\u00e3o controvertida \u00e9 necess\u00e1ria a produ\u00e7\u00e3o de per\u00edcia complexa, para exame das condi\u00e7\u00f5es de trabalho a que se encontrava submetida a parte autora, o que afasta a compet\u00eancia das varas dos juizados especiais. J\u00e1 a 2\u00aa Vara sustentou que a causa tem valor inferior a 60 sal\u00e1rios m\u00ednimos, e, ainda, de que a alega\u00e7\u00e3o de que a causa depende de produ\u00e7\u00e3o de prova pericial complexa n\u00e3o \u00e9 suficiente para a modifica\u00e7\u00e3o da compet\u00eancia.<\/p>\n\n\n\n<p>&nbsp;Ao analisar o caso, a relatora, desembargadora federal Maura Moraes Tayer, destacou normativos sobre os objetivos dos JEFs como o artigo 98 da Constitui\u00e7\u00e3o que disp\u00f4s sobre a cria\u00e7\u00e3o dos juizados especiais para julgamento e execu\u00e7\u00e3o de causas c\u00edveis com objetivo de alcan\u00e7ar a celeridade dos processos de menor complexidade.<\/p>\n\n\n\n<p>A magistrada tamb\u00e9m ressaltou julgado do pr\u00f3prio TRF1 na hip\u00f3tese em que a parte autora pleiteia pagamento de diferen\u00e7a de adicional de insalubridade, como \u00e9 o caso, a pretens\u00e3o somente pode ser examinada a partir da produ\u00e7\u00e3o de per\u00edcia t\u00e9cnica e anula\u00e7\u00e3o do ato administrativo, o que afasta a compet\u00eancia das varas dos Juizados Especiais Federais, em vista dos princ\u00edpios da oralidade, simplicidade, informalidade, economia processual e celeridade. \u201cNo caso, a autora alega exercer fun\u00e7\u00f5es de T\u00e9cnica em Enfermagem no Parque Nacional do Tumucumaque, Distrito Sanit\u00e1rio Especial Ind\u00edgena do Amap\u00e1 e Norte do Par\u00e1, no atendimento \u00e0 popula\u00e7\u00e3o ind\u00edgena, em \u00e1rea de floresta, estando exposta a agentes insalubres f\u00edsicos, qu\u00edmicos e biol\u00f3gicos, e sob condi\u00e7\u00f5es que teriam expostos a riscos a sua sa\u00fade. Por essa raz\u00e3o, indicou, na peti\u00e7\u00e3o inicial, a necessidade de ser realizada per\u00edcia para exame do ambiente de trabalho quanto \u00e0 exposi\u00e7\u00e3o de agentes insalubres ou perigosos com quais mant\u00eam contato. Ainda que n\u00e3o seja poss\u00edvel afirmar que se cuida de per\u00edcia complexa, o certo \u00e9 que tamb\u00e9m n\u00e3o se pode, a priori, afastar essa possibilidade, em vista dos desdobramentos que podem ocorrer na produ\u00e7\u00e3o da prova. Assim sendo, imp\u00f5e-se afastar a compet\u00eancia dos juizados especiais para julgar o pedido\u201d, pontuou a relatora em seu voto.<\/p>\n\n\n\n<p>Processo 1018223-81.2021.4.01.0000<\/p>\n\n\n\n<p>TRF1 14.02.2022<\/p>\n","protected":false},"excerpt":{"rendered":"<p>Nas causas relativas ao recebimento de diferen\u00e7a de adicional de insalubridade, a necessidade de realiza\u00e7\u00e3o&#8230;<\/p>\n","protected":false},"author":1,"featured_media":2067,"comment_status":"open","ping_status":"closed","sticky":false,"template":"","format":"standard","meta":{"footnotes":"","jetpack_publicize_message":"","jetpack_is_tweetstorm":false,"jetpack_publicize_feature_enabled":true,"jetpack_social_post_already_shared":false,"jetpack_social_options":{"image_generator_settings":{"template":"highway","enabled":false}}},"categories":[11,28],"tags":[943,484,1606,1609,1605,1608,1607],"jetpack_publicize_connections":[],"jetpack_featured_media_url":"https:\/\/i0.wp.com\/blog.bfsadvocacia.com.br\/wp-content\/uploads\/2022\/02\/pexels-photo-3184464.jpeg?fit=1880%2C1255&ssl=1","featured_image_urls":{"full":["https:\/\/i0.wp.com\/blog.bfsadvocacia.com.br\/wp-content\/uploads\/2022\/02\/pexels-photo-3184464.jpeg?fit=1880%2C1255&ssl=1",1880,1255,false],"thumbnail":["https:\/\/i0.wp.com\/blog.bfsadvocacia.com.br\/wp-content\/uploads\/2022\/02\/pexels-photo-3184464.jpeg?resize=150%2C150&ssl=1",150,150,true],"medium":["https:\/\/i0.wp.com\/blog.bfsadvocacia.com.br\/wp-content\/uploads\/2022\/02\/pexels-photo-3184464.jpeg?fit=300%2C200&ssl=1",300,200,true],"medium_large":["https:\/\/i0.wp.com\/blog.bfsadvocacia.com.br\/wp-content\/uploads\/2022\/02\/pexels-photo-3184464.jpeg?fit=640%2C428&ssl=1",640,428,true],"large":["https:\/\/i0.wp.com\/blog.bfsadvocacia.com.br\/wp-content\/uploads\/2022\/02\/pexels-photo-3184464.jpeg?fit=640%2C428&ssl=1",640,428,true],"1536x1536":["https:\/\/i0.wp.com\/blog.bfsadvocacia.com.br\/wp-content\/uploads\/2022\/02\/pexels-photo-3184464.jpeg?fit=1536%2C1025&ssl=1",1536,1025,true],"2048x2048":["https:\/\/i0.wp.com\/blog.bfsadvocacia.com.br\/wp-content\/uploads\/2022\/02\/pexels-photo-3184464.jpeg?fit=1880%2C1255&ssl=1",1880,1255,true],"covernews-slider-full":["https:\/\/i0.wp.com\/blog.bfsadvocacia.com.br\/wp-content\/uploads\/2022\/02\/pexels-photo-3184464.jpeg?resize=1077%2C715&ssl=1",1077,715,true],"covernews-slider-center":["https:\/\/i0.wp.com\/blog.bfsadvocacia.com.br\/wp-content\/uploads\/2022\/02\/pexels-photo-3184464.jpeg?resize=522%2C500&ssl=1",522,500,true],"covernews-featured":["https:\/\/i0.wp.com\/blog.bfsadvocacia.com.br\/wp-content\/uploads\/2022\/02\/pexels-photo-3184464.jpeg?fit=1024%2C684&ssl=1",1024,684,true],"covernews-medium":["https:\/\/i0.wp.com\/blog.bfsadvocacia.com.br\/wp-content\/uploads\/2022\/02\/pexels-photo-3184464.jpeg?resize=540%2C285&ssl=1",540,285,true],"covernews-medium-square":["https:\/\/i0.wp.com\/blog.bfsadvocacia.com.br\/wp-content\/uploads\/2022\/02\/pexels-photo-3184464.jpeg?resize=375%2C250&ssl=1",375,250,true]},"author_info":{"display_name":"bfsadvocacia","author_link":"https:\/\/blog.bfsadvocacia.com.br\/index.php\/author\/bfsadvocacia\/"},"category_info":"<a href=\"https:\/\/blog.bfsadvocacia.com.br\/index.php\/category\/advogado-sp\/\" rel=\"category tag\">advogado sp<\/a> <a href=\"https:\/\/blog.bfsadvocacia.com.br\/index.php\/category\/atualidades-juridicas\/\" rel=\"category tag\">atualidades jur\u00eddicas<\/a>","tag_info":"atualidades jur\u00eddicas","comment_count":"0","amp_enabled":true,"_links":{"self":[{"href":"https:\/\/blog.bfsadvocacia.com.br\/index.php\/wp-json\/wp\/v2\/posts\/2065"}],"collection":[{"href":"https:\/\/blog.bfsadvocacia.com.br\/index.php\/wp-json\/wp\/v2\/posts"}],"about":[{"href":"https:\/\/blog.bfsadvocacia.com.br\/index.php\/wp-json\/wp\/v2\/types\/post"}],"author":[{"embeddable":true,"href":"https:\/\/blog.bfsadvocacia.com.br\/index.php\/wp-json\/wp\/v2\/users\/1"}],"replies":[{"embeddable":true,"href":"https:\/\/blog.bfsadvocacia.com.br\/index.php\/wp-json\/wp\/v2\/comments?post=2065"}],"version-history":[{"count":1,"href":"https:\/\/blog.bfsadvocacia.com.br\/index.php\/wp-json\/wp\/v2\/posts\/2065\/revisions"}],"predecessor-version":[{"id":2068,"href":"https:\/\/blog.bfsadvocacia.com.br\/index.php\/wp-json\/wp\/v2\/posts\/2065\/revisions\/2068"}],"wp:featuredmedia":[{"embeddable":true,"href":"https:\/\/blog.bfsadvocacia.com.br\/index.php\/wp-json\/wp\/v2\/media\/2067"}],"wp:attachment":[{"href":"https:\/\/blog.bfsadvocacia.com.br\/index.php\/wp-json\/wp\/v2\/media?parent=2065"}],"wp:term":[{"taxonomy":"category","embeddable":true,"href":"https:\/\/blog.bfsadvocacia.com.br\/index.php\/wp-json\/wp\/v2\/categories?post=2065"},{"taxonomy":"post_tag","embeddable":true,"href":"https:\/\/blog.bfsadvocacia.com.br\/index.php\/wp-json\/wp\/v2\/tags?post=2065"}],"curies":[{"name":"wp","href":"https:\/\/api.w.org\/{rel}","templated":true}]}}