{"id":2101,"date":"2022-04-29T19:33:00","date_gmt":"2022-04-29T22:33:00","guid":{"rendered":"http:\/\/blog.bfsadvocacia.com.br\/?p=2101"},"modified":"2022-04-25T13:14:08","modified_gmt":"2022-04-25T16:14:08","slug":"pericia-medica-e-indispensavel-para-avaliar-relacao-entre-atividade-profissional-e-doencas-como-burnout","status":"publish","type":"post","link":"https:\/\/blog.bfsadvocacia.com.br\/index.php\/2022\/04\/29\/pericia-medica-e-indispensavel-para-avaliar-relacao-entre-atividade-profissional-e-doencas-como-burnout\/","title":{"rendered":"Per\u00edcia m\u00e9dica \u00e9 indispens\u00e1vel para avaliar rela\u00e7\u00e3o entre atividade profissional e doen\u00e7as como burnout"},"content":{"rendered":"\n<p>A 16\u00ba Turma do Tribunal Regional do Trabalho da 2\u00aa Regi\u00e3o anulou senten\u00e7a que decidiu sobre a doen\u00e7a ocupacional de uma banc\u00e1ria sem requerer per\u00edcia m\u00e9dica. Segundo o colegiado, a produ\u00e7\u00e3o de prova pericial \u00e9 indispens\u00e1vel para avaliar se a enfermidade se desenvolveu por causa da presta\u00e7\u00e3o de servi\u00e7os.<\/p>\n\n\n\n<p>A trabalhadora, que atuou durante tr\u00eas anos no Banco Ita\u00fa, afirmou ter sido v\u00edtima de ass\u00e9dio moral e alegou que recebia sal\u00e1rio inferior aos demais empregados da mesma \u00e1rea, todos atuando como analistas de finan\u00e7as. Disse, ainda, que recebia cobran\u00e7as abusivas para atingimento de metas e resultados e, por esse motivo, foi diagnosticada com s\u00edndrome de burnout, entre outras doen\u00e7as psiqui\u00e1tricas.<\/p>\n\n\n\n<p>O ju\u00edzo de origem, no entanto, rejeitou o pedido de produ\u00e7\u00e3o de prova pericial para comprovar as alega\u00e7\u00f5es, considerando que os elementos constantes nos autos revelavam que as doen\u00e7as da empregada n\u00e3o decorreram de conduta il\u00edcita, dolosa ou culposa da reclamada. Mas o colegiado discordou desse entendimento.<\/p>\n\n\n\n<p>\u201dSomente atrav\u00e9s da per\u00edcia m\u00e9dica podem ser analisadas as mais variadas patologias que possam estar relacionadas, direta ou indiretamente, com o labor prestado pelo trabalhador, bem como a exist\u00eancia, ou n\u00e3o, de outros fatores no surgimento\/agravamento da doen\u00e7a, e, ainda, a quantifica\u00e7\u00e3o das les\u00f5es identificadas com a verifica\u00e7\u00e3o de poss\u00edvel redu\u00e7\u00e3o da capacidade laborativa. Trata-se, portanto, de mat\u00e9ria de ordem t\u00e9cnica, que refoge ao conhecimento do magistrado\u201d, esclareceu a desembargadora-relatora D\u00e2mia Avoli.<\/p>\n\n\n\n<p>Com a decis\u00e3o, os autos do processo devem retornar \u00e0 origem para reabertura da instru\u00e7\u00e3o processual e realiza\u00e7\u00e3o da per\u00edcia m\u00e9dica.<\/p>\n\n\n\n<p>(Processo n\u00ba 1000053-94.2020.5.02.0708)<\/p>\n\n\n\n<p>TRTSP 01.02.2022<\/p>\n","protected":false},"excerpt":{"rendered":"<p>Com a decis\u00e3o, os autos do processo devem retornar \u00e0 origem para reabertura da instru\u00e7\u00e3o processual e realiza\u00e7\u00e3o da per\u00edcia m\u00e9dica<\/p>\n","protected":false},"author":1,"featured_media":2106,"comment_status":"open","ping_status":"closed","sticky":false,"template":"","format":"standard","meta":{"footnotes":"","jetpack_publicize_message":"","jetpack_is_tweetstorm":false,"jetpack_publicize_feature_enabled":true,"jetpack_social_post_already_shared":false,"jetpack_social_options":{"image_generator_settings":{"template":"highway","enabled":false}}},"categories":[11,28],"tags":[1782,932,1245,1121,1783],"jetpack_publicize_connections":[],"jetpack_featured_media_url":"https:\/\/i0.wp.com\/blog.bfsadvocacia.com.br\/wp-content\/uploads\/2022\/02\/pexels-photo-8278873.jpeg?fit=1880%2C1253&ssl=1","featured_image_urls":{"full":["https:\/\/i0.wp.com\/blog.bfsadvocacia.com.br\/wp-content\/uploads\/2022\/02\/pexels-photo-8278873.jpeg?fit=1880%2C1253&ssl=1",1880,1253,false],"thumbnail":["https:\/\/i0.wp.com\/blog.bfsadvocacia.com.br\/wp-content\/uploads\/2022\/02\/pexels-photo-8278873.jpeg?resize=150%2C150&ssl=1",150,150,true],"medium":["https:\/\/i0.wp.com\/blog.bfsadvocacia.com.br\/wp-content\/uploads\/2022\/02\/pexels-photo-8278873.jpeg?fit=300%2C200&ssl=1",300,200,true],"medium_large":["https:\/\/i0.wp.com\/blog.bfsadvocacia.com.br\/wp-content\/uploads\/2022\/02\/pexels-photo-8278873.jpeg?fit=640%2C427&ssl=1",640,427,true],"large":["https:\/\/i0.wp.com\/blog.bfsadvocacia.com.br\/wp-content\/uploads\/2022\/02\/pexels-photo-8278873.jpeg?fit=640%2C426&ssl=1",640,426,true],"1536x1536":["https:\/\/i0.wp.com\/blog.bfsadvocacia.com.br\/wp-content\/uploads\/2022\/02\/pexels-photo-8278873.jpeg?fit=1536%2C1024&ssl=1",1536,1024,true],"2048x2048":["https:\/\/i0.wp.com\/blog.bfsadvocacia.com.br\/wp-content\/uploads\/2022\/02\/pexels-photo-8278873.jpeg?fit=1880%2C1253&ssl=1",1880,1253,true],"covernews-slider-full":["https:\/\/i0.wp.com\/blog.bfsadvocacia.com.br\/wp-content\/uploads\/2022\/02\/pexels-photo-8278873.jpeg?resize=1077%2C715&ssl=1",1077,715,true],"covernews-slider-center":["https:\/\/i0.wp.com\/blog.bfsadvocacia.com.br\/wp-content\/uploads\/2022\/02\/pexels-photo-8278873.jpeg?resize=522%2C500&ssl=1",522,500,true],"covernews-featured":["https:\/\/i0.wp.com\/blog.bfsadvocacia.com.br\/wp-content\/uploads\/2022\/02\/pexels-photo-8278873.jpeg?fit=1024%2C682&ssl=1",1024,682,true],"covernews-medium":["https:\/\/i0.wp.com\/blog.bfsadvocacia.com.br\/wp-content\/uploads\/2022\/02\/pexels-photo-8278873.jpeg?resize=540%2C285&ssl=1",540,285,true],"covernews-medium-square":["https:\/\/i0.wp.com\/blog.bfsadvocacia.com.br\/wp-content\/uploads\/2022\/02\/pexels-photo-8278873.jpeg?resize=375%2C250&ssl=1",375,250,true]},"author_info":{"display_name":"bfsadvocacia","author_link":"https:\/\/blog.bfsadvocacia.com.br\/index.php\/author\/bfsadvocacia\/"},"category_info":"<a href=\"https:\/\/blog.bfsadvocacia.com.br\/index.php\/category\/advogado-sp\/\" rel=\"category tag\">advogado sp<\/a> <a href=\"https:\/\/blog.bfsadvocacia.com.br\/index.php\/category\/atualidades-juridicas\/\" rel=\"category tag\">atualidades jur\u00eddicas<\/a>","tag_info":"atualidades jur\u00eddicas","comment_count":"0","amp_enabled":false,"_links":{"self":[{"href":"https:\/\/blog.bfsadvocacia.com.br\/index.php\/wp-json\/wp\/v2\/posts\/2101"}],"collection":[{"href":"https:\/\/blog.bfsadvocacia.com.br\/index.php\/wp-json\/wp\/v2\/posts"}],"about":[{"href":"https:\/\/blog.bfsadvocacia.com.br\/index.php\/wp-json\/wp\/v2\/types\/post"}],"author":[{"embeddable":true,"href":"https:\/\/blog.bfsadvocacia.com.br\/index.php\/wp-json\/wp\/v2\/users\/1"}],"replies":[{"embeddable":true,"href":"https:\/\/blog.bfsadvocacia.com.br\/index.php\/wp-json\/wp\/v2\/comments?post=2101"}],"version-history":[{"count":2,"href":"https:\/\/blog.bfsadvocacia.com.br\/index.php\/wp-json\/wp\/v2\/posts\/2101\/revisions"}],"predecessor-version":[{"id":2422,"href":"https:\/\/blog.bfsadvocacia.com.br\/index.php\/wp-json\/wp\/v2\/posts\/2101\/revisions\/2422"}],"wp:featuredmedia":[{"embeddable":true,"href":"https:\/\/blog.bfsadvocacia.com.br\/index.php\/wp-json\/wp\/v2\/media\/2106"}],"wp:attachment":[{"href":"https:\/\/blog.bfsadvocacia.com.br\/index.php\/wp-json\/wp\/v2\/media?parent=2101"}],"wp:term":[{"taxonomy":"category","embeddable":true,"href":"https:\/\/blog.bfsadvocacia.com.br\/index.php\/wp-json\/wp\/v2\/categories?post=2101"},{"taxonomy":"post_tag","embeddable":true,"href":"https:\/\/blog.bfsadvocacia.com.br\/index.php\/wp-json\/wp\/v2\/tags?post=2101"}],"curies":[{"name":"wp","href":"https:\/\/api.w.org\/{rel}","templated":true}]}}