{"id":2117,"date":"2022-04-26T07:41:00","date_gmt":"2022-04-26T10:41:00","guid":{"rendered":"http:\/\/blog.bfsadvocacia.com.br\/?p=2117"},"modified":"2022-04-25T11:59:15","modified_gmt":"2022-04-25T14:59:15","slug":"dispensa-de-trabalhadora-com-cancer-logo-apos-retorno-de-licenca-e-considerada-discriminatoria","status":"publish","type":"post","link":"https:\/\/blog.bfsadvocacia.com.br\/index.php\/2022\/04\/26\/dispensa-de-trabalhadora-com-cancer-logo-apos-retorno-de-licenca-e-considerada-discriminatoria\/","title":{"rendered":"Dispensa de trabalhadora com c\u00e2ncer logo ap\u00f3s retorno de licen\u00e7a \u00e9 considerada discriminat\u00f3ria"},"content":{"rendered":"\n<p>A 15\u00aa Turma do Tribunal Regional do Trabalho da 2\u00aa Regi\u00e3o condenou uma empresa do setor do varejo a pagar indeniza\u00e7\u00e3o de cerca de R$ 6 mil por danos morais a uma trabalhadora demitida pouco ap\u00f3s retornar de tratamento de c\u00e2ncer. Al\u00e9m disso, a autora dever\u00e1 ser reintegrada, com o pagamento de sal\u00e1rios do per\u00edodo desde a dispensa at\u00e9 a efetiva reintegra\u00e7\u00e3o.<\/p>\n\n\n\n<p>Em sua defesa, a reclamada alegou que n\u00e3o houve configura\u00e7\u00e3o de dispensa discriminat\u00f3ria, pois a doen\u00e7a em quest\u00e3o n\u00e3o tinha a ver com o trabalho.&nbsp; Argumentou tamb\u00e9m que a doen\u00e7a n\u00e3o era grave, nem estigmatizante. Mas o colegiado levou em considera\u00e7\u00e3o o fato de que a trabalhadora passou por cirurgia, quimioterapia e afastamento previdenci\u00e1rio superior a dois anos, tendo sido dispensada cerca de um m\u00eas ap\u00f3s o seu retorno.<\/p>\n\n\n\n<p>Segundo o juiz-relator, Marcos Neves Fava, \u201calgu\u00e9m acometido de c\u00e2ncer de gravidade tal a exigir cirurgia, quimioterapia e afastamento m\u00e9dico previdenci\u00e1rio superior a dois anos est\u00e1, indisfar\u00e7avelmente, vitimado de doen\u00e7a grave e estigmatizante\u201d. Acrescentou, ainda, que o obreiro que passa por situa\u00e7\u00e3o parecida n\u00e3o retorna integralmente apto para a integralidade dos seus esfor\u00e7os, tendo risco das recidivas da doen\u00e7a.<\/p>\n\n\n\n<p>O magistrado tamb\u00e9m negou recurso da reclamada contra a condena\u00e7\u00e3o ao pagamento por dano moral e relacionou os requisitos para a atribui\u00e7\u00e3o dessa responsabilidade \u00e0 empresa: a dispensa il\u00edcita de pessoa gravemente adoentada, o dano pela perda da fonte de subsist\u00eancia em momento delicado e o nexo entre os dois fatos.<\/p>\n\n\n\n<p>(Processo n\u00ba 1000184-32.2021.5.02.0321)<\/p>\n\n\n\n<p>TRTSP 12.01.2022<\/p>\n","protected":false},"excerpt":{"rendered":"<p>A 15\u00aa Turma do Tribunal Regional do Trabalho da 2\u00aa Regi\u00e3o condenou uma empresa do&#8230;<\/p>\n","protected":false},"author":1,"featured_media":2119,"comment_status":"open","ping_status":"closed","sticky":false,"template":"","format":"standard","meta":{"footnotes":"","jetpack_publicize_message":"","jetpack_is_tweetstorm":false,"jetpack_publicize_feature_enabled":true,"jetpack_social_post_already_shared":false,"jetpack_social_options":{"image_generator_settings":{"template":"highway","enabled":false}}},"categories":[11,28],"tags":[932,1157,1122,1618],"jetpack_publicize_connections":[],"jetpack_featured_media_url":"https:\/\/i0.wp.com\/blog.bfsadvocacia.com.br\/wp-content\/uploads\/2022\/02\/pexels-photo-579474.jpeg?fit=1880%2C1250&ssl=1","featured_image_urls":{"full":["https:\/\/i0.wp.com\/blog.bfsadvocacia.com.br\/wp-content\/uploads\/2022\/02\/pexels-photo-579474.jpeg?fit=1880%2C1250&ssl=1",1880,1250,false],"thumbnail":["https:\/\/i0.wp.com\/blog.bfsadvocacia.com.br\/wp-content\/uploads\/2022\/02\/pexels-photo-579474.jpeg?resize=150%2C150&ssl=1",150,150,true],"medium":["https:\/\/i0.wp.com\/blog.bfsadvocacia.com.br\/wp-content\/uploads\/2022\/02\/pexels-photo-579474.jpeg?fit=300%2C199&ssl=1",300,199,true],"medium_large":["https:\/\/i0.wp.com\/blog.bfsadvocacia.com.br\/wp-content\/uploads\/2022\/02\/pexels-photo-579474.jpeg?fit=640%2C426&ssl=1",640,426,true],"large":["https:\/\/i0.wp.com\/blog.bfsadvocacia.com.br\/wp-content\/uploads\/2022\/02\/pexels-photo-579474.jpeg?fit=640%2C426&ssl=1",640,426,true],"1536x1536":["https:\/\/i0.wp.com\/blog.bfsadvocacia.com.br\/wp-content\/uploads\/2022\/02\/pexels-photo-579474.jpeg?fit=1536%2C1021&ssl=1",1536,1021,true],"2048x2048":["https:\/\/i0.wp.com\/blog.bfsadvocacia.com.br\/wp-content\/uploads\/2022\/02\/pexels-photo-579474.jpeg?fit=1880%2C1250&ssl=1",1880,1250,true],"covernews-slider-full":["https:\/\/i0.wp.com\/blog.bfsadvocacia.com.br\/wp-content\/uploads\/2022\/02\/pexels-photo-579474.jpeg?resize=1077%2C715&ssl=1",1077,715,true],"covernews-slider-center":["https:\/\/i0.wp.com\/blog.bfsadvocacia.com.br\/wp-content\/uploads\/2022\/02\/pexels-photo-579474.jpeg?resize=522%2C500&ssl=1",522,500,true],"covernews-featured":["https:\/\/i0.wp.com\/blog.bfsadvocacia.com.br\/wp-content\/uploads\/2022\/02\/pexels-photo-579474.jpeg?fit=1024%2C681&ssl=1",1024,681,true],"covernews-medium":["https:\/\/i0.wp.com\/blog.bfsadvocacia.com.br\/wp-content\/uploads\/2022\/02\/pexels-photo-579474.jpeg?resize=540%2C285&ssl=1",540,285,true],"covernews-medium-square":["https:\/\/i0.wp.com\/blog.bfsadvocacia.com.br\/wp-content\/uploads\/2022\/02\/pexels-photo-579474.jpeg?resize=375%2C250&ssl=1",375,250,true]},"author_info":{"display_name":"bfsadvocacia","author_link":"https:\/\/blog.bfsadvocacia.com.br\/index.php\/author\/bfsadvocacia\/"},"category_info":"<a href=\"https:\/\/blog.bfsadvocacia.com.br\/index.php\/category\/advogado-sp\/\" rel=\"category tag\">advogado sp<\/a> <a href=\"https:\/\/blog.bfsadvocacia.com.br\/index.php\/category\/atualidades-juridicas\/\" rel=\"category tag\">atualidades jur\u00eddicas<\/a>","tag_info":"atualidades jur\u00eddicas","comment_count":"0","amp_enabled":false,"_links":{"self":[{"href":"https:\/\/blog.bfsadvocacia.com.br\/index.php\/wp-json\/wp\/v2\/posts\/2117"}],"collection":[{"href":"https:\/\/blog.bfsadvocacia.com.br\/index.php\/wp-json\/wp\/v2\/posts"}],"about":[{"href":"https:\/\/blog.bfsadvocacia.com.br\/index.php\/wp-json\/wp\/v2\/types\/post"}],"author":[{"embeddable":true,"href":"https:\/\/blog.bfsadvocacia.com.br\/index.php\/wp-json\/wp\/v2\/users\/1"}],"replies":[{"embeddable":true,"href":"https:\/\/blog.bfsadvocacia.com.br\/index.php\/wp-json\/wp\/v2\/comments?post=2117"}],"version-history":[{"count":1,"href":"https:\/\/blog.bfsadvocacia.com.br\/index.php\/wp-json\/wp\/v2\/posts\/2117\/revisions"}],"predecessor-version":[{"id":2120,"href":"https:\/\/blog.bfsadvocacia.com.br\/index.php\/wp-json\/wp\/v2\/posts\/2117\/revisions\/2120"}],"wp:featuredmedia":[{"embeddable":true,"href":"https:\/\/blog.bfsadvocacia.com.br\/index.php\/wp-json\/wp\/v2\/media\/2119"}],"wp:attachment":[{"href":"https:\/\/blog.bfsadvocacia.com.br\/index.php\/wp-json\/wp\/v2\/media?parent=2117"}],"wp:term":[{"taxonomy":"category","embeddable":true,"href":"https:\/\/blog.bfsadvocacia.com.br\/index.php\/wp-json\/wp\/v2\/categories?post=2117"},{"taxonomy":"post_tag","embeddable":true,"href":"https:\/\/blog.bfsadvocacia.com.br\/index.php\/wp-json\/wp\/v2\/tags?post=2117"}],"curies":[{"name":"wp","href":"https:\/\/api.w.org\/{rel}","templated":true}]}}