{"id":2308,"date":"2022-03-30T20:42:00","date_gmt":"2022-03-30T23:42:00","guid":{"rendered":"http:\/\/blog.bfsadvocacia.com.br\/?p=2308"},"modified":"2022-03-30T11:52:49","modified_gmt":"2022-03-30T14:52:49","slug":"servidores-admitidos-sem-concurso-antes-de-1988-nao-podem-ser-reenquadrados-em-plano-de-cargos-de-efetivos","status":"publish","type":"post","link":"https:\/\/blog.bfsadvocacia.com.br\/index.php\/2022\/03\/30\/servidores-admitidos-sem-concurso-antes-de-1988-nao-podem-ser-reenquadrados-em-plano-de-cargos-de-efetivos\/","title":{"rendered":"Servidores admitidos sem concurso antes de 1988 n\u00e3o podem ser reenquadrados em plano de cargos de efetivos"},"content":{"rendered":"\n<p>O Supremo Tribunal Federal (STF) decidiu que servidor admitido sem concurso p\u00fablico antes da promulga\u00e7\u00e3o da Constitui\u00e7\u00e3o da Rep\u00fablica de 1988 n\u00e3o pode ser reenquadrado em novo plano de cargos, carreiras e remunera\u00e7\u00e3o. A decis\u00e3o foi tomada no julgamento do Agravo em Recurso Extraordin\u00e1rio (ARE) 1306505, com repercuss\u00e3o geral (Tema 1157), na sess\u00e3o virtual encerrada em 25\/3. O voto do relator, ministro Alexandre de Moraes, foi acolhido de forma un\u00e2nime.<\/p>\n\n\n\n<p>O entendimento vale, tamb\u00e9m, para beneficiados pela estabilidade excepcional do artigo 19 do Ato das Disposi\u00e7\u00f5es Constitucionais Transit\u00f3rias (ADCT). A regra n\u00e3o prev\u00ea o direito \u00e0 efetividade, garantia inerente aos servidores admitidos mediante concurso p\u00fablico.<\/p>\n\n\n\n<p><strong>Caso concreto<\/strong><\/p>\n\n\n\n<p>O recurso foi interposto pelo Estado do Acre contra decis\u00e3o do Tribunal de Justi\u00e7a local (TJ-AC) que, em mandado de seguran\u00e7a, reconheceu o direito ao reenquadramento de um servidor \u2013 originalmente contratado sem concurso, pelo regime celetista, em 1986 \u2013 em novo de Plano de Cargos, Carreiras e Remunera\u00e7\u00e3o (PCCR) da Secretaria Estadual de Fazenda (Sefaz). Sua admiss\u00e3o, portanto, ocorreu no per\u00edodo estipulado pelo artigo 19 do ADCT, que conferiu estabilidade excepcional aos servidores admitidos cinco anos antes da promulga\u00e7\u00e3o da Constitui\u00e7\u00e3o de 1988.<\/p>\n\n\n\n<p>Segundo o TJ-AC, ele j\u00e1 estava reenquadrado no PCCR antes da Emenda Constitucional estadual 38\/2005, que conferiu estabilidade aos servidores admitidos at\u00e9 31\/12\/1994 e foi declarada inconstitucional pelo STF, e havia usufru\u00eddo, durante, anos dos benef\u00edcios legalmente previstos apenas para servidores p\u00fablicos efetivos concursados. Segundo a decis\u00e3o, a administra\u00e7\u00e3o p\u00fablica n\u00e3o poderia impedir, agora, seu reenquadramento no novo plano, em raz\u00e3o da impossibilidade de revisar situa\u00e7\u00f5es consolidadas pelo decurso do tempo.<\/p>\n\n\n\n<p><strong>Situa\u00e7\u00e3o inconstitucional<\/strong><\/p>\n\n\n\n<p>Ao votar pelo provimento do recurso, o relator explicou que a Constitui\u00e7\u00e3o Federal (artigo 37, inciso II) deixa claro que apenas \u00e9 considerado est\u00e1vel o servidor que ingressar na administra\u00e7\u00e3o p\u00fablica mediante pr\u00e9via aprova\u00e7\u00e3o em concurso p\u00fablico para cargo de provimento efetivo e ap\u00f3s o cumprimento de tr\u00eas anos de exerc\u00edcio. Segundo o ministro, a jurisprud\u00eancia do Supremo \u00e9 firme no sentido de que as situa\u00e7\u00f5es flagrantemente inconstitucionais n\u00e3o podem ser consolidadas pelo decurso do tempo.<\/p>\n\n\n\n<p>Ele observou que nem mesmo os servidores que preenchem os requisitos do artigo 19 do ADCT t\u00eam direito aos benef\u00edcios conferidos aos que ingressaram na administra\u00e7\u00e3o p\u00fablica mediante concurso. Assim, com menos raz\u00e3o, n\u00e3o se pode cogitar a continuidade de situa\u00e7\u00e3o em que servidor contratado pelo regime celetista, sem concurso p\u00fablico, sem estabilidade, usufrui de benef\u00edcios legalmente previstos apenas para servidores efetivos.<\/p>\n\n\n\n<p><strong>Estabilidade x efetividade<\/strong><\/p>\n\n\n\n<p>O ministro ressaltou, ainda, que a jurisprud\u00eancia do STF diferencia a \u201cestabilidade excepcional\u201d do ADCT da efetividade. Essa diferen\u00e7a foi refor\u00e7ada no julgamento da A\u00e7\u00e3o Direta de Inconstitucionalidade (ADI) 3609, quando a Corte invalidou a Emenda Constitucional 38\/2005 do Acre.<\/p>\n\n\n\n<p>Ao final de seu voto, o relator dispensou o trabalhador de devolver os valores eventualmente recebidos como acr\u00e9scimos salariais, de boa-f\u00e9, at\u00e9 a data de conclus\u00e3o do julgamento, considerando o car\u00e1ter alimentar da quantia paga.<\/p>\n\n\n\n<p><strong>Tese<\/strong><\/p>\n\n\n\n<p>A tese de repercuss\u00e3o geral fixada \u00e9 a seguinte: &#8220;\u00c9 vedado o reenquadramento, em novo Plano de Cargos, Carreiras e Remunera\u00e7\u00e3o, de servidor admitido sem concurso p\u00fablico antes da promulga\u00e7\u00e3o da Constitui\u00e7\u00e3o Federal de 1988, mesmo que beneficiado pela estabilidade excepcional do artigo 19 do ADCT, haja vista que esta regra transit\u00f3ria n\u00e3o prev\u00ea o direito \u00e0 efetividade, nos termos do artigo 37, II, da Constitui\u00e7\u00e3o Federal e decis\u00e3o proferida na ADI 3609&#8221;.<\/p>\n\n\n\n<p>STF 29.03.2022<\/p>\n","protected":false},"excerpt":{"rendered":"<p>Segundo a jurisprud\u00eancia do STF, situa\u00e7\u00f5es flagrantemente inconstitucionais n\u00e3o podem ser consolidadas pelo decurso do tempo.<\/p>\n","protected":false},"author":1,"featured_media":2311,"comment_status":"open","ping_status":"closed","sticky":false,"template":"","format":"standard","meta":{"footnotes":"","jetpack_publicize_message":"","jetpack_is_tweetstorm":false,"jetpack_publicize_feature_enabled":true,"jetpack_social_post_already_shared":false,"jetpack_social_options":{"image_generator_settings":{"template":"highway","enabled":false}}},"categories":[28],"tags":[1720,1721,1719],"jetpack_publicize_connections":[],"jetpack_featured_media_url":"https:\/\/i0.wp.com\/blog.bfsadvocacia.com.br\/wp-content\/uploads\/2022\/03\/pexels-photo-6077326.jpeg?fit=1880%2C1253&ssl=1","featured_image_urls":{"full":["https:\/\/i0.wp.com\/blog.bfsadvocacia.com.br\/wp-content\/uploads\/2022\/03\/pexels-photo-6077326.jpeg?fit=1880%2C1253&ssl=1",1880,1253,false],"thumbnail":["https:\/\/i0.wp.com\/blog.bfsadvocacia.com.br\/wp-content\/uploads\/2022\/03\/pexels-photo-6077326.jpeg?resize=150%2C150&ssl=1",150,150,true],"medium":["https:\/\/i0.wp.com\/blog.bfsadvocacia.com.br\/wp-content\/uploads\/2022\/03\/pexels-photo-6077326.jpeg?fit=300%2C200&ssl=1",300,200,true],"medium_large":["https:\/\/i0.wp.com\/blog.bfsadvocacia.com.br\/wp-content\/uploads\/2022\/03\/pexels-photo-6077326.jpeg?fit=640%2C427&ssl=1",640,427,true],"large":["https:\/\/i0.wp.com\/blog.bfsadvocacia.com.br\/wp-content\/uploads\/2022\/03\/pexels-photo-6077326.jpeg?fit=640%2C426&ssl=1",640,426,true],"1536x1536":["https:\/\/i0.wp.com\/blog.bfsadvocacia.com.br\/wp-content\/uploads\/2022\/03\/pexels-photo-6077326.jpeg?fit=1536%2C1024&ssl=1",1536,1024,true],"2048x2048":["https:\/\/i0.wp.com\/blog.bfsadvocacia.com.br\/wp-content\/uploads\/2022\/03\/pexels-photo-6077326.jpeg?fit=1880%2C1253&ssl=1",1880,1253,true],"covernews-slider-full":["https:\/\/i0.wp.com\/blog.bfsadvocacia.com.br\/wp-content\/uploads\/2022\/03\/pexels-photo-6077326.jpeg?resize=1077%2C715&ssl=1",1077,715,true],"covernews-slider-center":["https:\/\/i0.wp.com\/blog.bfsadvocacia.com.br\/wp-content\/uploads\/2022\/03\/pexels-photo-6077326.jpeg?resize=522%2C500&ssl=1",522,500,true],"covernews-featured":["https:\/\/i0.wp.com\/blog.bfsadvocacia.com.br\/wp-content\/uploads\/2022\/03\/pexels-photo-6077326.jpeg?fit=1024%2C682&ssl=1",1024,682,true],"covernews-medium":["https:\/\/i0.wp.com\/blog.bfsadvocacia.com.br\/wp-content\/uploads\/2022\/03\/pexels-photo-6077326.jpeg?resize=540%2C285&ssl=1",540,285,true],"covernews-medium-square":["https:\/\/i0.wp.com\/blog.bfsadvocacia.com.br\/wp-content\/uploads\/2022\/03\/pexels-photo-6077326.jpeg?resize=375%2C250&ssl=1",375,250,true]},"author_info":{"display_name":"bfsadvocacia","author_link":"https:\/\/blog.bfsadvocacia.com.br\/index.php\/author\/bfsadvocacia\/"},"category_info":"<a href=\"https:\/\/blog.bfsadvocacia.com.br\/index.php\/category\/atualidades-juridicas\/\" rel=\"category tag\">atualidades jur\u00eddicas<\/a>","tag_info":"atualidades jur\u00eddicas","comment_count":"0","amp_enabled":true,"_links":{"self":[{"href":"https:\/\/blog.bfsadvocacia.com.br\/index.php\/wp-json\/wp\/v2\/posts\/2308"}],"collection":[{"href":"https:\/\/blog.bfsadvocacia.com.br\/index.php\/wp-json\/wp\/v2\/posts"}],"about":[{"href":"https:\/\/blog.bfsadvocacia.com.br\/index.php\/wp-json\/wp\/v2\/types\/post"}],"author":[{"embeddable":true,"href":"https:\/\/blog.bfsadvocacia.com.br\/index.php\/wp-json\/wp\/v2\/users\/1"}],"replies":[{"embeddable":true,"href":"https:\/\/blog.bfsadvocacia.com.br\/index.php\/wp-json\/wp\/v2\/comments?post=2308"}],"version-history":[{"count":1,"href":"https:\/\/blog.bfsadvocacia.com.br\/index.php\/wp-json\/wp\/v2\/posts\/2308\/revisions"}],"predecessor-version":[{"id":2310,"href":"https:\/\/blog.bfsadvocacia.com.br\/index.php\/wp-json\/wp\/v2\/posts\/2308\/revisions\/2310"}],"wp:featuredmedia":[{"embeddable":true,"href":"https:\/\/blog.bfsadvocacia.com.br\/index.php\/wp-json\/wp\/v2\/media\/2311"}],"wp:attachment":[{"href":"https:\/\/blog.bfsadvocacia.com.br\/index.php\/wp-json\/wp\/v2\/media?parent=2308"}],"wp:term":[{"taxonomy":"category","embeddable":true,"href":"https:\/\/blog.bfsadvocacia.com.br\/index.php\/wp-json\/wp\/v2\/categories?post=2308"},{"taxonomy":"post_tag","embeddable":true,"href":"https:\/\/blog.bfsadvocacia.com.br\/index.php\/wp-json\/wp\/v2\/tags?post=2308"}],"curies":[{"name":"wp","href":"https:\/\/api.w.org\/{rel}","templated":true}]}}