{"id":2323,"date":"2022-04-06T06:40:00","date_gmt":"2022-04-06T09:40:00","guid":{"rendered":"http:\/\/blog.bfsadvocacia.com.br\/?p=2323"},"modified":"2022-03-30T14:17:19","modified_gmt":"2022-03-30T17:17:19","slug":"banco-deve-reduzir-juros-de-emprestimos-para-aposentada-que-ultrapassaram-1-000-ao-ano","status":"publish","type":"post","link":"https:\/\/blog.bfsadvocacia.com.br\/index.php\/2022\/04\/06\/banco-deve-reduzir-juros-de-emprestimos-para-aposentada-que-ultrapassaram-1-000-ao-ano\/","title":{"rendered":"Banco deve reduzir juros de empr\u00e9stimos para aposentada que ultrapassaram 1.000% ao ano"},"content":{"rendered":"\n<p>A 22\u00aa C\u00e2mara de Direito Privado do Tribunal de Justi\u00e7a de S\u00e3o Paulo determinou a redu\u00e7\u00e3o das taxas de juros de dois empr\u00e9stimos contratadas por consumidora idosa em banco privado \u2013 de 25,99% e 24,01% ao m\u00eas (1.561,95% e 1.270,52% ao ano) para 6,08% ao m\u00eas, recalculando-se a d\u00edvida. Havendo saldo, o valor dever\u00e1 ser restitu\u00eddo \u00e0 autora da a\u00e7\u00e3o, que tamb\u00e9m ser\u00e1 indenizada por danos morais no valor de R$ 10 mil. Al\u00e9m disso, a Turma Julgadora determinou o envio de c\u00f3pia dos autos a algumas institui\u00e7\u00f5es p\u00fablicas, para que tomem as provid\u00eancias que entenderem necess\u00e1rias.<\/p>\n\n\n\n<p>De acordo com os autos, a consumidora, de 67 anos de idade e aposentada, firmou dois contratos com banco privado para empr\u00e9stimo pessoal, cujas taxas de juros ficaram muito acima dos praticados no mercado. Segundo o relator do recurso, desembargador Roberto Mac Cracken, embora as institui\u00e7\u00f5es financeiras n\u00e3o estejam sujeitas a limita\u00e7\u00e3o de juros, no caso em quest\u00e3o houve cobran\u00e7a extremamente abusiva, cabendo a incid\u00eancia do C\u00f3digo de Defesa do Consumidor (CDC) na rela\u00e7\u00e3o jur\u00eddica. \u201cEntendimento diverso acarretaria na aceita\u00e7\u00e3o de repasse ao consumidor dos encargos \u00ednsitos \u00e0 pr\u00f3pria atividade, o que n\u00e3o \u00e9 permitido pelo CDC\u201d, afirmou o magistrado. Sobre o valor dos juros, o relator considerou-o \u201cdesproporcional e de desmedido exagero\u201d, uma vez que, na mesma \u00e9poca dos empr\u00e9stimos em quest\u00e3o, as taxas m\u00e9dias de mercado para opera\u00e7\u00f5es de cr\u00e9dito pessoal n\u00e3o consignado privado a pessoas f\u00edsicas eram de 5,23% e 5,27% (mensal).\u00a0\u201cDiscrepam exageradamente da m\u00e9dia de mercado, tornando-se manifestamente abusivos, inclusive por n\u00e3o haver qualquer justifica\u00e7\u00e3o plaus\u00edvel para a eleva\u00e7\u00e3o pelo risco da opera\u00e7\u00e3o\u201d, afirmou.<\/p>\n\n\n\n<p>Foi determinado o envio de c\u00f3pia dos autos para a Defensoria P\u00fablica do Estado de S\u00e3o Paulo (N\u00facleo Especializado de Defesa do Consumidor e N\u00facleo Especializado dos Direitos da Pessoa Idosa e da Pessoa com Defici\u00eancia), Minist\u00e9rio P\u00fablico do Estado de S\u00e3o Paulo (Promotoria de Justi\u00e7a dos Direitos do Consumidor e Promotoria de Justi\u00e7a dos Direitos Humanos do Idoso), Funda\u00e7\u00e3o de Prote\u00e7\u00e3o e Defesa do Consumidor (Procon SP) e Banco Central.<\/p>\n\n\n\n<p>O julgamento, de vota\u00e7\u00e3o un\u00e2nime, teve a participa\u00e7\u00e3o dos desembargadores Edgard Rosa e Alberto Gosson.<\/p>\n\n\n\n<p>Apela\u00e7\u00e3o n\u00ba\u00a0<a href=\"https:\/\/esaj.tjsp.jus.br\/cposg\/search.do?conversationId=&amp;paginaConsulta=0&amp;cbPesquisa=NUMPROC&amp;numeroDigitoAnoUnificado=1001980-82.2021&amp;foroNumeroUnificado=0404&amp;dePesquisaNuUnificado=1001980-82.2021.8.26.0404&amp;dePesquisaNuUnificado=UNIFICADO&amp;dePesquisa=&amp;tipoNuProcesso=UNIFICADO\">1001980-82.2021.8.26.0404<\/a><\/p>\n\n\n\n<p>TJSP 24.03.2022<\/p>\n","protected":false},"excerpt":{"rendered":"<p>Institui\u00e7\u00f5es p\u00fablicas receber\u00e3o autos para provid\u00eancias cab\u00edveis.<\/p>\n","protected":false},"author":1,"featured_media":2325,"comment_status":"open","ping_status":"closed","sticky":false,"template":"","format":"standard","meta":{"footnotes":"","jetpack_publicize_message":"","jetpack_is_tweetstorm":false,"jetpack_publicize_feature_enabled":true,"jetpack_social_post_already_shared":false,"jetpack_social_options":{"image_generator_settings":{"template":"highway","enabled":false}}},"categories":[28],"tags":[103,1728,1731,1729,1730],"jetpack_publicize_connections":[],"jetpack_featured_media_url":"https:\/\/i0.wp.com\/blog.bfsadvocacia.com.br\/wp-content\/uploads\/2022\/03\/pexels-photo-6963017.jpeg?fit=1880%2C1253&ssl=1","featured_image_urls":{"full":["https:\/\/i0.wp.com\/blog.bfsadvocacia.com.br\/wp-content\/uploads\/2022\/03\/pexels-photo-6963017.jpeg?fit=1880%2C1253&ssl=1",1880,1253,false],"thumbnail":["https:\/\/i0.wp.com\/blog.bfsadvocacia.com.br\/wp-content\/uploads\/2022\/03\/pexels-photo-6963017.jpeg?resize=150%2C150&ssl=1",150,150,true],"medium":["https:\/\/i0.wp.com\/blog.bfsadvocacia.com.br\/wp-content\/uploads\/2022\/03\/pexels-photo-6963017.jpeg?fit=300%2C200&ssl=1",300,200,true],"medium_large":["https:\/\/i0.wp.com\/blog.bfsadvocacia.com.br\/wp-content\/uploads\/2022\/03\/pexels-photo-6963017.jpeg?fit=640%2C427&ssl=1",640,427,true],"large":["https:\/\/i0.wp.com\/blog.bfsadvocacia.com.br\/wp-content\/uploads\/2022\/03\/pexels-photo-6963017.jpeg?fit=640%2C426&ssl=1",640,426,true],"1536x1536":["https:\/\/i0.wp.com\/blog.bfsadvocacia.com.br\/wp-content\/uploads\/2022\/03\/pexels-photo-6963017.jpeg?fit=1536%2C1024&ssl=1",1536,1024,true],"2048x2048":["https:\/\/i0.wp.com\/blog.bfsadvocacia.com.br\/wp-content\/uploads\/2022\/03\/pexels-photo-6963017.jpeg?fit=1880%2C1253&ssl=1",1880,1253,true],"covernews-slider-full":["https:\/\/i0.wp.com\/blog.bfsadvocacia.com.br\/wp-content\/uploads\/2022\/03\/pexels-photo-6963017.jpeg?resize=1077%2C715&ssl=1",1077,715,true],"covernews-slider-center":["https:\/\/i0.wp.com\/blog.bfsadvocacia.com.br\/wp-content\/uploads\/2022\/03\/pexels-photo-6963017.jpeg?resize=522%2C500&ssl=1",522,500,true],"covernews-featured":["https:\/\/i0.wp.com\/blog.bfsadvocacia.com.br\/wp-content\/uploads\/2022\/03\/pexels-photo-6963017.jpeg?fit=1024%2C682&ssl=1",1024,682,true],"covernews-medium":["https:\/\/i0.wp.com\/blog.bfsadvocacia.com.br\/wp-content\/uploads\/2022\/03\/pexels-photo-6963017.jpeg?resize=540%2C285&ssl=1",540,285,true],"covernews-medium-square":["https:\/\/i0.wp.com\/blog.bfsadvocacia.com.br\/wp-content\/uploads\/2022\/03\/pexels-photo-6963017.jpeg?resize=375%2C250&ssl=1",375,250,true]},"author_info":{"display_name":"bfsadvocacia","author_link":"https:\/\/blog.bfsadvocacia.com.br\/index.php\/author\/bfsadvocacia\/"},"category_info":"<a href=\"https:\/\/blog.bfsadvocacia.com.br\/index.php\/category\/atualidades-juridicas\/\" rel=\"category tag\">atualidades jur\u00eddicas<\/a>","tag_info":"atualidades jur\u00eddicas","comment_count":"0","amp_enabled":true,"_links":{"self":[{"href":"https:\/\/blog.bfsadvocacia.com.br\/index.php\/wp-json\/wp\/v2\/posts\/2323"}],"collection":[{"href":"https:\/\/blog.bfsadvocacia.com.br\/index.php\/wp-json\/wp\/v2\/posts"}],"about":[{"href":"https:\/\/blog.bfsadvocacia.com.br\/index.php\/wp-json\/wp\/v2\/types\/post"}],"author":[{"embeddable":true,"href":"https:\/\/blog.bfsadvocacia.com.br\/index.php\/wp-json\/wp\/v2\/users\/1"}],"replies":[{"embeddable":true,"href":"https:\/\/blog.bfsadvocacia.com.br\/index.php\/wp-json\/wp\/v2\/comments?post=2323"}],"version-history":[{"count":1,"href":"https:\/\/blog.bfsadvocacia.com.br\/index.php\/wp-json\/wp\/v2\/posts\/2323\/revisions"}],"predecessor-version":[{"id":2326,"href":"https:\/\/blog.bfsadvocacia.com.br\/index.php\/wp-json\/wp\/v2\/posts\/2323\/revisions\/2326"}],"wp:featuredmedia":[{"embeddable":true,"href":"https:\/\/blog.bfsadvocacia.com.br\/index.php\/wp-json\/wp\/v2\/media\/2325"}],"wp:attachment":[{"href":"https:\/\/blog.bfsadvocacia.com.br\/index.php\/wp-json\/wp\/v2\/media?parent=2323"}],"wp:term":[{"taxonomy":"category","embeddable":true,"href":"https:\/\/blog.bfsadvocacia.com.br\/index.php\/wp-json\/wp\/v2\/categories?post=2323"},{"taxonomy":"post_tag","embeddable":true,"href":"https:\/\/blog.bfsadvocacia.com.br\/index.php\/wp-json\/wp\/v2\/tags?post=2323"}],"curies":[{"name":"wp","href":"https:\/\/api.w.org\/{rel}","templated":true}]}}