{"id":2359,"date":"2022-04-15T08:10:00","date_gmt":"2022-04-15T11:10:00","guid":{"rendered":"http:\/\/blog.bfsadvocacia.com.br\/?p=2359"},"modified":"2022-04-20T14:31:52","modified_gmt":"2022-04-20T17:31:52","slug":"prazo-de-exercicio-para-calculo-de-aposentadoria-no-servico-publico-nao-se-aplica-a-promocao-no-mesmo-cargo","status":"publish","type":"post","link":"https:\/\/blog.bfsadvocacia.com.br\/index.php\/2022\/04\/15\/prazo-de-exercicio-para-calculo-de-aposentadoria-no-servico-publico-nao-se-aplica-a-promocao-no-mesmo-cargo\/","title":{"rendered":"Prazo de exerc\u00edcio para c\u00e1lculo de aposentadoria no servi\u00e7o p\u00fablico n\u00e3o se aplica a promo\u00e7\u00e3o no mesmo cargo"},"content":{"rendered":"\n<p>O Supremo Tribunal Federal (STF) reafirmou a jurisprud\u00eancia de que a aposentadoria no servi\u00e7o p\u00fablico, no caso de promo\u00e7\u00e3o no mesmo cargo, mas em classe distinta, n\u00e3o est\u00e1 condicionada ao prazo de cinco anos de efetivo exerc\u00edcio para o c\u00e1lculo dos proventos. A decis\u00e3o, un\u00e2nime, se deu no julgamento do Recurso Extraordin\u00e1rio (RE) 1322195, com repercuss\u00e3o geral reconhecida (Tema 1.207).<\/p>\n\n\n\n<p>O prazo de cinco anos \u00e9 previsto no artigo 40, par\u00e1grafo 1\u00b0, inciso III, da Constitui\u00e7\u00e3o Federal. Mas, segundo o entendimento do STF, a promo\u00e7\u00e3o por acesso a classe mais elevada em carreira escalonada constitui forma de provimento derivado e n\u00e3o implica ascens\u00e3o a cargo diferente daquele em que o servidor j\u00e1 estava efetivado.<\/p>\n\n\n\n<p>A a\u00e7\u00e3o foi originalmente apresentada por um servidor p\u00fablico de S\u00e3o Paulo que alegava que, no momento de sua aposentadoria, atuava como Investigador de Pol\u00edcia Classe Especial, mas seus proventos foram calculados pela S\u00e3o Paulo Previd\u00eancia (SPPREV), gestora do regime de previd\u00eancia dos servidores p\u00fablicos do estado, com base na remunera\u00e7\u00e3o de Investigador de Pol\u00edcia 1\u00aa Classe, por ter permanecido menos de cinco anos na classe superior.<\/p>\n\n\n\n<p>Ao julgar o caso, o Col\u00e9gio Recursal da Fazenda P\u00fablica do Tribunal de Justi\u00e7a do Estado de S\u00e3o Paulo (TJ-SP) reconheceu o direito ao recebimento dos proventos da classe especial, por entender que a promo\u00e7\u00e3o \u00e0 classe posterior dentro do mesmo cargo n\u00e3o caracteriza provimento origin\u00e1rio, mas derivado.<\/p>\n\n\n\n<p>No STF, a SPPREV argumentava que essa interpreta\u00e7\u00e3o permitiria pedidos de proventos de aposentadoria de determinado n\u00edvel de uma carreira sem a perman\u00eancia nele pelo per\u00edodo constitucionalmente exigido, com graves consequ\u00eancias sociais, econ\u00f4micas e jur\u00eddicas. No caso concreto, sustentava que o servidor havia se aposentado ap\u00f3s a vig\u00eancia da Emenda Constitucional 20\/1998, que incluiu a exig\u00eancia de cinco anos no cargo efetivo para aposentadoria volunt\u00e1ria.<\/p>\n\n\n\n<p><strong>Repercuss\u00e3o<\/strong><\/p>\n\n\n\n<p>Ao se manifestar pela repercuss\u00e3o geral do tema, o presidente do STF, ministro Luiz Fux, observou que a mat\u00e9ria tem alto potencial de repetitividade, podendo repercutir sobre os direitos dos integrantes do servi\u00e7o p\u00fablico n\u00e3o s\u00f3 do Estado de S\u00e3o Paulo, como tamb\u00e9m da Uni\u00e3o e dos demais entes da federa\u00e7\u00e3o.<\/p>\n\n\n\n<p><strong>M\u00e9rito<\/strong><\/p>\n\n\n\n<p>Quanto ao m\u00e9rito do recurso, o presidente afirmou que o entendimento do TJ-SP est\u00e1 em sintonia com o do Supremo. Assim, considerando a necessidade de atribuir racionalidade ao sistema de precedentes qualificados e de prevenir o recebimento de novos recursos extraordin\u00e1rios, se manifestou pela reafirma\u00e7\u00e3o da jurisprud\u00eancia dominante.<\/p>\n\n\n\n<p><strong>Tese<\/strong><\/p>\n\n\n\n<p>O RE foi desprovido, e o colegiado aprovou a seguinte tese de repercuss\u00e3o geral: \u201cA promo\u00e7\u00e3o por acesso de servidor a classe distinta na carreira n\u00e3o representa ascens\u00e3o a cargo diverso daquele em que j\u00e1 estava efetivado, de modo que, para fins de aposentadoria, o prazo m\u00ednimo de cinco anos no cargo efetivo, exigido pelo artigo 40, \u00a7 1\u00ba, inciso III, da Constitui\u00e7\u00e3o Federal, na reda\u00e7\u00e3o da Emenda Constitucional 20\/1998, e pelos artigos 6\u00ba da Emenda Constitucional 41\/2003 e 3\u00ba da Emenda Constitucional 47\/2005, n\u00e3o recome\u00e7a a contar pela altera\u00e7\u00e3o de classe\u201d.<\/p>\n\n\n\n<p>SP\/AS\/\/CF<\/p>\n\n\n\n<p>Processo relacionado:&nbsp;<a href=\"https:\/\/portal.stf.jus.br\/processos\/detalhe.asp?incidente=6156326\">RE&nbsp;1322195<\/a><\/p>\n\n\n\n<p>STF 11.04.2022<\/p>\n","protected":false},"excerpt":{"rendered":"<p>O STF reafirmou jurisprud\u00eancia sobre a mat\u00e9ria no julgamento de recurso extraordin\u00e1rio com repercuss\u00e3o geral reconhecida.<\/p>\n","protected":false},"author":1,"featured_media":2394,"comment_status":"open","ping_status":"closed","sticky":false,"template":"","format":"standard","meta":{"footnotes":"","jetpack_publicize_message":"","jetpack_is_tweetstorm":false,"jetpack_publicize_feature_enabled":true,"jetpack_social_post_already_shared":false,"jetpack_social_options":{"image_generator_settings":{"template":"highway","enabled":false}}},"categories":[11],"tags":[1334,1761,1333,1763,1762],"jetpack_publicize_connections":[],"jetpack_featured_media_url":"https:\/\/i0.wp.com\/blog.bfsadvocacia.com.br\/wp-content\/uploads\/2022\/04\/justice-law-case-hearing-159832.jpeg?fit=1880%2C1253&ssl=1","featured_image_urls":{"full":["https:\/\/i0.wp.com\/blog.bfsadvocacia.com.br\/wp-content\/uploads\/2022\/04\/justice-law-case-hearing-159832.jpeg?fit=1880%2C1253&ssl=1",1880,1253,false],"thumbnail":["https:\/\/i0.wp.com\/blog.bfsadvocacia.com.br\/wp-content\/uploads\/2022\/04\/justice-law-case-hearing-159832.jpeg?resize=150%2C150&ssl=1",150,150,true],"medium":["https:\/\/i0.wp.com\/blog.bfsadvocacia.com.br\/wp-content\/uploads\/2022\/04\/justice-law-case-hearing-159832.jpeg?fit=300%2C200&ssl=1",300,200,true],"medium_large":["https:\/\/i0.wp.com\/blog.bfsadvocacia.com.br\/wp-content\/uploads\/2022\/04\/justice-law-case-hearing-159832.jpeg?fit=640%2C427&ssl=1",640,427,true],"large":["https:\/\/i0.wp.com\/blog.bfsadvocacia.com.br\/wp-content\/uploads\/2022\/04\/justice-law-case-hearing-159832.jpeg?fit=640%2C426&ssl=1",640,426,true],"1536x1536":["https:\/\/i0.wp.com\/blog.bfsadvocacia.com.br\/wp-content\/uploads\/2022\/04\/justice-law-case-hearing-159832.jpeg?fit=1536%2C1024&ssl=1",1536,1024,true],"2048x2048":["https:\/\/i0.wp.com\/blog.bfsadvocacia.com.br\/wp-content\/uploads\/2022\/04\/justice-law-case-hearing-159832.jpeg?fit=1880%2C1253&ssl=1",1880,1253,true],"covernews-slider-full":["https:\/\/i0.wp.com\/blog.bfsadvocacia.com.br\/wp-content\/uploads\/2022\/04\/justice-law-case-hearing-159832.jpeg?resize=1077%2C715&ssl=1",1077,715,true],"covernews-slider-center":["https:\/\/i0.wp.com\/blog.bfsadvocacia.com.br\/wp-content\/uploads\/2022\/04\/justice-law-case-hearing-159832.jpeg?resize=522%2C500&ssl=1",522,500,true],"covernews-featured":["https:\/\/i0.wp.com\/blog.bfsadvocacia.com.br\/wp-content\/uploads\/2022\/04\/justice-law-case-hearing-159832.jpeg?fit=1024%2C682&ssl=1",1024,682,true],"covernews-medium":["https:\/\/i0.wp.com\/blog.bfsadvocacia.com.br\/wp-content\/uploads\/2022\/04\/justice-law-case-hearing-159832.jpeg?resize=540%2C285&ssl=1",540,285,true],"covernews-medium-square":["https:\/\/i0.wp.com\/blog.bfsadvocacia.com.br\/wp-content\/uploads\/2022\/04\/justice-law-case-hearing-159832.jpeg?resize=375%2C250&ssl=1",375,250,true]},"author_info":{"display_name":"bfsadvocacia","author_link":"https:\/\/blog.bfsadvocacia.com.br\/index.php\/author\/bfsadvocacia\/"},"category_info":"<a href=\"https:\/\/blog.bfsadvocacia.com.br\/index.php\/category\/advogado-sp\/\" rel=\"category tag\">advogado sp<\/a>","tag_info":"advogado sp","comment_count":"0","amp_enabled":true,"_links":{"self":[{"href":"https:\/\/blog.bfsadvocacia.com.br\/index.php\/wp-json\/wp\/v2\/posts\/2359"}],"collection":[{"href":"https:\/\/blog.bfsadvocacia.com.br\/index.php\/wp-json\/wp\/v2\/posts"}],"about":[{"href":"https:\/\/blog.bfsadvocacia.com.br\/index.php\/wp-json\/wp\/v2\/types\/post"}],"author":[{"embeddable":true,"href":"https:\/\/blog.bfsadvocacia.com.br\/index.php\/wp-json\/wp\/v2\/users\/1"}],"replies":[{"embeddable":true,"href":"https:\/\/blog.bfsadvocacia.com.br\/index.php\/wp-json\/wp\/v2\/comments?post=2359"}],"version-history":[{"count":2,"href":"https:\/\/blog.bfsadvocacia.com.br\/index.php\/wp-json\/wp\/v2\/posts\/2359\/revisions"}],"predecessor-version":[{"id":2395,"href":"https:\/\/blog.bfsadvocacia.com.br\/index.php\/wp-json\/wp\/v2\/posts\/2359\/revisions\/2395"}],"wp:featuredmedia":[{"embeddable":true,"href":"https:\/\/blog.bfsadvocacia.com.br\/index.php\/wp-json\/wp\/v2\/media\/2394"}],"wp:attachment":[{"href":"https:\/\/blog.bfsadvocacia.com.br\/index.php\/wp-json\/wp\/v2\/media?parent=2359"}],"wp:term":[{"taxonomy":"category","embeddable":true,"href":"https:\/\/blog.bfsadvocacia.com.br\/index.php\/wp-json\/wp\/v2\/categories?post=2359"},{"taxonomy":"post_tag","embeddable":true,"href":"https:\/\/blog.bfsadvocacia.com.br\/index.php\/wp-json\/wp\/v2\/tags?post=2359"}],"curies":[{"name":"wp","href":"https:\/\/api.w.org\/{rel}","templated":true}]}}