{"id":2443,"date":"2022-05-09T07:24:00","date_gmt":"2022-05-09T10:24:00","guid":{"rendered":"http:\/\/blog.bfsadvocacia.com.br\/?p=2443"},"modified":"2022-04-26T14:33:08","modified_gmt":"2022-04-26T17:33:08","slug":"dentista-e-condenado-a-indenizar-paciente-que-teve-fisionomia-alterada-apos-implantes-dentarios","status":"publish","type":"post","link":"https:\/\/blog.bfsadvocacia.com.br\/index.php\/2022\/05\/09\/dentista-e-condenado-a-indenizar-paciente-que-teve-fisionomia-alterada-apos-implantes-dentarios\/","title":{"rendered":"Dentista \u00e9 condenado a indenizar paciente que teve fisionomia alterada ap\u00f3s implantes dent\u00e1rios"},"content":{"rendered":"\n<p>Uma paciente ingressou com uma a\u00e7\u00e3o judicial contra um dentista ap\u00f3s constatar altera\u00e7\u00f5es em sua fisionomia decorrentes dos implantes dent\u00e1rios realizados. A autora relatou que ao final do procedimento notou que os implantes ficaram para fora, os pinos aparentes e os dentes afastados da gengiva, mas ao questionar o profissional sobre o ocorrido obteve como resposta que o resultado seria uma quest\u00e3o de sorte.<\/p>\n\n\n\n<p>Posteriormente, ainda insatisfeita, a paciente procurou o requerido para obter alguma solu\u00e7\u00e3o, o qual sugeriu, com um novo estudo de caso, refazer os implantes j\u00e1 realizados e um tratamento para um dos dentes. Por\u00e9m, no ano seguinte, ao verificar as condi\u00e7\u00f5es do implante, foi inserido um pino que resultou na perfura\u00e7\u00e3o da camada \u00f3ssea e, consequentemente, na perda e remo\u00e7\u00e3o do implante.<\/p>\n\n\n\n<p>Por fim, a requerente afirmou que, desde ent\u00e3o, continuou tentando solucionar o problema, mas n\u00e3o obteve sucesso, visto que o dentista n\u00e3o buscou realizar qualquer repara\u00e7\u00e3o.<\/p>\n\n\n\n<p>Ao analisar o caso, o juiz da Vara \u00danica de Venda Nova do Imigrante declarou que a obriga\u00e7\u00e3o do dentista n\u00e3o \u00e9 alcan\u00e7ar a cura do paciente, mas sim aplicar a melhor t\u00e9cnica e todos os seus esfor\u00e7os na busca do resultado. Contudo, nessa situa\u00e7\u00e3o, o profissional assume uma obriga\u00e7\u00e3o de resultado, pois o procedimento realizado possui car\u00e1ter exclusivamente est\u00e9tico.<\/p>\n\n\n\n<p>Al\u00e9m disso, a per\u00edcia t\u00e9cnica realizada concluiu que os problemas identificados foram ocasionados pela m\u00e1 execu\u00e7\u00e3o do tratamento.<\/p>\n\n\n\n<p>Portanto, ao considerar que a situa\u00e7\u00e3o acarretou uma s\u00e9rie de danos \u00e0 autora, os anos que ela est\u00e1 lidando com o problema, e o tempo que ainda precisar\u00e1 para a efetiva repara\u00e7\u00e3o das pr\u00f3teses, o magistrado condenou o dentista ao pagamento de indeniza\u00e7\u00e3o no valor correspondente a um novo tratamento odontol\u00f3gico, al\u00e9m R$ 10.000,00 pelos danos morais.<\/p>\n\n\n\n<p>Processo n\u00ba\u00a0<strong>0002692-64.2016.8.08.0049<\/strong><\/p>\n\n\n\n<p>T J E E S 07.04.2022<\/p>\n","protected":false},"excerpt":{"rendered":"<p>O profissional foi condenado ao pagamento de indeniza\u00e7\u00e3o no valor correspondente a um novo tratamento odontol\u00f3gico, al\u00e9m R$ 10.000,00 pelos danos morais.<\/p>\n","protected":false},"author":1,"featured_media":2445,"comment_status":"open","ping_status":"closed","sticky":false,"template":"","format":"standard","meta":{"footnotes":"","jetpack_publicize_message":"","jetpack_is_tweetstorm":false,"jetpack_publicize_feature_enabled":true,"jetpack_social_post_already_shared":false,"jetpack_social_options":{"image_generator_settings":{"template":"highway","enabled":false}}},"categories":[11,28],"tags":[1794,1751,94,1792,1793],"jetpack_publicize_connections":[],"jetpack_featured_media_url":"https:\/\/i0.wp.com\/blog.bfsadvocacia.com.br\/wp-content\/uploads\/2022\/04\/pexels-photo-305568.jpeg?fit=1880%2C1253&ssl=1","featured_image_urls":{"full":["https:\/\/i0.wp.com\/blog.bfsadvocacia.com.br\/wp-content\/uploads\/2022\/04\/pexels-photo-305568.jpeg?fit=1880%2C1253&ssl=1",1880,1253,false],"thumbnail":["https:\/\/i0.wp.com\/blog.bfsadvocacia.com.br\/wp-content\/uploads\/2022\/04\/pexels-photo-305568.jpeg?resize=150%2C150&ssl=1",150,150,true],"medium":["https:\/\/i0.wp.com\/blog.bfsadvocacia.com.br\/wp-content\/uploads\/2022\/04\/pexels-photo-305568.jpeg?fit=300%2C200&ssl=1",300,200,true],"medium_large":["https:\/\/i0.wp.com\/blog.bfsadvocacia.com.br\/wp-content\/uploads\/2022\/04\/pexels-photo-305568.jpeg?fit=640%2C427&ssl=1",640,427,true],"large":["https:\/\/i0.wp.com\/blog.bfsadvocacia.com.br\/wp-content\/uploads\/2022\/04\/pexels-photo-305568.jpeg?fit=640%2C426&ssl=1",640,426,true],"1536x1536":["https:\/\/i0.wp.com\/blog.bfsadvocacia.com.br\/wp-content\/uploads\/2022\/04\/pexels-photo-305568.jpeg?fit=1536%2C1024&ssl=1",1536,1024,true],"2048x2048":["https:\/\/i0.wp.com\/blog.bfsadvocacia.com.br\/wp-content\/uploads\/2022\/04\/pexels-photo-305568.jpeg?fit=1880%2C1253&ssl=1",1880,1253,true],"covernews-slider-full":["https:\/\/i0.wp.com\/blog.bfsadvocacia.com.br\/wp-content\/uploads\/2022\/04\/pexels-photo-305568.jpeg?resize=1077%2C715&ssl=1",1077,715,true],"covernews-slider-center":["https:\/\/i0.wp.com\/blog.bfsadvocacia.com.br\/wp-content\/uploads\/2022\/04\/pexels-photo-305568.jpeg?resize=522%2C500&ssl=1",522,500,true],"covernews-featured":["https:\/\/i0.wp.com\/blog.bfsadvocacia.com.br\/wp-content\/uploads\/2022\/04\/pexels-photo-305568.jpeg?fit=1024%2C682&ssl=1",1024,682,true],"covernews-medium":["https:\/\/i0.wp.com\/blog.bfsadvocacia.com.br\/wp-content\/uploads\/2022\/04\/pexels-photo-305568.jpeg?resize=540%2C285&ssl=1",540,285,true],"covernews-medium-square":["https:\/\/i0.wp.com\/blog.bfsadvocacia.com.br\/wp-content\/uploads\/2022\/04\/pexels-photo-305568.jpeg?resize=375%2C250&ssl=1",375,250,true]},"author_info":{"display_name":"bfsadvocacia","author_link":"https:\/\/blog.bfsadvocacia.com.br\/index.php\/author\/bfsadvocacia\/"},"category_info":"<a href=\"https:\/\/blog.bfsadvocacia.com.br\/index.php\/category\/advogado-sp\/\" rel=\"category tag\">advogado sp<\/a> <a href=\"https:\/\/blog.bfsadvocacia.com.br\/index.php\/category\/atualidades-juridicas\/\" rel=\"category tag\">atualidades jur\u00eddicas<\/a>","tag_info":"atualidades jur\u00eddicas","comment_count":"0","amp_enabled":true,"_links":{"self":[{"href":"https:\/\/blog.bfsadvocacia.com.br\/index.php\/wp-json\/wp\/v2\/posts\/2443"}],"collection":[{"href":"https:\/\/blog.bfsadvocacia.com.br\/index.php\/wp-json\/wp\/v2\/posts"}],"about":[{"href":"https:\/\/blog.bfsadvocacia.com.br\/index.php\/wp-json\/wp\/v2\/types\/post"}],"author":[{"embeddable":true,"href":"https:\/\/blog.bfsadvocacia.com.br\/index.php\/wp-json\/wp\/v2\/users\/1"}],"replies":[{"embeddable":true,"href":"https:\/\/blog.bfsadvocacia.com.br\/index.php\/wp-json\/wp\/v2\/comments?post=2443"}],"version-history":[{"count":4,"href":"https:\/\/blog.bfsadvocacia.com.br\/index.php\/wp-json\/wp\/v2\/posts\/2443\/revisions"}],"predecessor-version":[{"id":2451,"href":"https:\/\/blog.bfsadvocacia.com.br\/index.php\/wp-json\/wp\/v2\/posts\/2443\/revisions\/2451"}],"wp:featuredmedia":[{"embeddable":true,"href":"https:\/\/blog.bfsadvocacia.com.br\/index.php\/wp-json\/wp\/v2\/media\/2445"}],"wp:attachment":[{"href":"https:\/\/blog.bfsadvocacia.com.br\/index.php\/wp-json\/wp\/v2\/media?parent=2443"}],"wp:term":[{"taxonomy":"category","embeddable":true,"href":"https:\/\/blog.bfsadvocacia.com.br\/index.php\/wp-json\/wp\/v2\/categories?post=2443"},{"taxonomy":"post_tag","embeddable":true,"href":"https:\/\/blog.bfsadvocacia.com.br\/index.php\/wp-json\/wp\/v2\/tags?post=2443"}],"curies":[{"name":"wp","href":"https:\/\/api.w.org\/{rel}","templated":true}]}}