{"id":2450,"date":"2022-05-11T07:32:00","date_gmt":"2022-05-11T10:32:00","guid":{"rendered":"http:\/\/blog.bfsadvocacia.com.br\/?p=2450"},"modified":"2022-04-26T14:43:10","modified_gmt":"2022-04-26T17:43:10","slug":"tribunal-reduz-valor-cobrado-por-sobre-estadia-de-containers","status":"publish","type":"post","link":"https:\/\/blog.bfsadvocacia.com.br\/index.php\/2022\/05\/11\/tribunal-reduz-valor-cobrado-por-sobre-estadia-de-containers\/","title":{"rendered":"Tribunal reduz valor cobrado por sobre-estadia de containers"},"content":{"rendered":"\n<p>Em a\u00e7\u00e3o relativa a contrato de transporte mar\u00edtimo, a 14\u00aa C\u00e2mara de Direito Privado do Tribunal de Justi\u00e7a de S\u00e3o Paulo reduziu valor cobrado por atraso na devolu\u00e7\u00e3o de containers. O taxa devida pela sobre-estadia foi baixou de R$ 2.285.476,18 para R$ 283.337,43. De acordo com o colegiado, a demora no retorno dos containers foi comprovada e a cobran\u00e7a \u00e9 devida, mas houve viola\u00e7\u00e3o ao princ\u00edpio da boa-f\u00e9, pois as taxas foram impostas no momento da devolu\u00e7\u00e3o, em que a autora da a\u00e7\u00e3o foi obrigada a aceitar o \u00edndice. A adequa\u00e7\u00e3o definida pelo Judici\u00e1rio tomou como base o valor m\u00e9dio da di\u00e1ria de aluguel.<\/p>\n\n\n\n<p>&nbsp;&nbsp;&nbsp;&nbsp;Consta nos autos que n\u00e3o h\u00e1 provas de que a empresa tinha ci\u00eancia dos valores cobrados em caso de atraso na devolu\u00e7\u00e3o. Ao tentar devolver os containers, foi cobrada taxa que variou de U$ 85 a U$ 470 d\u00f3lares por dia. O relator da apela\u00e7\u00e3o, desembargador Carlos Abr\u00e3o, destacou em seu voto que houve \u201cabusividade caracterizada pela obrigatoriedade da assinatura do termo de compromisso para se proceder \u00e0 devolu\u00e7\u00e3o dos cofres\u201d. A C\u00e2mara autorizou a redu\u00e7\u00e3o para U$ 50 por dia para todo o per\u00edodo em atraso e para todos os containers. Tamb\u00e9m foi julgada a inexigibilidade de tr\u00eas containers, por falta de comprova\u00e7\u00e3o da data da chegada da carga e da devolu\u00e7\u00e3o.<\/p>\n\n\n\n<p>&nbsp;&nbsp;&nbsp;&nbsp;Os desembargadores Luis Fernando Camargo de Barros Vidal e Penna Machado completaram a turma julgadora. A decis\u00e3o foi un\u00e2nime.<\/p>\n\n\n\n<p>\u00a0\u00a0\u00a0\u00a0Apela\u00e7\u00e3o n\u00ba\u00a0<a href=\"https:\/\/esaj.tjsp.jus.br\/cposg\/search.do?conversationId=&amp;paginaConsulta=0&amp;cbPesquisa=NUMPROC&amp;numeroDigitoAnoUnificado=1004547-97.2021&amp;foroNumeroUnificado=0562&amp;dePesquisaNuUnificado=1004547-97.2021.8.26.0562&amp;dePesquisaNuUnificado=UNIFICADO&amp;dePesquisa=&amp;tipoNuProcesso=UNIFICADO#?cdDocumento=40\">1004547-97.2021.8.26.0562<\/a><\/p>\n\n\n\n<p>TJSP 13.04.2022<\/p>\n","protected":false},"excerpt":{"rendered":"<p>Decis\u00e3o da 14\u00aa C\u00e2mara de Direito Privado.<\/p>\n","protected":false},"author":1,"featured_media":2458,"comment_status":"open","ping_status":"closed","sticky":false,"template":"","format":"standard","meta":{"footnotes":"","jetpack_publicize_message":"","jetpack_is_tweetstorm":false,"jetpack_publicize_feature_enabled":true,"jetpack_social_post_already_shared":false,"jetpack_social_options":{"image_generator_settings":{"template":"highway","enabled":false}}},"categories":[11,28],"tags":[156,1797,643,1796,101],"jetpack_publicize_connections":[],"jetpack_featured_media_url":"https:\/\/i0.wp.com\/blog.bfsadvocacia.com.br\/wp-content\/uploads\/2022\/04\/pexels-photo-6595774.jpeg?fit=1733%2C1300&ssl=1","featured_image_urls":{"full":["https:\/\/i0.wp.com\/blog.bfsadvocacia.com.br\/wp-content\/uploads\/2022\/04\/pexels-photo-6595774.jpeg?fit=1733%2C1300&ssl=1",1733,1300,false],"thumbnail":["https:\/\/i0.wp.com\/blog.bfsadvocacia.com.br\/wp-content\/uploads\/2022\/04\/pexels-photo-6595774.jpeg?resize=150%2C150&ssl=1",150,150,true],"medium":["https:\/\/i0.wp.com\/blog.bfsadvocacia.com.br\/wp-content\/uploads\/2022\/04\/pexels-photo-6595774.jpeg?fit=300%2C225&ssl=1",300,225,true],"medium_large":["https:\/\/i0.wp.com\/blog.bfsadvocacia.com.br\/wp-content\/uploads\/2022\/04\/pexels-photo-6595774.jpeg?fit=640%2C480&ssl=1",640,480,true],"large":["https:\/\/i0.wp.com\/blog.bfsadvocacia.com.br\/wp-content\/uploads\/2022\/04\/pexels-photo-6595774.jpeg?fit=640%2C480&ssl=1",640,480,true],"1536x1536":["https:\/\/i0.wp.com\/blog.bfsadvocacia.com.br\/wp-content\/uploads\/2022\/04\/pexels-photo-6595774.jpeg?fit=1536%2C1152&ssl=1",1536,1152,true],"2048x2048":["https:\/\/i0.wp.com\/blog.bfsadvocacia.com.br\/wp-content\/uploads\/2022\/04\/pexels-photo-6595774.jpeg?fit=1733%2C1300&ssl=1",1733,1300,true],"covernews-slider-full":["https:\/\/i0.wp.com\/blog.bfsadvocacia.com.br\/wp-content\/uploads\/2022\/04\/pexels-photo-6595774.jpeg?resize=1077%2C715&ssl=1",1077,715,true],"covernews-slider-center":["https:\/\/i0.wp.com\/blog.bfsadvocacia.com.br\/wp-content\/uploads\/2022\/04\/pexels-photo-6595774.jpeg?resize=522%2C500&ssl=1",522,500,true],"covernews-featured":["https:\/\/i0.wp.com\/blog.bfsadvocacia.com.br\/wp-content\/uploads\/2022\/04\/pexels-photo-6595774.jpeg?fit=1024%2C768&ssl=1",1024,768,true],"covernews-medium":["https:\/\/i0.wp.com\/blog.bfsadvocacia.com.br\/wp-content\/uploads\/2022\/04\/pexels-photo-6595774.jpeg?resize=540%2C285&ssl=1",540,285,true],"covernews-medium-square":["https:\/\/i0.wp.com\/blog.bfsadvocacia.com.br\/wp-content\/uploads\/2022\/04\/pexels-photo-6595774.jpeg?resize=375%2C250&ssl=1",375,250,true]},"author_info":{"display_name":"bfsadvocacia","author_link":"https:\/\/blog.bfsadvocacia.com.br\/index.php\/author\/bfsadvocacia\/"},"category_info":"<a href=\"https:\/\/blog.bfsadvocacia.com.br\/index.php\/category\/advogado-sp\/\" rel=\"category tag\">advogado sp<\/a> <a href=\"https:\/\/blog.bfsadvocacia.com.br\/index.php\/category\/atualidades-juridicas\/\" rel=\"category tag\">atualidades jur\u00eddicas<\/a>","tag_info":"atualidades jur\u00eddicas","comment_count":"0","amp_enabled":true,"_links":{"self":[{"href":"https:\/\/blog.bfsadvocacia.com.br\/index.php\/wp-json\/wp\/v2\/posts\/2450"}],"collection":[{"href":"https:\/\/blog.bfsadvocacia.com.br\/index.php\/wp-json\/wp\/v2\/posts"}],"about":[{"href":"https:\/\/blog.bfsadvocacia.com.br\/index.php\/wp-json\/wp\/v2\/types\/post"}],"author":[{"embeddable":true,"href":"https:\/\/blog.bfsadvocacia.com.br\/index.php\/wp-json\/wp\/v2\/users\/1"}],"replies":[{"embeddable":true,"href":"https:\/\/blog.bfsadvocacia.com.br\/index.php\/wp-json\/wp\/v2\/comments?post=2450"}],"version-history":[{"count":1,"href":"https:\/\/blog.bfsadvocacia.com.br\/index.php\/wp-json\/wp\/v2\/posts\/2450\/revisions"}],"predecessor-version":[{"id":2459,"href":"https:\/\/blog.bfsadvocacia.com.br\/index.php\/wp-json\/wp\/v2\/posts\/2450\/revisions\/2459"}],"wp:featuredmedia":[{"embeddable":true,"href":"https:\/\/blog.bfsadvocacia.com.br\/index.php\/wp-json\/wp\/v2\/media\/2458"}],"wp:attachment":[{"href":"https:\/\/blog.bfsadvocacia.com.br\/index.php\/wp-json\/wp\/v2\/media?parent=2450"}],"wp:term":[{"taxonomy":"category","embeddable":true,"href":"https:\/\/blog.bfsadvocacia.com.br\/index.php\/wp-json\/wp\/v2\/categories?post=2450"},{"taxonomy":"post_tag","embeddable":true,"href":"https:\/\/blog.bfsadvocacia.com.br\/index.php\/wp-json\/wp\/v2\/tags?post=2450"}],"curies":[{"name":"wp","href":"https:\/\/api.w.org\/{rel}","templated":true}]}}