{"id":2487,"date":"2022-05-19T07:17:00","date_gmt":"2022-05-19T10:17:00","guid":{"rendered":"http:\/\/blog.bfsadvocacia.com.br\/?p=2487"},"modified":"2022-05-17T16:36:02","modified_gmt":"2022-05-17T19:36:02","slug":"situacao-de-vulnerabilidade-de-grupo-familiar-justifica-a-concessao-de-beneficio-assistencial","status":"publish","type":"post","link":"https:\/\/blog.bfsadvocacia.com.br\/index.php\/2022\/05\/19\/situacao-de-vulnerabilidade-de-grupo-familiar-justifica-a-concessao-de-beneficio-assistencial\/","title":{"rendered":"Situa\u00e7\u00e3o de vulnerabilidade de grupo familiar justifica a concess\u00e3o de benef\u00edcio assistencial"},"content":{"rendered":"\n<p>Com o entendimento de que um morador de Cachoeirinha (RS) de 48 anos de idade com esquizofrenia e defici\u00eancia auditiva e a fam\u00edlia dele est\u00e3o em situa\u00e7\u00e3o de risco social e desamparo, a 5\u00aa Turma do Tribunal Regional Federal da 4\u00aa Regi\u00e3o (TRF4) concedeu ontem (10\/5), por unanimidade, benef\u00edcio assistencial ao homem.<\/p>\n\n\n\n<p>A m\u00e3e dele, que ajuizou a a\u00e7\u00e3o junto com o filho, \u00e9 idosa e cadeirante, e eles sobrevivem da pens\u00e3o do pai falecido, no valor de um sal\u00e1rio m\u00ednimo. No n\u00facleo familiar ainda moram um irm\u00e3o e a esposa, que est\u00e3o desempregados e ajudam nos cuidados de ambos.<\/p>\n\n\n\n<p>O pedido foi negado pelo Instituto Nacional do Seguro Social (INSS) e pela Justi\u00e7a Federal de Gravata\u00ed (RS) sob o entendimento de que a renda&nbsp;<em>per capita&nbsp;<\/em>estava acima da exigida para a concess\u00e3o do benef\u00edcio. A idosa recorreu ao tribunal. Ela sustentou&nbsp;que sua renda \u00e9 insuficiente para garantir a medica\u00e7\u00e3o de duas pessoas doentes e a alimenta\u00e7\u00e3o de todos.<\/p>\n\n\n\n<p>Segundo o relator do caso, desembargador Roger Raupp Rios, tanto na data do requerimento administrativo ao INSS, quanto na data da elabora\u00e7\u00e3o do laudo socioecon\u00f4mico para a a\u00e7\u00e3o judicial, o autor preenchia os requisitos para a concess\u00e3o do benef\u00edcio assistencial \u00e0 pessoa com defici\u00eancia.&nbsp;<\/p>\n\n\n\n<p>Raupp Rios enfatizou em seu voto que \u201co direito ao benef\u00edcio assistencial pressup\u00f5e o preenchimento de dois requisitos apresentados pelos autores: condi\u00e7\u00e3o de pessoa com defici\u00eancia ou idosa e situa\u00e7\u00e3o de risco social, ou seja, de miserabilidade ou de desamparo\u201d.<\/p>\n\n\n\n<p>O magistrado ressaltou que os crit\u00e9rios de reconhecimento da miserabilidade foram flexibilizados pelo Supremo Tribunal Federal, que reconheceu a inconstitucionalidade da legisla\u00e7\u00e3o que dava direito ao benef\u00edcio apenas \u00e0 pessoa com renda&nbsp;<em>per capita&nbsp;<\/em>familiar inferior a um quarto&nbsp;do sal\u00e1rio m\u00ednimo.<\/p>\n\n\n\n<p>\u201cPara a concess\u00e3o do benef\u00edcio assistencial, poder\u00e3o ser utilizados outros elementos probat\u00f3rios da condi\u00e7\u00e3o de miserabilidade do grupo familiar e da situa\u00e7\u00e3o de vulnerabilidade\u201d, concluiu o desembargador.<\/p>\n\n\n\n<p>O INSS dever\u00e1 pagar o valor retroativo \u00e0 data do requerimento administrativo, feito em junho de 2005, com juros e corre\u00e7\u00e3o monet\u00e1ria, pois contra o absolutamente incapaz n\u00e3o ocorre prescri\u00e7\u00e3o.<\/p>\n\n\n\n<p>TRF4 11.05.2022<\/p>\n","protected":false},"excerpt":{"rendered":"<p>O magistrado ressaltou que os crit\u00e9rios de reconhecimento da miserabilidade foram flexibilizados pelo Supremo Tribunal Federal<\/p>\n","protected":false},"author":1,"featured_media":215,"comment_status":"open","ping_status":"closed","sticky":false,"template":"","format":"standard","meta":{"footnotes":"","jetpack_publicize_message":"","jetpack_is_tweetstorm":false,"jetpack_publicize_feature_enabled":true,"jetpack_social_post_already_shared":true,"jetpack_social_options":{"image_generator_settings":{"template":"highway","enabled":false}}},"categories":[11,12],"tags":[63,54,1136,22,1805,17,55,168,57,1804],"jetpack_publicize_connections":[],"jetpack_featured_media_url":"https:\/\/i0.wp.com\/blog.bfsadvocacia.com.br\/wp-content\/uploads\/2020\/05\/inss_aps_segurado.jpg?fit=960%2C640&ssl=1","featured_image_urls":{"full":["https:\/\/i0.wp.com\/blog.bfsadvocacia.com.br\/wp-content\/uploads\/2020\/05\/inss_aps_segurado.jpg?fit=960%2C640&ssl=1",960,640,false],"thumbnail":["https:\/\/i0.wp.com\/blog.bfsadvocacia.com.br\/wp-content\/uploads\/2020\/05\/inss_aps_segurado.jpg?resize=150%2C150&ssl=1",150,150,true],"medium":["https:\/\/i0.wp.com\/blog.bfsadvocacia.com.br\/wp-content\/uploads\/2020\/05\/inss_aps_segurado.jpg?fit=300%2C200&ssl=1",300,200,true],"medium_large":["https:\/\/i0.wp.com\/blog.bfsadvocacia.com.br\/wp-content\/uploads\/2020\/05\/inss_aps_segurado.jpg?fit=640%2C427&ssl=1",640,427,true],"large":["https:\/\/i0.wp.com\/blog.bfsadvocacia.com.br\/wp-content\/uploads\/2020\/05\/inss_aps_segurado.jpg?fit=640%2C427&ssl=1",640,427,true],"1536x1536":["https:\/\/i0.wp.com\/blog.bfsadvocacia.com.br\/wp-content\/uploads\/2020\/05\/inss_aps_segurado.jpg?fit=960%2C640&ssl=1",960,640,true],"2048x2048":["https:\/\/i0.wp.com\/blog.bfsadvocacia.com.br\/wp-content\/uploads\/2020\/05\/inss_aps_segurado.jpg?fit=960%2C640&ssl=1",960,640,true],"covernews-slider-full":["https:\/\/i0.wp.com\/blog.bfsadvocacia.com.br\/wp-content\/uploads\/2020\/05\/inss_aps_segurado.jpg?resize=960%2C640&ssl=1",960,640,true],"covernews-slider-center":["https:\/\/i0.wp.com\/blog.bfsadvocacia.com.br\/wp-content\/uploads\/2020\/05\/inss_aps_segurado.jpg?resize=731%2C500&ssl=1",731,500,true],"covernews-featured":["https:\/\/i0.wp.com\/blog.bfsadvocacia.com.br\/wp-content\/uploads\/2020\/05\/inss_aps_segurado.jpg?fit=960%2C640&ssl=1",960,640,true],"covernews-medium":["https:\/\/i0.wp.com\/blog.bfsadvocacia.com.br\/wp-content\/uploads\/2020\/05\/inss_aps_segurado.jpg?resize=540%2C285&ssl=1",540,285,true],"covernews-medium-square":["https:\/\/i0.wp.com\/blog.bfsadvocacia.com.br\/wp-content\/uploads\/2020\/05\/inss_aps_segurado.jpg?resize=375%2C250&ssl=1",375,250,true]},"author_info":{"display_name":"bfsadvocacia","author_link":"https:\/\/blog.bfsadvocacia.com.br\/index.php\/author\/bfsadvocacia\/"},"category_info":"<a href=\"https:\/\/blog.bfsadvocacia.com.br\/index.php\/category\/advogado-sp\/\" rel=\"category tag\">advogado sp<\/a> <a href=\"https:\/\/blog.bfsadvocacia.com.br\/index.php\/category\/direito-previdenciario\/\" rel=\"category tag\">Direito Previdenci\u00e1rio<\/a>","tag_info":"Direito Previdenci\u00e1rio","comment_count":"0","amp_enabled":true,"_links":{"self":[{"href":"https:\/\/blog.bfsadvocacia.com.br\/index.php\/wp-json\/wp\/v2\/posts\/2487"}],"collection":[{"href":"https:\/\/blog.bfsadvocacia.com.br\/index.php\/wp-json\/wp\/v2\/posts"}],"about":[{"href":"https:\/\/blog.bfsadvocacia.com.br\/index.php\/wp-json\/wp\/v2\/types\/post"}],"author":[{"embeddable":true,"href":"https:\/\/blog.bfsadvocacia.com.br\/index.php\/wp-json\/wp\/v2\/users\/1"}],"replies":[{"embeddable":true,"href":"https:\/\/blog.bfsadvocacia.com.br\/index.php\/wp-json\/wp\/v2\/comments?post=2487"}],"version-history":[{"count":1,"href":"https:\/\/blog.bfsadvocacia.com.br\/index.php\/wp-json\/wp\/v2\/posts\/2487\/revisions"}],"predecessor-version":[{"id":2489,"href":"https:\/\/blog.bfsadvocacia.com.br\/index.php\/wp-json\/wp\/v2\/posts\/2487\/revisions\/2489"}],"wp:featuredmedia":[{"embeddable":true,"href":"https:\/\/blog.bfsadvocacia.com.br\/index.php\/wp-json\/wp\/v2\/media\/215"}],"wp:attachment":[{"href":"https:\/\/blog.bfsadvocacia.com.br\/index.php\/wp-json\/wp\/v2\/media?parent=2487"}],"wp:term":[{"taxonomy":"category","embeddable":true,"href":"https:\/\/blog.bfsadvocacia.com.br\/index.php\/wp-json\/wp\/v2\/categories?post=2487"},{"taxonomy":"post_tag","embeddable":true,"href":"https:\/\/blog.bfsadvocacia.com.br\/index.php\/wp-json\/wp\/v2\/tags?post=2487"}],"curies":[{"name":"wp","href":"https:\/\/api.w.org\/{rel}","templated":true}]}}