{"id":2503,"date":"2022-05-30T07:16:00","date_gmt":"2022-05-30T10:16:00","guid":{"rendered":"http:\/\/blog.bfsadvocacia.com.br\/?p=2503"},"modified":"2022-05-17T19:04:41","modified_gmt":"2022-05-17T22:04:41","slug":"mantido-pagamento-pelo-inss-de-salario-maternidade-para-trabalhadora-rural-menor-de-idade-considerada-segurada-especial","status":"publish","type":"post","link":"https:\/\/blog.bfsadvocacia.com.br\/index.php\/2022\/05\/30\/mantido-pagamento-pelo-inss-de-salario-maternidade-para-trabalhadora-rural-menor-de-idade-considerada-segurada-especial\/","title":{"rendered":"Mantido pagamento pelo INSS de sal\u00e1rio maternidade para trabalhadora rural menor de idade considerada segurada especial"},"content":{"rendered":"\n<p>A 1\u00aa Turma do Tribunal Regional Federal da 1\u00aa Regi\u00e3o (TRF1) negou provimento \u00e0 apela\u00e7\u00e3o do Instituto Nacional do Seguro Social (INSS) e manteve o sal\u00e1rio-maternidade pago a uma adolescente de 16 anos que exercia o trabalho rural, por consider\u00e1-la segurada especial.<\/p>\n\n\n\n<p>No recurso, o INSS alegou que a adolescente n\u00e3o se enquadrava como segurada especial, porque n\u00e3o apresentou provas materiais de que era trabalhadora rural e nem cumpriu a car\u00eancia exigida em lei para o pagamento do aux\u00edlio.<\/p>\n\n\n\n<p>A desembargadora federal Maura Moraes Tayer, relatora do recurso, n\u00e3o acolheu os argumentos, sustentando que, ao contr\u00e1rio do alegado pelo INSS, foram apresentados diversos documentos comprovando sua qualidade de trabalhadora rural e, consequentemente, de segurada especial.<\/p>\n\n\n\n<p>\u201cOs documentos s\u00e3o suficientes para comprovar o in\u00edcio de prova material do exerc\u00edcio de atividade rural. N\u00e3o fosse isso, as testemunhas confirmaram as alega\u00e7\u00f5es da parte autora, assegurando que sempre trabalhou na \u00e1rea rural, incluindo o per\u00edodo anterior ao parto e que nunca morou na cidade, que somente se deslocava \u00e0 cidade \u00e0 noite para estudar\u201d, ressaltou ela em seu voto.<\/p>\n\n\n\n<p>A relatora ainda destacou que a jurisprud\u00eancia do Superior Tribunal de Justi\u00e7a (STJ) se consolidou no sentido de que \u201cas regras de prote\u00e7\u00e3o \u00e0s crian\u00e7as e adolescentes n\u00e3o podem ser utilizadas com o escopo de restringir direitos, devendo ser garantido o direito aos benef\u00edcios previdenci\u00e1rios em vista do princ\u00edpio da universalidade da cobertura\u201d.<\/p>\n\n\n\n<p>A 1\u00aa Turma do TRF1, por unanimidade, negou provimento \u00e0 apela\u00e7\u00e3o do INSS, nos termos do voto da relatora.<\/p>\n\n\n\n<p>Processo 1034263-17.2021.4.01.9999<\/p>\n\n\n\n<p>TRF1 11.05.2022<\/p>\n","protected":false},"excerpt":{"rendered":"<p>A 1\u00aa Turma do Tribunal Regional Federal da 1\u00aa Regi\u00e3o (TRF1) negou provimento \u00e0 apela\u00e7\u00e3o&#8230;<\/p>\n","protected":false},"author":1,"featured_media":2513,"comment_status":"open","ping_status":"closed","sticky":false,"template":"","format":"standard","meta":{"footnotes":"","jetpack_publicize_message":"","jetpack_is_tweetstorm":false,"jetpack_publicize_feature_enabled":true,"jetpack_social_post_already_shared":true,"jetpack_social_options":{"image_generator_settings":{"template":"highway","enabled":false}}},"categories":[28,12],"tags":[22,17,755,1816,147,122,876],"jetpack_publicize_connections":[],"jetpack_featured_media_url":"https:\/\/i0.wp.com\/blog.bfsadvocacia.com.br\/wp-content\/uploads\/2022\/05\/baby-child-newborn-arms-47219.jpeg?fit=1625%2C1300&ssl=1","featured_image_urls":{"full":["https:\/\/i0.wp.com\/blog.bfsadvocacia.com.br\/wp-content\/uploads\/2022\/05\/baby-child-newborn-arms-47219.jpeg?fit=1625%2C1300&ssl=1",1625,1300,false],"thumbnail":["https:\/\/i0.wp.com\/blog.bfsadvocacia.com.br\/wp-content\/uploads\/2022\/05\/baby-child-newborn-arms-47219.jpeg?resize=150%2C150&ssl=1",150,150,true],"medium":["https:\/\/i0.wp.com\/blog.bfsadvocacia.com.br\/wp-content\/uploads\/2022\/05\/baby-child-newborn-arms-47219.jpeg?fit=300%2C240&ssl=1",300,240,true],"medium_large":["https:\/\/i0.wp.com\/blog.bfsadvocacia.com.br\/wp-content\/uploads\/2022\/05\/baby-child-newborn-arms-47219.jpeg?fit=640%2C512&ssl=1",640,512,true],"large":["https:\/\/i0.wp.com\/blog.bfsadvocacia.com.br\/wp-content\/uploads\/2022\/05\/baby-child-newborn-arms-47219.jpeg?fit=640%2C512&ssl=1",640,512,true],"1536x1536":["https:\/\/i0.wp.com\/blog.bfsadvocacia.com.br\/wp-content\/uploads\/2022\/05\/baby-child-newborn-arms-47219.jpeg?fit=1536%2C1229&ssl=1",1536,1229,true],"2048x2048":["https:\/\/i0.wp.com\/blog.bfsadvocacia.com.br\/wp-content\/uploads\/2022\/05\/baby-child-newborn-arms-47219.jpeg?fit=1625%2C1300&ssl=1",1625,1300,true],"covernews-slider-full":["https:\/\/i0.wp.com\/blog.bfsadvocacia.com.br\/wp-content\/uploads\/2022\/05\/baby-child-newborn-arms-47219.jpeg?resize=1077%2C715&ssl=1",1077,715,true],"covernews-slider-center":["https:\/\/i0.wp.com\/blog.bfsadvocacia.com.br\/wp-content\/uploads\/2022\/05\/baby-child-newborn-arms-47219.jpeg?resize=522%2C500&ssl=1",522,500,true],"covernews-featured":["https:\/\/i0.wp.com\/blog.bfsadvocacia.com.br\/wp-content\/uploads\/2022\/05\/baby-child-newborn-arms-47219.jpeg?fit=1024%2C819&ssl=1",1024,819,true],"covernews-medium":["https:\/\/i0.wp.com\/blog.bfsadvocacia.com.br\/wp-content\/uploads\/2022\/05\/baby-child-newborn-arms-47219.jpeg?resize=540%2C285&ssl=1",540,285,true],"covernews-medium-square":["https:\/\/i0.wp.com\/blog.bfsadvocacia.com.br\/wp-content\/uploads\/2022\/05\/baby-child-newborn-arms-47219.jpeg?resize=375%2C250&ssl=1",375,250,true]},"author_info":{"display_name":"bfsadvocacia","author_link":"https:\/\/blog.bfsadvocacia.com.br\/index.php\/author\/bfsadvocacia\/"},"category_info":"<a href=\"https:\/\/blog.bfsadvocacia.com.br\/index.php\/category\/atualidades-juridicas\/\" rel=\"category tag\">atualidades jur\u00eddicas<\/a> <a href=\"https:\/\/blog.bfsadvocacia.com.br\/index.php\/category\/direito-previdenciario\/\" rel=\"category tag\">Direito Previdenci\u00e1rio<\/a>","tag_info":"Direito Previdenci\u00e1rio","comment_count":"0","amp_enabled":true,"_links":{"self":[{"href":"https:\/\/blog.bfsadvocacia.com.br\/index.php\/wp-json\/wp\/v2\/posts\/2503"}],"collection":[{"href":"https:\/\/blog.bfsadvocacia.com.br\/index.php\/wp-json\/wp\/v2\/posts"}],"about":[{"href":"https:\/\/blog.bfsadvocacia.com.br\/index.php\/wp-json\/wp\/v2\/types\/post"}],"author":[{"embeddable":true,"href":"https:\/\/blog.bfsadvocacia.com.br\/index.php\/wp-json\/wp\/v2\/users\/1"}],"replies":[{"embeddable":true,"href":"https:\/\/blog.bfsadvocacia.com.br\/index.php\/wp-json\/wp\/v2\/comments?post=2503"}],"version-history":[{"count":1,"href":"https:\/\/blog.bfsadvocacia.com.br\/index.php\/wp-json\/wp\/v2\/posts\/2503\/revisions"}],"predecessor-version":[{"id":2514,"href":"https:\/\/blog.bfsadvocacia.com.br\/index.php\/wp-json\/wp\/v2\/posts\/2503\/revisions\/2514"}],"wp:featuredmedia":[{"embeddable":true,"href":"https:\/\/blog.bfsadvocacia.com.br\/index.php\/wp-json\/wp\/v2\/media\/2513"}],"wp:attachment":[{"href":"https:\/\/blog.bfsadvocacia.com.br\/index.php\/wp-json\/wp\/v2\/media?parent=2503"}],"wp:term":[{"taxonomy":"category","embeddable":true,"href":"https:\/\/blog.bfsadvocacia.com.br\/index.php\/wp-json\/wp\/v2\/categories?post=2503"},{"taxonomy":"post_tag","embeddable":true,"href":"https:\/\/blog.bfsadvocacia.com.br\/index.php\/wp-json\/wp\/v2\/tags?post=2503"}],"curies":[{"name":"wp","href":"https:\/\/api.w.org\/{rel}","templated":true}]}}