{"id":2590,"date":"2022-06-10T07:13:00","date_gmt":"2022-06-10T10:13:00","guid":{"rendered":"http:\/\/blog.bfsadvocacia.com.br\/?p=2590"},"modified":"2022-06-02T16:26:25","modified_gmt":"2022-06-02T19:26:25","slug":"justica-invalida-plano-de-demissao-voluntaria-de-empregado-induzido-a-assinar-o-documento","status":"publish","type":"post","link":"https:\/\/blog.bfsadvocacia.com.br\/index.php\/2022\/06\/10\/justica-invalida-plano-de-demissao-voluntaria-de-empregado-induzido-a-assinar-o-documento\/","title":{"rendered":"Justi\u00e7a invalida plano de demiss\u00e3o volunt\u00e1ria de empregado induzido a assinar o documento"},"content":{"rendered":"\n<p>A 4\u00aa Turma do TRT da 2\u00ba Regi\u00e3o invalidou ades\u00e3o de trabalhador a Plano de Demiss\u00e3o Volunt\u00e1ria (PDV) por v\u00edcio de consentimento, confirmando senten\u00e7a do ju\u00edzo de origem. Com isso, a empresa ter\u00e1 de pagar ao autor todas as verbas devidas por dispensa sem justa causa, al\u00e9m de horas extras com reflexos.<\/p>\n\n\n\n<p>A decis\u00e3o levou em conta que o PDV foi assinado no mesmo dia da convoca\u00e7\u00e3o da assembleia e da elabora\u00e7\u00e3o do acordo coletivo, sem tempo para que o empregado pudesse refletir sobre os termos. Al\u00e9m disso, uma prova testemunhal confirmou que a ades\u00e3o ao plano era oferecida pela empresa como \u00fanica alternativa \u00e0 dispensa. Com medo de perdas, o trabalhador assinou o documento.<\/p>\n\n\n\n<p>A conclus\u00e3o \u00e9 de que a empresa levou o reclamante a praticar um ato que s\u00f3 trouxe benef\u00edcios para ela mesma, com a inten\u00e7\u00e3o de obter vantagens (dolo). Pelo plano, a organiza\u00e7\u00e3o pagaria um valor muito menor que o devido, com cl\u00e1usula de quita\u00e7\u00e3o geral e irrestrita, ou seja, o empregado n\u00e3o poderia mais pleitear direitos no judici\u00e1rio.<\/p>\n\n\n\n<p>Embora sejam v\u00e1lidas cl\u00e1usulas de quita\u00e7\u00e3o total em PDVs, elas s\u00f3 podem ter efeito jur\u00eddico caso tenha havido ades\u00e3o unilateral e volunt\u00e1ria do empregado, o que n\u00e3o se observa com o reconhecimento do v\u00edcio de consentimento. Al\u00e9m disso, h\u00e1 necessidade de que o documento de rescis\u00e3o do contrato de trabalho tamb\u00e9m explicite o PDV e a cl\u00e1usula de quita\u00e7\u00e3o, o que n\u00e3o ocorreu.<\/p>\n\n\n\n<p>O processo encontra-se com recurso pendente no Tribunal Superior do Trabalho (TST).<\/p>\n\n\n\n<p>(Processo n\u00ba 1001004-04.2020.5.02.0057)<\/p>\n\n\n\n<p>TST 03.05.2022<\/p>\n","protected":false},"excerpt":{"rendered":"<p>O processo encontra-se com recurso pendente no Tribunal Superior do Trabalho (TST)<\/p>\n","protected":false},"author":1,"featured_media":2595,"comment_status":"open","ping_status":"closed","sticky":false,"template":"","format":"standard","meta":{"footnotes":"","jetpack_publicize_message":"","jetpack_is_tweetstorm":false,"jetpack_publicize_feature_enabled":true,"jetpack_social_post_already_shared":true,"jetpack_social_options":{"image_generator_settings":{"template":"highway","enabled":false}}},"categories":[28],"tags":[1875,1157,1788],"jetpack_publicize_connections":[],"jetpack_featured_media_url":"https:\/\/i0.wp.com\/blog.bfsadvocacia.com.br\/wp-content\/uploads\/2022\/06\/pexels-photo-618158.jpeg?fit=1880%2C1060&ssl=1","featured_image_urls":{"full":["https:\/\/i0.wp.com\/blog.bfsadvocacia.com.br\/wp-content\/uploads\/2022\/06\/pexels-photo-618158.jpeg?fit=1880%2C1060&ssl=1",1880,1060,false],"thumbnail":["https:\/\/i0.wp.com\/blog.bfsadvocacia.com.br\/wp-content\/uploads\/2022\/06\/pexels-photo-618158.jpeg?resize=150%2C150&ssl=1",150,150,true],"medium":["https:\/\/i0.wp.com\/blog.bfsadvocacia.com.br\/wp-content\/uploads\/2022\/06\/pexels-photo-618158.jpeg?fit=300%2C169&ssl=1",300,169,true],"medium_large":["https:\/\/i0.wp.com\/blog.bfsadvocacia.com.br\/wp-content\/uploads\/2022\/06\/pexels-photo-618158.jpeg?fit=640%2C361&ssl=1",640,361,true],"large":["https:\/\/i0.wp.com\/blog.bfsadvocacia.com.br\/wp-content\/uploads\/2022\/06\/pexels-photo-618158.jpeg?fit=640%2C361&ssl=1",640,361,true],"1536x1536":["https:\/\/i0.wp.com\/blog.bfsadvocacia.com.br\/wp-content\/uploads\/2022\/06\/pexels-photo-618158.jpeg?fit=1536%2C866&ssl=1",1536,866,true],"2048x2048":["https:\/\/i0.wp.com\/blog.bfsadvocacia.com.br\/wp-content\/uploads\/2022\/06\/pexels-photo-618158.jpeg?fit=1880%2C1060&ssl=1",1880,1060,true],"covernews-slider-full":["https:\/\/i0.wp.com\/blog.bfsadvocacia.com.br\/wp-content\/uploads\/2022\/06\/pexels-photo-618158.jpeg?resize=1115%2C715&ssl=1",1115,715,true],"covernews-slider-center":["https:\/\/i0.wp.com\/blog.bfsadvocacia.com.br\/wp-content\/uploads\/2022\/06\/pexels-photo-618158.jpeg?resize=800%2C500&ssl=1",800,500,true],"covernews-featured":["https:\/\/i0.wp.com\/blog.bfsadvocacia.com.br\/wp-content\/uploads\/2022\/06\/pexels-photo-618158.jpeg?fit=1024%2C577&ssl=1",1024,577,true],"covernews-medium":["https:\/\/i0.wp.com\/blog.bfsadvocacia.com.br\/wp-content\/uploads\/2022\/06\/pexels-photo-618158.jpeg?resize=540%2C340&ssl=1",540,340,true],"covernews-medium-square":["https:\/\/i0.wp.com\/blog.bfsadvocacia.com.br\/wp-content\/uploads\/2022\/06\/pexels-photo-618158.jpeg?resize=400%2C250&ssl=1",400,250,true]},"author_info":{"display_name":"bfsadvocacia","author_link":"https:\/\/blog.bfsadvocacia.com.br\/index.php\/author\/bfsadvocacia\/"},"category_info":"<a href=\"https:\/\/blog.bfsadvocacia.com.br\/index.php\/category\/atualidades-juridicas\/\" rel=\"category tag\">atualidades jur\u00eddicas<\/a>","tag_info":"atualidades jur\u00eddicas","comment_count":"0","amp_enabled":true,"_links":{"self":[{"href":"https:\/\/blog.bfsadvocacia.com.br\/index.php\/wp-json\/wp\/v2\/posts\/2590"}],"collection":[{"href":"https:\/\/blog.bfsadvocacia.com.br\/index.php\/wp-json\/wp\/v2\/posts"}],"about":[{"href":"https:\/\/blog.bfsadvocacia.com.br\/index.php\/wp-json\/wp\/v2\/types\/post"}],"author":[{"embeddable":true,"href":"https:\/\/blog.bfsadvocacia.com.br\/index.php\/wp-json\/wp\/v2\/users\/1"}],"replies":[{"embeddable":true,"href":"https:\/\/blog.bfsadvocacia.com.br\/index.php\/wp-json\/wp\/v2\/comments?post=2590"}],"version-history":[{"count":1,"href":"https:\/\/blog.bfsadvocacia.com.br\/index.php\/wp-json\/wp\/v2\/posts\/2590\/revisions"}],"predecessor-version":[{"id":2596,"href":"https:\/\/blog.bfsadvocacia.com.br\/index.php\/wp-json\/wp\/v2\/posts\/2590\/revisions\/2596"}],"wp:featuredmedia":[{"embeddable":true,"href":"https:\/\/blog.bfsadvocacia.com.br\/index.php\/wp-json\/wp\/v2\/media\/2595"}],"wp:attachment":[{"href":"https:\/\/blog.bfsadvocacia.com.br\/index.php\/wp-json\/wp\/v2\/media?parent=2590"}],"wp:term":[{"taxonomy":"category","embeddable":true,"href":"https:\/\/blog.bfsadvocacia.com.br\/index.php\/wp-json\/wp\/v2\/categories?post=2590"},{"taxonomy":"post_tag","embeddable":true,"href":"https:\/\/blog.bfsadvocacia.com.br\/index.php\/wp-json\/wp\/v2\/tags?post=2590"}],"curies":[{"name":"wp","href":"https:\/\/api.w.org\/{rel}","templated":true}]}}