{"id":2608,"date":"2022-06-16T07:38:00","date_gmt":"2022-06-16T10:38:00","guid":{"rendered":"http:\/\/blog.bfsadvocacia.com.br\/?p=2608"},"modified":"2022-06-02T16:47:10","modified_gmt":"2022-06-02T19:47:10","slug":"setima-turma-determina-concessao-de-beneficio-assistencial-a-portadora-de-diabetes-mellitus-e-insuficiencia-cardiaca","status":"publish","type":"post","link":"https:\/\/blog.bfsadvocacia.com.br\/index.php\/2022\/06\/16\/setima-turma-determina-concessao-de-beneficio-assistencial-a-portadora-de-diabetes-mellitus-e-insuficiencia-cardiaca\/","title":{"rendered":"S\u00e9tima Turma determina concess\u00e3o de benef\u00edcio assistencial a portadora de diabetes mellitus e insufici\u00eancia card\u00edaca"},"content":{"rendered":"\n<p>Decis\u00e3o S\u00e9tima Turma do Tribunal Regional Federal da 3\u00aa Regi\u00e3o (TRF3) confirmou senten\u00e7a que determinou ao Instituto Nacional do Seguro Social (INSS) conceder o Benef\u00edcio de Presta\u00e7\u00e3o Continuada (BPC) a uma mulher portadora de diabetes mellitus, hipertens\u00e3o arterial e insufici\u00eancia card\u00edaca.<\/p>\n\n\n\n<p>Para os magistrados, ficou comprovado nos autos que ela preenche o requisito da defici\u00eancia e n\u00e3o possui meios de prover a pr\u00f3pria manuten\u00e7\u00e3o ou de t\u00ea-la custeada por sua fam\u00edlia.<\/p>\n\n\n\n<p>Para o recebimento do BPC, a lei considera pessoa com defici\u00eancia aquela com impedimento de longo prazo de natureza f\u00edsica, mental, intelectual ou sensorial que pode obstruir sua participa\u00e7\u00e3o plena e efetiva na sociedade em igualdade de condi\u00e7\u00f5es com as demais pessoas.<\/p>\n\n\n\n<p>Com base em exames f\u00edsicos e laboratoriais, o perito considerou que a autora da a\u00e7\u00e3o est\u00e1 impossibilitada de modo permanente para atividades bra\u00e7ais.&nbsp;<\/p>\n\n\n\n<p>\u201cConsiderando a idade, as patologias, o analfabetismo, o fato de que sempre exerceu atividades laborativas como trabalhadora bra\u00e7al e, consequentemente, a aus\u00eancia de qualifica\u00e7\u00e3o profissional, n\u00e3o vislumbro nenhuma possibilidade de reabilita\u00e7\u00e3o profissional com sucesso\u201d.&nbsp;<\/p>\n\n\n\n<p>Ao analisar o caso, o relator do processo, desembargador federal Carlos Delgado, ressaltou que a per\u00edcia m\u00e9dica comprovou o impedimento de longo prazo para o trabalho.&nbsp;&nbsp;<\/p>\n\n\n\n<p>\u201cA demandante \u00e9 incapaz e totalmente insuscept\u00edvel de reabilita\u00e7\u00e3o para o exerc\u00edcio de atividade que lhe garanta a subsist\u00eancia, sobretudo, em virtude do seu contexto socioecon\u00f4mico e das patologias de que \u00e9 portadora\u201d, apontou.&nbsp;&nbsp;<\/p>\n\n\n\n<p>O magistrado relatou que a hipossufici\u00eancia econ\u00f4mica tamb\u00e9m restou incontroversa, pois o INSS n\u00e3o impugnou o cap\u00edtulo da senten\u00e7a que a reconheceu.&nbsp;<\/p>\n\n\n\n<p>A Justi\u00e7a Estadual de Amabai\/MS, em compet\u00eancia delegada, havia condenado a autarquia previdenci\u00e1ria a conceder o benef\u00edcio e o pagamento dos atrasados.&nbsp;&nbsp;&nbsp;<\/p>\n\n\n\n<p>Ap\u00f3s a decis\u00e3o, o INSS ingressou com recurso no TRF3, sob o fundamento de que a mulher n\u00e3o comprovou a exist\u00eancia de impedimento de longo prazo.&nbsp;<\/p>\n\n\n\n<p>No Tribunal, a S\u00e9tima Turma negou provimento ao recurso e determinou a implanta\u00e7\u00e3o do benef\u00edcio e o pagamento dos valores atrasados a partir da data do requerimento administrativo.<\/p>\n\n\n\n<p>Apela\u00e7\u00e3o C\u00edvel 5003258-83.2020.4.03.9999\u00a0<\/p>\n\n\n\n<p>TRF3 27.05.2022<\/p>\n","protected":false},"excerpt":{"rendered":"<p>Para magistrados, ficou comprovado que autora preenche o requisito da defici\u00eancia e n\u00e3o possui meios de prover a pr\u00f3pria manuten\u00e7\u00e3o<\/p>\n","protected":false},"author":1,"featured_media":216,"comment_status":"open","ping_status":"closed","sticky":false,"template":"","format":"standard","meta":{"footnotes":"","jetpack_publicize_message":"","jetpack_is_tweetstorm":false,"jetpack_publicize_feature_enabled":true,"jetpack_social_post_already_shared":true,"jetpack_social_options":{"image_generator_settings":{"template":"highway","enabled":false}}},"categories":[11,12],"tags":[63,1271,54,1136,22,17,55],"jetpack_publicize_connections":[],"jetpack_featured_media_url":"https:\/\/i0.wp.com\/blog.bfsadvocacia.com.br\/wp-content\/uploads\/2020\/05\/inss_fila.jpg?fit=872%2C491&ssl=1","featured_image_urls":{"full":["https:\/\/i0.wp.com\/blog.bfsadvocacia.com.br\/wp-content\/uploads\/2020\/05\/inss_fila.jpg?fit=872%2C491&ssl=1",872,491,false],"thumbnail":["https:\/\/i0.wp.com\/blog.bfsadvocacia.com.br\/wp-content\/uploads\/2020\/05\/inss_fila.jpg?resize=150%2C150&ssl=1",150,150,true],"medium":["https:\/\/i0.wp.com\/blog.bfsadvocacia.com.br\/wp-content\/uploads\/2020\/05\/inss_fila.jpg?fit=300%2C169&ssl=1",300,169,true],"medium_large":["https:\/\/i0.wp.com\/blog.bfsadvocacia.com.br\/wp-content\/uploads\/2020\/05\/inss_fila.jpg?fit=640%2C360&ssl=1",640,360,true],"large":["https:\/\/i0.wp.com\/blog.bfsadvocacia.com.br\/wp-content\/uploads\/2020\/05\/inss_fila.jpg?fit=640%2C360&ssl=1",640,360,true],"1536x1536":["https:\/\/i0.wp.com\/blog.bfsadvocacia.com.br\/wp-content\/uploads\/2020\/05\/inss_fila.jpg?fit=872%2C491&ssl=1",872,491,true],"2048x2048":["https:\/\/i0.wp.com\/blog.bfsadvocacia.com.br\/wp-content\/uploads\/2020\/05\/inss_fila.jpg?fit=872%2C491&ssl=1",872,491,true],"covernews-slider-full":["https:\/\/i0.wp.com\/blog.bfsadvocacia.com.br\/wp-content\/uploads\/2020\/05\/inss_fila.jpg?resize=872%2C491&ssl=1",872,491,true],"covernews-slider-center":["https:\/\/i0.wp.com\/blog.bfsadvocacia.com.br\/wp-content\/uploads\/2020\/05\/inss_fila.jpg?resize=800%2C491&ssl=1",800,491,true],"covernews-featured":["https:\/\/i0.wp.com\/blog.bfsadvocacia.com.br\/wp-content\/uploads\/2020\/05\/inss_fila.jpg?fit=872%2C491&ssl=1",872,491,true],"covernews-medium":["https:\/\/i0.wp.com\/blog.bfsadvocacia.com.br\/wp-content\/uploads\/2020\/05\/inss_fila.jpg?resize=540%2C285&ssl=1",540,285,true],"covernews-medium-square":["https:\/\/i0.wp.com\/blog.bfsadvocacia.com.br\/wp-content\/uploads\/2020\/05\/inss_fila.jpg?resize=375%2C250&ssl=1",375,250,true]},"author_info":{"display_name":"bfsadvocacia","author_link":"https:\/\/blog.bfsadvocacia.com.br\/index.php\/author\/bfsadvocacia\/"},"category_info":"<a href=\"https:\/\/blog.bfsadvocacia.com.br\/index.php\/category\/advogado-sp\/\" rel=\"category tag\">advogado sp<\/a> <a href=\"https:\/\/blog.bfsadvocacia.com.br\/index.php\/category\/direito-previdenciario\/\" rel=\"category tag\">Direito Previdenci\u00e1rio<\/a>","tag_info":"Direito Previdenci\u00e1rio","comment_count":"0","amp_enabled":true,"_links":{"self":[{"href":"https:\/\/blog.bfsadvocacia.com.br\/index.php\/wp-json\/wp\/v2\/posts\/2608"}],"collection":[{"href":"https:\/\/blog.bfsadvocacia.com.br\/index.php\/wp-json\/wp\/v2\/posts"}],"about":[{"href":"https:\/\/blog.bfsadvocacia.com.br\/index.php\/wp-json\/wp\/v2\/types\/post"}],"author":[{"embeddable":true,"href":"https:\/\/blog.bfsadvocacia.com.br\/index.php\/wp-json\/wp\/v2\/users\/1"}],"replies":[{"embeddable":true,"href":"https:\/\/blog.bfsadvocacia.com.br\/index.php\/wp-json\/wp\/v2\/comments?post=2608"}],"version-history":[{"count":1,"href":"https:\/\/blog.bfsadvocacia.com.br\/index.php\/wp-json\/wp\/v2\/posts\/2608\/revisions"}],"predecessor-version":[{"id":2613,"href":"https:\/\/blog.bfsadvocacia.com.br\/index.php\/wp-json\/wp\/v2\/posts\/2608\/revisions\/2613"}],"wp:featuredmedia":[{"embeddable":true,"href":"https:\/\/blog.bfsadvocacia.com.br\/index.php\/wp-json\/wp\/v2\/media\/216"}],"wp:attachment":[{"href":"https:\/\/blog.bfsadvocacia.com.br\/index.php\/wp-json\/wp\/v2\/media?parent=2608"}],"wp:term":[{"taxonomy":"category","embeddable":true,"href":"https:\/\/blog.bfsadvocacia.com.br\/index.php\/wp-json\/wp\/v2\/categories?post=2608"},{"taxonomy":"post_tag","embeddable":true,"href":"https:\/\/blog.bfsadvocacia.com.br\/index.php\/wp-json\/wp\/v2\/tags?post=2608"}],"curies":[{"name":"wp","href":"https:\/\/api.w.org\/{rel}","templated":true}]}}