{"id":2679,"date":"2022-06-27T20:16:00","date_gmt":"2022-06-27T23:16:00","guid":{"rendered":"http:\/\/blog.bfsadvocacia.com.br\/?p=2679"},"modified":"2022-06-23T20:14:09","modified_gmt":"2022-06-23T23:14:09","slug":"tribunal-condena-hospital-a-indenizar-casal-por-ma-assistencia-em-gravidez","status":"publish","type":"post","link":"https:\/\/blog.bfsadvocacia.com.br\/index.php\/2022\/06\/27\/tribunal-condena-hospital-a-indenizar-casal-por-ma-assistencia-em-gravidez\/","title":{"rendered":"Tribunal condena hospital a indenizar casal por m\u00e1 assist\u00eancia em gravidez"},"content":{"rendered":"\n<p>A 10\u00aa C\u00e2mara de Direito P\u00fablico do Tribunal de Justi\u00e7a de S\u00e3o Paulo condenou hospital a indenizar casal por danos morais oriundos de falhas no atendimento de gestante. O valor da repara\u00e7\u00e3o foi fixado em R$ 50 mil.<br><\/p>\n\n\n\n<p>Consta dos autos que, perto da data prevista para o parto, a autora procurou o hospital r\u00e9u avisando que estava com perda de l\u00edquido. Ela foi dispensada sem exames e orientada a retornar no dia do nascimento. No entanto, horas depois, a gestante retornou ao hospital e o parto foi realizado, mas o beb\u00ea faleceu por falta de l\u00edquido amni\u00f3tico.<br><\/p>\n\n\n\n<p>A desembargadora Teresa Ramos Marques, relatora do recurso, destacou que, apesar de n\u00e3o haver nos autos prova documental de que a morte do filho dos autores tenha decorrido de m\u00e1 conduta da r\u00e9, o laudo pericial concluiu que a gr\u00e1vida n\u00e3o foi assistida conforme o recomendado. \u201cAo contr\u00e1rio do aduzido pela apelada, o equipamento de ultrassom era sim necess\u00e1rio a um atendimento de emerg\u00eancia\u201d, sublinhou a magistrada.<br><\/p>\n\n\n\n<p>Al\u00e9m disso, a relatora ressaltou que a falha no servi\u00e7o prestado pelo hospital restou caracterizada, tamb\u00e9m, pelos prontu\u00e1rios que n\u00e3o tinham sequer data e pela emiss\u00e3o de certid\u00e3o de nascimento e declara\u00e7\u00e3o de nascido vivo, ao inv\u00e9s de declara\u00e7\u00e3o de \u00f3bito. \u201cDessa forma, embora n\u00e3o se tenha estabelecido nexo causal com a morte, ficou cabalmente demonstrada a falha no servi\u00e7o, o que, por si s\u00f3, enseja o dever de reparar, por configurar conduta culposa (neglig\u00eancia e imper\u00edcia) geradora dano moral\u201d, escreveu.<br>Participaram do julgamento, que teve vota\u00e7\u00e3o un\u00e2nime, os desembargadores Antonio Celso Aguilar Cortez e Antonio Carlos Villen.<\/p>\n\n\n\n<p>Apela\u00e7\u00e3o n\u00ba\u00a0<a href=\"https:\/\/esaj.tjsp.jus.br\/cposg\/search.do;jsessionid=50CC9B508A8CC90C0843EC97FADC186E.cposg5?conversationId=&amp;paginaConsulta=0&amp;cbPesquisa=NUMPROC&amp;numeroDigitoAnoUnificado=1004873-52.2017&amp;foroNumeroUnificado=0609&amp;dePesquisaNuUnificado=1004873-52.2017.8.26.0609&amp;dePesquisaNuUnificado=UNIFICADO&amp;dePesquisa=&amp;tipoNuProcesso=UNIFICADO\">1004873-52.2017.8.26.0609<\/a><\/p>\n\n\n\n<p>TJSP 10.06.2022<\/p>\n","protected":false},"excerpt":{"rendered":"<p>Falha no atendimento causou danos morais<\/p>\n","protected":false},"author":1,"featured_media":2681,"comment_status":"open","ping_status":"closed","sticky":false,"template":"","format":"standard","meta":{"footnotes":"","jetpack_publicize_message":"","jetpack_is_tweetstorm":false,"jetpack_publicize_feature_enabled":true,"jetpack_social_post_already_shared":true,"jetpack_social_options":{"image_generator_settings":{"template":"highway","enabled":false}}},"categories":[11,28],"tags":[1944,1390,1306,262,1945,1304,1943],"jetpack_publicize_connections":[],"jetpack_featured_media_url":"https:\/\/i0.wp.com\/blog.bfsadvocacia.com.br\/wp-content\/uploads\/2022\/06\/pexels-photo-247786.jpeg?fit=1880%2C1040&ssl=1","featured_image_urls":{"full":["https:\/\/i0.wp.com\/blog.bfsadvocacia.com.br\/wp-content\/uploads\/2022\/06\/pexels-photo-247786.jpeg?fit=1880%2C1040&ssl=1",1880,1040,false],"thumbnail":["https:\/\/i0.wp.com\/blog.bfsadvocacia.com.br\/wp-content\/uploads\/2022\/06\/pexels-photo-247786.jpeg?resize=150%2C150&ssl=1",150,150,true],"medium":["https:\/\/i0.wp.com\/blog.bfsadvocacia.com.br\/wp-content\/uploads\/2022\/06\/pexels-photo-247786.jpeg?fit=300%2C166&ssl=1",300,166,true],"medium_large":["https:\/\/i0.wp.com\/blog.bfsadvocacia.com.br\/wp-content\/uploads\/2022\/06\/pexels-photo-247786.jpeg?fit=640%2C354&ssl=1",640,354,true],"large":["https:\/\/i0.wp.com\/blog.bfsadvocacia.com.br\/wp-content\/uploads\/2022\/06\/pexels-photo-247786.jpeg?fit=640%2C354&ssl=1",640,354,true],"1536x1536":["https:\/\/i0.wp.com\/blog.bfsadvocacia.com.br\/wp-content\/uploads\/2022\/06\/pexels-photo-247786.jpeg?fit=1536%2C850&ssl=1",1536,850,true],"2048x2048":["https:\/\/i0.wp.com\/blog.bfsadvocacia.com.br\/wp-content\/uploads\/2022\/06\/pexels-photo-247786.jpeg?fit=1880%2C1040&ssl=1",1880,1040,true],"covernews-slider-full":["https:\/\/i0.wp.com\/blog.bfsadvocacia.com.br\/wp-content\/uploads\/2022\/06\/pexels-photo-247786.jpeg?resize=1115%2C715&ssl=1",1115,715,true],"covernews-slider-center":["https:\/\/i0.wp.com\/blog.bfsadvocacia.com.br\/wp-content\/uploads\/2022\/06\/pexels-photo-247786.jpeg?resize=800%2C500&ssl=1",800,500,true],"covernews-featured":["https:\/\/i0.wp.com\/blog.bfsadvocacia.com.br\/wp-content\/uploads\/2022\/06\/pexels-photo-247786.jpeg?fit=1024%2C566&ssl=1",1024,566,true],"covernews-medium":["https:\/\/i0.wp.com\/blog.bfsadvocacia.com.br\/wp-content\/uploads\/2022\/06\/pexels-photo-247786.jpeg?resize=540%2C340&ssl=1",540,340,true],"covernews-medium-square":["https:\/\/i0.wp.com\/blog.bfsadvocacia.com.br\/wp-content\/uploads\/2022\/06\/pexels-photo-247786.jpeg?resize=400%2C250&ssl=1",400,250,true]},"author_info":{"display_name":"bfsadvocacia","author_link":"https:\/\/blog.bfsadvocacia.com.br\/index.php\/author\/bfsadvocacia\/"},"category_info":"<a href=\"https:\/\/blog.bfsadvocacia.com.br\/index.php\/category\/advogado-sp\/\" rel=\"category tag\">advogado sp<\/a> <a href=\"https:\/\/blog.bfsadvocacia.com.br\/index.php\/category\/atualidades-juridicas\/\" rel=\"category tag\">atualidades jur\u00eddicas<\/a>","tag_info":"atualidades jur\u00eddicas","comment_count":"0","amp_enabled":true,"_links":{"self":[{"href":"https:\/\/blog.bfsadvocacia.com.br\/index.php\/wp-json\/wp\/v2\/posts\/2679"}],"collection":[{"href":"https:\/\/blog.bfsadvocacia.com.br\/index.php\/wp-json\/wp\/v2\/posts"}],"about":[{"href":"https:\/\/blog.bfsadvocacia.com.br\/index.php\/wp-json\/wp\/v2\/types\/post"}],"author":[{"embeddable":true,"href":"https:\/\/blog.bfsadvocacia.com.br\/index.php\/wp-json\/wp\/v2\/users\/1"}],"replies":[{"embeddable":true,"href":"https:\/\/blog.bfsadvocacia.com.br\/index.php\/wp-json\/wp\/v2\/comments?post=2679"}],"version-history":[{"count":2,"href":"https:\/\/blog.bfsadvocacia.com.br\/index.php\/wp-json\/wp\/v2\/posts\/2679\/revisions"}],"predecessor-version":[{"id":2683,"href":"https:\/\/blog.bfsadvocacia.com.br\/index.php\/wp-json\/wp\/v2\/posts\/2679\/revisions\/2683"}],"wp:featuredmedia":[{"embeddable":true,"href":"https:\/\/blog.bfsadvocacia.com.br\/index.php\/wp-json\/wp\/v2\/media\/2681"}],"wp:attachment":[{"href":"https:\/\/blog.bfsadvocacia.com.br\/index.php\/wp-json\/wp\/v2\/media?parent=2679"}],"wp:term":[{"taxonomy":"category","embeddable":true,"href":"https:\/\/blog.bfsadvocacia.com.br\/index.php\/wp-json\/wp\/v2\/categories?post=2679"},{"taxonomy":"post_tag","embeddable":true,"href":"https:\/\/blog.bfsadvocacia.com.br\/index.php\/wp-json\/wp\/v2\/tags?post=2679"}],"curies":[{"name":"wp","href":"https:\/\/api.w.org\/{rel}","templated":true}]}}