{"id":2787,"date":"2022-07-27T15:46:05","date_gmt":"2022-07-27T18:46:05","guid":{"rendered":"http:\/\/blog.bfsadvocacia.com.br\/?p=2787"},"modified":"2022-07-27T15:46:07","modified_gmt":"2022-07-27T18:46:07","slug":"cjf-comunica-regularizacao-do-pagamento-dos-honorarios-das-pericias-judiciais-da-ajg","status":"publish","type":"post","link":"https:\/\/blog.bfsadvocacia.com.br\/index.php\/2022\/07\/27\/cjf-comunica-regularizacao-do-pagamento-dos-honorarios-das-pericias-judiciais-da-ajg\/","title":{"rendered":"CJF comunica regulariza\u00e7\u00e3o do pagamento dos honor\u00e1rios das per\u00edcias judiciais da AJG*"},"content":{"rendered":"\n<p>O Conselho da Justi\u00e7a Federal (CJF) comunica a regulariza\u00e7\u00e3o do pagamento dos honor\u00e1rios das per\u00edcias judiciais da Assist\u00eancia Judici\u00e1ria Gratuita (AJG) em a\u00e7\u00f5es em que o Instituto Nacional do Seguro Social (INSS) figure como parte e que sejam de compet\u00eancia da Justi\u00e7a Federal. A estimativa \u00e9 de que, nos pr\u00f3ximos dias, sejam pagos 82 milh\u00f5es de reais em per\u00edcias pendentes, e que o pagamento total ao longo de 2022 seja de R$ 312,7 milh\u00f5es.<\/p>\n\n\n\n<p>A regulariza\u00e7\u00e3o do pagamento foi viabilizada com a aprova\u00e7\u00e3o da&nbsp;<a href=\"http:\/\/www.planalto.gov.br\/ccivil_03\/_ato2019-2022\/2022\/Lei\/L14331.htm\">Lei n. 14.331, em 4 de maio de 2022<\/a>, que altera as Leis n.&nbsp;<a href=\"http:\/\/www.planalto.gov.br\/ccivil_03\/leis\/l8213cons.htm\">8.213\/1991<\/a>&nbsp;e&nbsp;<a href=\"http:\/\/www.planalto.gov.br\/ccivil_03\/_ato2019-2022\/2019\/lei\/L13876.htm\">13.876\/2019<\/a>. Com o novo dispositivo legal, o Poder Executivo Federal volta a garantir o pagamento dos referidos honor\u00e1rios periciais, nos termos da legisla\u00e7\u00e3o processual civil, de modo a manter a normalidade da presta\u00e7\u00e3o jurisdicional e garantir ao cidad\u00e3o o direito fundamental de acesso \u00e0 Justi\u00e7a.<\/p>\n\n\n\n<p>A aprova\u00e7\u00e3o do cr\u00e9dito foi sancionada na edi\u00e7\u00e3o extra do&nbsp;<a href=\"https:\/\/www.in.gov.br\/leiturajornal?data=15-07-2022#daypicker\">Di\u00e1rio Oficial da Uni\u00e3o (DOU) do dia 15 de julho de 2022<\/a>, e a dota\u00e7\u00e3o or\u00e7ament\u00e1ria foi recebida pelo CJF na segunda-feira (18\/7). O recurso \u00e9 financiado a partir do cancelamento de dota\u00e7\u00f5es or\u00e7ament\u00e1rias do Executivo, n\u00e3o gerando custo adicional aos cofres p\u00fablicos.<\/p>\n\n\n\n<p>De imediato, o vice-presidente do Conselho, ministro Jorge Mussi, oficiou aos Tribunais Regionais Federais (TRFs), comunicando-lhes a aprova\u00e7\u00e3o do cr\u00e9dito e informando-lhes que a Secretaria de Planejamento, Or\u00e7amento e Finan\u00e7as (SPO) do \u00d3rg\u00e3o est\u00e1 instruindo os procedimentos necess\u00e1rios para a descentraliza\u00e7\u00e3o dos recursos e a programa\u00e7\u00e3o financeira destinada ao pagamento das per\u00edcias no \u00e2mbito da Justi\u00e7a Federal.<\/p>\n\n\n\n<p>O Conselho esclarece que o repasse do cr\u00e9dito ser\u00e1 realizado nos pr\u00f3ximos dias e que caber\u00e1 aos TRFs promover o direcionamento do recurso \u00e0s Se\u00e7\u00f5es Judici\u00e1rias, nas quais ser\u00e3o pagas as per\u00edcias pendentes.<\/p>\n\n\n\n<p>CJF 26.07.2022<\/p>\n","protected":false},"excerpt":{"rendered":"<p>A medida visa garantir ao cidad\u00e3o o direito fundamental de acesso \u00e0 Justi\u00e7a<\/p>\n","protected":false},"author":1,"featured_media":2035,"comment_status":"open","ping_status":"open","sticky":false,"template":"","format":"standard","meta":{"footnotes":"","jetpack_publicize_message":"","jetpack_is_tweetstorm":false,"jetpack_publicize_feature_enabled":true,"jetpack_social_post_already_shared":true,"jetpack_social_options":{"image_generator_settings":{"template":"highway","enabled":false}}},"categories":[11,12],"tags":[1998,1997,1996,17,1999,135],"jetpack_publicize_connections":[],"jetpack_featured_media_url":"https:\/\/i0.wp.com\/blog.bfsadvocacia.com.br\/wp-content\/uploads\/2022\/02\/medical-appointment-doctor-healthcare-40568.jpeg?fit=1880%2C1253&ssl=1","featured_image_urls":{"full":["https:\/\/i0.wp.com\/blog.bfsadvocacia.com.br\/wp-content\/uploads\/2022\/02\/medical-appointment-doctor-healthcare-40568.jpeg?fit=1880%2C1253&ssl=1",1880,1253,false],"thumbnail":["https:\/\/i0.wp.com\/blog.bfsadvocacia.com.br\/wp-content\/uploads\/2022\/02\/medical-appointment-doctor-healthcare-40568.jpeg?resize=150%2C150&ssl=1",150,150,true],"medium":["https:\/\/i0.wp.com\/blog.bfsadvocacia.com.br\/wp-content\/uploads\/2022\/02\/medical-appointment-doctor-healthcare-40568.jpeg?fit=300%2C200&ssl=1",300,200,true],"medium_large":["https:\/\/i0.wp.com\/blog.bfsadvocacia.com.br\/wp-content\/uploads\/2022\/02\/medical-appointment-doctor-healthcare-40568.jpeg?fit=640%2C427&ssl=1",640,427,true],"large":["https:\/\/i0.wp.com\/blog.bfsadvocacia.com.br\/wp-content\/uploads\/2022\/02\/medical-appointment-doctor-healthcare-40568.jpeg?fit=640%2C426&ssl=1",640,426,true],"1536x1536":["https:\/\/i0.wp.com\/blog.bfsadvocacia.com.br\/wp-content\/uploads\/2022\/02\/medical-appointment-doctor-healthcare-40568.jpeg?fit=1536%2C1024&ssl=1",1536,1024,true],"2048x2048":["https:\/\/i0.wp.com\/blog.bfsadvocacia.com.br\/wp-content\/uploads\/2022\/02\/medical-appointment-doctor-healthcare-40568.jpeg?fit=1880%2C1253&ssl=1",1880,1253,true],"covernews-slider-full":["https:\/\/i0.wp.com\/blog.bfsadvocacia.com.br\/wp-content\/uploads\/2022\/02\/medical-appointment-doctor-healthcare-40568.jpeg?resize=1077%2C715&ssl=1",1077,715,true],"covernews-slider-center":["https:\/\/i0.wp.com\/blog.bfsadvocacia.com.br\/wp-content\/uploads\/2022\/02\/medical-appointment-doctor-healthcare-40568.jpeg?resize=522%2C500&ssl=1",522,500,true],"covernews-featured":["https:\/\/i0.wp.com\/blog.bfsadvocacia.com.br\/wp-content\/uploads\/2022\/02\/medical-appointment-doctor-healthcare-40568.jpeg?fit=1024%2C682&ssl=1",1024,682,true],"covernews-medium":["https:\/\/i0.wp.com\/blog.bfsadvocacia.com.br\/wp-content\/uploads\/2022\/02\/medical-appointment-doctor-healthcare-40568.jpeg?resize=540%2C285&ssl=1",540,285,true],"covernews-medium-square":["https:\/\/i0.wp.com\/blog.bfsadvocacia.com.br\/wp-content\/uploads\/2022\/02\/medical-appointment-doctor-healthcare-40568.jpeg?resize=375%2C250&ssl=1",375,250,true]},"author_info":{"display_name":"bfsadvocacia","author_link":"https:\/\/blog.bfsadvocacia.com.br\/index.php\/author\/bfsadvocacia\/"},"category_info":"<a href=\"https:\/\/blog.bfsadvocacia.com.br\/index.php\/category\/advogado-sp\/\" rel=\"category tag\">advogado sp<\/a> <a href=\"https:\/\/blog.bfsadvocacia.com.br\/index.php\/category\/direito-previdenciario\/\" rel=\"category tag\">Direito Previdenci\u00e1rio<\/a>","tag_info":"Direito Previdenci\u00e1rio","comment_count":"0","amp_enabled":true,"_links":{"self":[{"href":"https:\/\/blog.bfsadvocacia.com.br\/index.php\/wp-json\/wp\/v2\/posts\/2787"}],"collection":[{"href":"https:\/\/blog.bfsadvocacia.com.br\/index.php\/wp-json\/wp\/v2\/posts"}],"about":[{"href":"https:\/\/blog.bfsadvocacia.com.br\/index.php\/wp-json\/wp\/v2\/types\/post"}],"author":[{"embeddable":true,"href":"https:\/\/blog.bfsadvocacia.com.br\/index.php\/wp-json\/wp\/v2\/users\/1"}],"replies":[{"embeddable":true,"href":"https:\/\/blog.bfsadvocacia.com.br\/index.php\/wp-json\/wp\/v2\/comments?post=2787"}],"version-history":[{"count":1,"href":"https:\/\/blog.bfsadvocacia.com.br\/index.php\/wp-json\/wp\/v2\/posts\/2787\/revisions"}],"predecessor-version":[{"id":2789,"href":"https:\/\/blog.bfsadvocacia.com.br\/index.php\/wp-json\/wp\/v2\/posts\/2787\/revisions\/2789"}],"wp:featuredmedia":[{"embeddable":true,"href":"https:\/\/blog.bfsadvocacia.com.br\/index.php\/wp-json\/wp\/v2\/media\/2035"}],"wp:attachment":[{"href":"https:\/\/blog.bfsadvocacia.com.br\/index.php\/wp-json\/wp\/v2\/media?parent=2787"}],"wp:term":[{"taxonomy":"category","embeddable":true,"href":"https:\/\/blog.bfsadvocacia.com.br\/index.php\/wp-json\/wp\/v2\/categories?post=2787"},{"taxonomy":"post_tag","embeddable":true,"href":"https:\/\/blog.bfsadvocacia.com.br\/index.php\/wp-json\/wp\/v2\/tags?post=2787"}],"curies":[{"name":"wp","href":"https:\/\/api.w.org\/{rel}","templated":true}]}}