{"id":2827,"date":"2022-08-12T07:58:00","date_gmt":"2022-08-12T10:58:00","guid":{"rendered":"http:\/\/blog.bfsadvocacia.com.br\/?p=2827"},"modified":"2022-08-01T16:41:24","modified_gmt":"2022-08-01T19:41:24","slug":"pessoas-com-deficiencia-serao-restituidas-do-valor-pago-pelo-ipva-de-2021-decide-orgao-especial","status":"publish","type":"post","link":"https:\/\/blog.bfsadvocacia.com.br\/index.php\/2022\/08\/12\/pessoas-com-deficiencia-serao-restituidas-do-valor-pago-pelo-ipva-de-2021-decide-orgao-especial\/","title":{"rendered":"Pessoas com defici\u00eancia ser\u00e3o restitu\u00eddas do valor pago pelo IPVA de 2021, decide \u00d3rg\u00e3o Especial"},"content":{"rendered":"\n<p>O \u00d3rg\u00e3o Especial do Tribunal de Justi\u00e7a de S\u00e3o Paulo, em sess\u00e3o realizada ontem (27), julgou inconstitucional a cobran\u00e7a j\u00e1 em 2021 do IPVA de pessoas com defici\u00eancia que, com a aprova\u00e7\u00e3o da Lei Estadual 17.293\/20, deixaram de se enquadrar nos crit\u00e9rios de isen\u00e7\u00e3o. O Estado dever\u00e1 ressarcir os valores pagos indevidamente.<\/p>\n\n\n\n<p>De acordo com o colegiado, os incisos I e II do artigo 21 da Lei 17.293\/20, que tratam do pagamento de IPVA para pessoas com defici\u00eancia, s\u00f3 poderiam ser aplicados 90 dias ap\u00f3s a publica\u00e7\u00e3o da lei, que ocorreu em 15 de outubro de 2020, em observa\u00e7\u00e3o ao Princ\u00edpio da Anterioridade Nonagesimal.<\/p>\n\n\n\n<p>Para o relator da A\u00e7\u00e3o Direta de Inconstitucionalidade, desembargador Campos Mello, \u201cverifica-se que as normas em quest\u00e3o padecem de inconstitucionalidade, por j\u00e1 vigerem em 1.1.2021, pretendendo, assim, a cobran\u00e7a do tributo de todos os deficientes que n\u00e3o se enquadravam nas condi\u00e7\u00f5es por ela impostas e que possu\u00edam ve\u00edculo automotor nessa data. Isso n\u00e3o \u00e9 admiss\u00edvel. Norma que revoga isen\u00e7\u00e3o tribut\u00e1ria sujeita-se \u00e0 anterioridade anual e nonagesimal e aqui restou cumprida apenas a anterioridade anual\u201d.<\/p>\n\n\n\n<p>\u201cOu seja, para ve\u00edculos usados pertencentes a pessoas portadoras de defici\u00eancia a cobran\u00e7a do IPVA do ano de 2021 deveria ocorrer com lastro no que determina a legisla\u00e7\u00e3o anterior e as isen\u00e7\u00f5es por ela concedidas (Lei 13.296\/08), j\u00e1 que \u00e9 sabido que se considera ocorrido o fato gerador do imposto em tela no dia 1\u00ba de janeiro de cada ano, em se tratando de ve\u00edculo usado\u201d, ressaltou o magistrado.<\/p>\n\n\n\n<p>No mesmo ac\u00f3rd\u00e3o, o \u00d3rg\u00e3o Especial analisou outros artigos da mesma lei, que foram considerados todos constitucionais, declarando apenas a inconstitucionalidade formal do artigo 58, que trata de temas relacionados a militares da reserva.<\/p>\n\n\n\n<p>A\u00e7\u00e3o Direta de Inconstitucionalidade n\u00ba&nbsp;<a href=\"https:\/\/esaj.tjsp.jus.br\/cposg\/search.do?conversationId=&amp;paginaConsulta=0&amp;cbPesquisa=NUMPROC&amp;numeroDigitoAnoUnificado=2006601-56.2021&amp;foroNumeroUnificado=0000&amp;dePesquisaNuUnificado=2006601-56.2021.8.26.0000&amp;dePesquisaNuUnificado=UNIFICADO&amp;dePesquisa=&amp;tipoNuProcesso=UNIFICADO#?cdDocumento=122\">2006601-56.2021.8.26.0000<\/a><\/p>\n\n\n\n<p>TJSP 28.07.2022<\/p>\n","protected":false},"excerpt":{"rendered":"<p>Propriet\u00e1rios foram cobrados indevidamente<\/p>\n","protected":false},"author":1,"featured_media":2857,"comment_status":"open","ping_status":"closed","sticky":false,"template":"","format":"standard","meta":{"footnotes":"","jetpack_publicize_message":"","jetpack_is_tweetstorm":false,"jetpack_publicize_feature_enabled":true,"jetpack_social_post_already_shared":true,"jetpack_social_options":{"image_generator_settings":{"template":"highway","enabled":false}}},"categories":[11,28],"tags":[1778,2027,1777],"jetpack_publicize_connections":[],"jetpack_featured_media_url":"https:\/\/i0.wp.com\/blog.bfsadvocacia.com.br\/wp-content\/uploads\/2022\/08\/pexels-photo-3095954.jpeg?fit=867%2C1300&ssl=1","featured_image_urls":{"full":["https:\/\/i0.wp.com\/blog.bfsadvocacia.com.br\/wp-content\/uploads\/2022\/08\/pexels-photo-3095954.jpeg?fit=867%2C1300&ssl=1",867,1300,false],"thumbnail":["https:\/\/i0.wp.com\/blog.bfsadvocacia.com.br\/wp-content\/uploads\/2022\/08\/pexels-photo-3095954.jpeg?resize=150%2C150&ssl=1",150,150,true],"medium":["https:\/\/i0.wp.com\/blog.bfsadvocacia.com.br\/wp-content\/uploads\/2022\/08\/pexels-photo-3095954.jpeg?fit=200%2C300&ssl=1",200,300,true],"medium_large":["https:\/\/i0.wp.com\/blog.bfsadvocacia.com.br\/wp-content\/uploads\/2022\/08\/pexels-photo-3095954.jpeg?fit=640%2C960&ssl=1",640,960,true],"large":["https:\/\/i0.wp.com\/blog.bfsadvocacia.com.br\/wp-content\/uploads\/2022\/08\/pexels-photo-3095954.jpeg?fit=640%2C960&ssl=1",640,960,true],"1536x1536":["https:\/\/i0.wp.com\/blog.bfsadvocacia.com.br\/wp-content\/uploads\/2022\/08\/pexels-photo-3095954.jpeg?fit=867%2C1300&ssl=1",867,1300,true],"2048x2048":["https:\/\/i0.wp.com\/blog.bfsadvocacia.com.br\/wp-content\/uploads\/2022\/08\/pexels-photo-3095954.jpeg?fit=867%2C1300&ssl=1",867,1300,true],"covernews-slider-full":["https:\/\/i0.wp.com\/blog.bfsadvocacia.com.br\/wp-content\/uploads\/2022\/08\/pexels-photo-3095954.jpeg?resize=867%2C715&ssl=1",867,715,true],"covernews-slider-center":["https:\/\/i0.wp.com\/blog.bfsadvocacia.com.br\/wp-content\/uploads\/2022\/08\/pexels-photo-3095954.jpeg?resize=800%2C500&ssl=1",800,500,true],"covernews-featured":["https:\/\/i0.wp.com\/blog.bfsadvocacia.com.br\/wp-content\/uploads\/2022\/08\/pexels-photo-3095954.jpeg?fit=867%2C1300&ssl=1",867,1300,true],"covernews-medium":["https:\/\/i0.wp.com\/blog.bfsadvocacia.com.br\/wp-content\/uploads\/2022\/08\/pexels-photo-3095954.jpeg?resize=540%2C340&ssl=1",540,340,true],"covernews-medium-square":["https:\/\/i0.wp.com\/blog.bfsadvocacia.com.br\/wp-content\/uploads\/2022\/08\/pexels-photo-3095954.jpeg?resize=400%2C250&ssl=1",400,250,true]},"author_info":{"display_name":"bfsadvocacia","author_link":"https:\/\/blog.bfsadvocacia.com.br\/index.php\/author\/bfsadvocacia\/"},"category_info":"<a href=\"https:\/\/blog.bfsadvocacia.com.br\/index.php\/category\/advogado-sp\/\" rel=\"category tag\">advogado sp<\/a> <a href=\"https:\/\/blog.bfsadvocacia.com.br\/index.php\/category\/atualidades-juridicas\/\" rel=\"category tag\">atualidades jur\u00eddicas<\/a>","tag_info":"atualidades jur\u00eddicas","comment_count":"0","amp_enabled":true,"_links":{"self":[{"href":"https:\/\/blog.bfsadvocacia.com.br\/index.php\/wp-json\/wp\/v2\/posts\/2827"}],"collection":[{"href":"https:\/\/blog.bfsadvocacia.com.br\/index.php\/wp-json\/wp\/v2\/posts"}],"about":[{"href":"https:\/\/blog.bfsadvocacia.com.br\/index.php\/wp-json\/wp\/v2\/types\/post"}],"author":[{"embeddable":true,"href":"https:\/\/blog.bfsadvocacia.com.br\/index.php\/wp-json\/wp\/v2\/users\/1"}],"replies":[{"embeddable":true,"href":"https:\/\/blog.bfsadvocacia.com.br\/index.php\/wp-json\/wp\/v2\/comments?post=2827"}],"version-history":[{"count":2,"href":"https:\/\/blog.bfsadvocacia.com.br\/index.php\/wp-json\/wp\/v2\/posts\/2827\/revisions"}],"predecessor-version":[{"id":2858,"href":"https:\/\/blog.bfsadvocacia.com.br\/index.php\/wp-json\/wp\/v2\/posts\/2827\/revisions\/2858"}],"wp:featuredmedia":[{"embeddable":true,"href":"https:\/\/blog.bfsadvocacia.com.br\/index.php\/wp-json\/wp\/v2\/media\/2857"}],"wp:attachment":[{"href":"https:\/\/blog.bfsadvocacia.com.br\/index.php\/wp-json\/wp\/v2\/media?parent=2827"}],"wp:term":[{"taxonomy":"category","embeddable":true,"href":"https:\/\/blog.bfsadvocacia.com.br\/index.php\/wp-json\/wp\/v2\/categories?post=2827"},{"taxonomy":"post_tag","embeddable":true,"href":"https:\/\/blog.bfsadvocacia.com.br\/index.php\/wp-json\/wp\/v2\/tags?post=2827"}],"curies":[{"name":"wp","href":"https:\/\/api.w.org\/{rel}","templated":true}]}}