{"id":2830,"date":"2022-08-11T08:00:00","date_gmt":"2022-08-11T11:00:00","guid":{"rendered":"http:\/\/blog.bfsadvocacia.com.br\/?p=2830"},"modified":"2022-08-01T16:39:43","modified_gmt":"2022-08-01T19:39:43","slug":"plano-de-saude-devera-cobrir-todas-as-terapias-prescritas-a-paciente-autista-sem-limitacao-do-numero-de-sessoes","status":"publish","type":"post","link":"https:\/\/blog.bfsadvocacia.com.br\/index.php\/2022\/08\/11\/plano-de-saude-devera-cobrir-todas-as-terapias-prescritas-a-paciente-autista-sem-limitacao-do-numero-de-sessoes\/","title":{"rendered":"Plano de sa\u00fade dever\u00e1 cobrir todas as terapias prescritas a paciente autista sem limita\u00e7\u00e3o do n\u00famero de sess\u00f5es"},"content":{"rendered":"\n<p>Psicoterapia, Fonoterapia, Terapia ocupacional com integra\u00e7\u00e3o social, Psicomotricidade e Equoterapia s\u00e3o alguns dos tratamentos que podem fazer parte da Metodologia de An\u00e1lise do Comportamento Aplicado (ABA) e que devem ser cobertos pelo plano de sa\u00fade contratado, sem limita\u00e7\u00e3o do n\u00famero de consultas e sess\u00f5es, quando h\u00e1 indica\u00e7\u00e3o m\u00e9dica para o paciente. Essa foi a decis\u00e3o da Justi\u00e7a Federal da 1\u00aa Regi\u00e3o (JF1) mantida pela 5\u00aa Turma do Tribunal Regional Federal da 1\u00aa Regi\u00e3o (TRF1) ao julgar apela\u00e7\u00e3o da Caixa Econ\u00f4mica Federal (CEF\/Sa\u00fade Caixa) contr\u00e1ria \u00e0 cobertura de todas essas terapias pelo Plano de Sa\u00fade.<\/p>\n\n\n\n<p>A cobertura ilimitada pelo Plano de Sa\u00fade, incluindo a substitui\u00e7\u00e3o ou inclus\u00e3o de novas terapias, foi determinada pela JF1, em primeira inst\u00e2ncia, para garantir o tratamento multidisciplinar de um paciente diagnosticado com Transtorno do Espectro Autista (TEA). O pedido foi feito pela m\u00e3e do paciente, que procurou atendimento m\u00e9dico especializado ap\u00f3s intensifica\u00e7\u00e3o de sintomas do filho, com sinais de TEA desde o primeiro ano de idade, e ap\u00f3s a recusa do plano de sa\u00fade em cobrir algumas das terapias indicadas pelo profissional de sa\u00fade. Para o ju\u00edzo sentenciante, embora seja l\u00edcito ao plano de sa\u00fade definir as doen\u00e7as que ter\u00e3o cobertura, tal fato n\u00e3o lhe permitiria \u201cestabelecer ou restringir o tipo de tratamento que o paciente deve ser submetido, sob pena de caracterizar abusiva sua conduta\u201d.<\/p>\n\n\n\n<p>No TRF1, a Caixa Econ\u00f4mica Federal alegou \u201cque ap\u00f3s diversos estudos e pesquisas, os procedimentos comprovadamente eficazes para tratamentos das enfermidades s\u00e3o inclu\u00eddos no rol da ANS, ou seja, tal rol \u00e9 taxativo, n\u00e3o exemplificativo, sob pena de iminente de inseguran\u00e7a jur\u00eddica e econ\u00f4mica\u201d. E sustentou que n\u00e3o constaria nos autos \u201cnenhum estudo que demonstrasse a preval\u00eancia do tratamento pleiteado pelo apelado (ABA) em rela\u00e7\u00e3o aos inseridos no Rol de Procedimentos da ANS e cobertos pela apelante\u201d.<\/p>\n\n\n\n<p>No entanto, o relator do caso, desembargador federal Souza Prudente, uma vez que foi caracterizada, na esp\u00e9cie, a impossibilidade de a parte autora arcar com os custos do tratamento multidisciplinar ABA, \u201cafigura-se juridicamente poss\u00edvel a disponibiliza\u00e7\u00e3o pelo Poder P\u00fablico, possibilitando-lhe o exerc\u00edcio do seu direito \u00e0 vida, \u00e0 sa\u00fade e \u00e0 assist\u00eancia m\u00e9dica, como garantia fundamental assegurada em nossa Carta Magna, a sobrepor-se a qualquer outro interesse de cunho pol\u00edtico e\/ou material, na linha do entendimento jurisprudencial j\u00e1 firmado no \u00e2mbito do colendo Supremo Tribunal Federal\u201d.<\/p>\n\n\n\n<p>A decis\u00e3o da Turma foi un\u00e2nime.<\/p>\n\n\n\n<p>Processo 1007038-56.2020.4.01.3500<\/p>\n\n\n\n<p>TRF1 28.07.2022<\/p>\n","protected":false},"excerpt":{"rendered":"<p>&#8220;afigura-se juridicamente poss\u00edvel a disponibiliza\u00e7\u00e3o pelo Poder P\u00fablico, possibilitando-lhe o exerc\u00edcio do seu direito \u00e0 vida, \u00e0 sa\u00fade e \u00e0 assist\u00eancia m\u00e9dica, como garantia fundamental assegurada em nossa Carta Magna (&#8230;)&#8221;<\/p>\n","protected":false},"author":1,"featured_media":2855,"comment_status":"open","ping_status":"closed","sticky":false,"template":"","format":"standard","meta":{"footnotes":"","jetpack_publicize_message":"","jetpack_is_tweetstorm":false,"jetpack_publicize_feature_enabled":true,"jetpack_social_post_already_shared":true,"jetpack_social_options":{"image_generator_settings":{"template":"highway","enabled":false}}},"categories":[11],"tags":[2025,370,626,467,2026,2024,369],"jetpack_publicize_connections":[],"jetpack_featured_media_url":"https:\/\/i0.wp.com\/blog.bfsadvocacia.com.br\/wp-content\/uploads\/2022\/08\/pexels-photo-8386175.jpeg?fit=867%2C1300&ssl=1","featured_image_urls":{"full":["https:\/\/i0.wp.com\/blog.bfsadvocacia.com.br\/wp-content\/uploads\/2022\/08\/pexels-photo-8386175.jpeg?fit=867%2C1300&ssl=1",867,1300,false],"thumbnail":["https:\/\/i0.wp.com\/blog.bfsadvocacia.com.br\/wp-content\/uploads\/2022\/08\/pexels-photo-8386175.jpeg?resize=150%2C150&ssl=1",150,150,true],"medium":["https:\/\/i0.wp.com\/blog.bfsadvocacia.com.br\/wp-content\/uploads\/2022\/08\/pexels-photo-8386175.jpeg?fit=200%2C300&ssl=1",200,300,true],"medium_large":["https:\/\/i0.wp.com\/blog.bfsadvocacia.com.br\/wp-content\/uploads\/2022\/08\/pexels-photo-8386175.jpeg?fit=640%2C960&ssl=1",640,960,true],"large":["https:\/\/i0.wp.com\/blog.bfsadvocacia.com.br\/wp-content\/uploads\/2022\/08\/pexels-photo-8386175.jpeg?fit=640%2C960&ssl=1",640,960,true],"1536x1536":["https:\/\/i0.wp.com\/blog.bfsadvocacia.com.br\/wp-content\/uploads\/2022\/08\/pexels-photo-8386175.jpeg?fit=867%2C1300&ssl=1",867,1300,true],"2048x2048":["https:\/\/i0.wp.com\/blog.bfsadvocacia.com.br\/wp-content\/uploads\/2022\/08\/pexels-photo-8386175.jpeg?fit=867%2C1300&ssl=1",867,1300,true],"covernews-slider-full":["https:\/\/i0.wp.com\/blog.bfsadvocacia.com.br\/wp-content\/uploads\/2022\/08\/pexels-photo-8386175.jpeg?resize=867%2C715&ssl=1",867,715,true],"covernews-slider-center":["https:\/\/i0.wp.com\/blog.bfsadvocacia.com.br\/wp-content\/uploads\/2022\/08\/pexels-photo-8386175.jpeg?resize=800%2C500&ssl=1",800,500,true],"covernews-featured":["https:\/\/i0.wp.com\/blog.bfsadvocacia.com.br\/wp-content\/uploads\/2022\/08\/pexels-photo-8386175.jpeg?fit=867%2C1300&ssl=1",867,1300,true],"covernews-medium":["https:\/\/i0.wp.com\/blog.bfsadvocacia.com.br\/wp-content\/uploads\/2022\/08\/pexels-photo-8386175.jpeg?resize=540%2C340&ssl=1",540,340,true],"covernews-medium-square":["https:\/\/i0.wp.com\/blog.bfsadvocacia.com.br\/wp-content\/uploads\/2022\/08\/pexels-photo-8386175.jpeg?resize=400%2C250&ssl=1",400,250,true]},"author_info":{"display_name":"bfsadvocacia","author_link":"https:\/\/blog.bfsadvocacia.com.br\/index.php\/author\/bfsadvocacia\/"},"category_info":"<a href=\"https:\/\/blog.bfsadvocacia.com.br\/index.php\/category\/advogado-sp\/\" rel=\"category tag\">advogado sp<\/a>","tag_info":"advogado sp","comment_count":"0","amp_enabled":true,"_links":{"self":[{"href":"https:\/\/blog.bfsadvocacia.com.br\/index.php\/wp-json\/wp\/v2\/posts\/2830"}],"collection":[{"href":"https:\/\/blog.bfsadvocacia.com.br\/index.php\/wp-json\/wp\/v2\/posts"}],"about":[{"href":"https:\/\/blog.bfsadvocacia.com.br\/index.php\/wp-json\/wp\/v2\/types\/post"}],"author":[{"embeddable":true,"href":"https:\/\/blog.bfsadvocacia.com.br\/index.php\/wp-json\/wp\/v2\/users\/1"}],"replies":[{"embeddable":true,"href":"https:\/\/blog.bfsadvocacia.com.br\/index.php\/wp-json\/wp\/v2\/comments?post=2830"}],"version-history":[{"count":2,"href":"https:\/\/blog.bfsadvocacia.com.br\/index.php\/wp-json\/wp\/v2\/posts\/2830\/revisions"}],"predecessor-version":[{"id":2856,"href":"https:\/\/blog.bfsadvocacia.com.br\/index.php\/wp-json\/wp\/v2\/posts\/2830\/revisions\/2856"}],"wp:featuredmedia":[{"embeddable":true,"href":"https:\/\/blog.bfsadvocacia.com.br\/index.php\/wp-json\/wp\/v2\/media\/2855"}],"wp:attachment":[{"href":"https:\/\/blog.bfsadvocacia.com.br\/index.php\/wp-json\/wp\/v2\/media?parent=2830"}],"wp:term":[{"taxonomy":"category","embeddable":true,"href":"https:\/\/blog.bfsadvocacia.com.br\/index.php\/wp-json\/wp\/v2\/categories?post=2830"},{"taxonomy":"post_tag","embeddable":true,"href":"https:\/\/blog.bfsadvocacia.com.br\/index.php\/wp-json\/wp\/v2\/tags?post=2830"}],"curies":[{"name":"wp","href":"https:\/\/api.w.org\/{rel}","templated":true}]}}