{"id":2863,"date":"2022-09-05T07:56:00","date_gmt":"2022-09-05T10:56:00","guid":{"rendered":"http:\/\/blog.bfsadvocacia.com.br\/?p=2863"},"modified":"2022-09-07T16:04:24","modified_gmt":"2022-09-07T19:04:24","slug":"paciente-que-teve-implantes-dentarios-posicionados-incorretamente-deve-ser-indenizada","status":"publish","type":"post","link":"https:\/\/blog.bfsadvocacia.com.br\/index.php\/2022\/09\/05\/paciente-que-teve-implantes-dentarios-posicionados-incorretamente-deve-ser-indenizada\/","title":{"rendered":"Paciente que teve implantes dent\u00e1rios posicionados incorretamente deve ser indenizada"},"content":{"rendered":"\n<p>A ju\u00edza da 1\u00aa Vara C\u00edvel da Serra condenou um dentista que realizou implantes de maneira incorreta em uma paciente. Ap\u00f3s desconfiar da qualidade dos procedimentos, a autora procurou outro profissional, que constatou diversos problemas nos servi\u00e7os realizados, os quais totalizaram R$ 6.300 reais.<\/p>\n\n\n\n<p>Segundo os autos, a an\u00e1lise pericial constatou que dois pinos implantados foram posicionados de forma inapropriada, o que influenciou negativamente a instala\u00e7\u00e3o das coroas prot\u00e9ticas. Sendo poss\u00edvel, ainda, visualizar os implantes atrav\u00e9s da gengiva.<\/p>\n\n\n\n<p>Por isso, foi demonstrado que, por descuido ou desconhecimento, o profissional n\u00e3o cumpriu com sua obriga\u00e7\u00e3o de resultado nos servi\u00e7os prestados, motivo pelo qual a autora realiza tratamentos de repara\u00e7\u00e3o h\u00e1 mais de 5 anos.<\/p>\n\n\n\n<p>Al\u00e9m disso, a per\u00edcia n\u00e3o constatou a realiza\u00e7\u00e3o de exames de imagem, nem a enxertia \u00f3ssea necess\u00e1ria na regi\u00e3o, antes dos procedimentos. Portanto, a aus\u00eancia desses protocolos pode ter colaborado para os problemas ocasionados.<\/p>\n\n\n\n<p>Diante disso, a indeniza\u00e7\u00e3o foi fixada em R$ 10 mil reais pelos danos morais sofridos, al\u00e9m de R$ 6.300,00 pelos danos materiais.<\/p>\n\n\n\n<p>Processo n\u00ba&nbsp;<strong>0009952-35.2015.8.08.0048<\/strong><\/p>\n\n\n\n<p>TJES 28.07.2022<\/p>\n","protected":false},"excerpt":{"rendered":"<p>A an\u00e1lise pericial demonstrou que dois pinos foram implantados de maneira inapropriada, sendo poss\u00edvel visualizar os implantes atrav\u00e9s da gengiva.<\/p>\n","protected":false},"author":1,"featured_media":2873,"comment_status":"open","ping_status":"closed","sticky":false,"template":"","format":"standard","meta":{"footnotes":"","jetpack_publicize_message":"","jetpack_is_tweetstorm":false,"jetpack_publicize_feature_enabled":true,"jetpack_social_post_already_shared":true,"jetpack_social_options":{"image_generator_settings":{"template":"highway","enabled":false}}},"categories":[28],"tags":[1751,1792,262,2035],"jetpack_publicize_connections":[],"jetpack_featured_media_url":"https:\/\/i0.wp.com\/blog.bfsadvocacia.com.br\/wp-content\/uploads\/2022\/08\/pexels-photo-305568.jpeg?fit=1880%2C1253&ssl=1","featured_image_urls":{"full":["https:\/\/i0.wp.com\/blog.bfsadvocacia.com.br\/wp-content\/uploads\/2022\/08\/pexels-photo-305568.jpeg?fit=1880%2C1253&ssl=1",1880,1253,false],"thumbnail":["https:\/\/i0.wp.com\/blog.bfsadvocacia.com.br\/wp-content\/uploads\/2022\/08\/pexels-photo-305568.jpeg?resize=150%2C150&ssl=1",150,150,true],"medium":["https:\/\/i0.wp.com\/blog.bfsadvocacia.com.br\/wp-content\/uploads\/2022\/08\/pexels-photo-305568.jpeg?fit=300%2C200&ssl=1",300,200,true],"medium_large":["https:\/\/i0.wp.com\/blog.bfsadvocacia.com.br\/wp-content\/uploads\/2022\/08\/pexels-photo-305568.jpeg?fit=640%2C427&ssl=1",640,427,true],"large":["https:\/\/i0.wp.com\/blog.bfsadvocacia.com.br\/wp-content\/uploads\/2022\/08\/pexels-photo-305568.jpeg?fit=640%2C426&ssl=1",640,426,true],"1536x1536":["https:\/\/i0.wp.com\/blog.bfsadvocacia.com.br\/wp-content\/uploads\/2022\/08\/pexels-photo-305568.jpeg?fit=1536%2C1024&ssl=1",1536,1024,true],"2048x2048":["https:\/\/i0.wp.com\/blog.bfsadvocacia.com.br\/wp-content\/uploads\/2022\/08\/pexels-photo-305568.jpeg?fit=1880%2C1253&ssl=1",1880,1253,true],"covernews-slider-full":["https:\/\/i0.wp.com\/blog.bfsadvocacia.com.br\/wp-content\/uploads\/2022\/08\/pexels-photo-305568.jpeg?resize=1115%2C715&ssl=1",1115,715,true],"covernews-slider-center":["https:\/\/i0.wp.com\/blog.bfsadvocacia.com.br\/wp-content\/uploads\/2022\/08\/pexels-photo-305568.jpeg?resize=800%2C500&ssl=1",800,500,true],"covernews-featured":["https:\/\/i0.wp.com\/blog.bfsadvocacia.com.br\/wp-content\/uploads\/2022\/08\/pexels-photo-305568.jpeg?fit=1024%2C682&ssl=1",1024,682,true],"covernews-medium":["https:\/\/i0.wp.com\/blog.bfsadvocacia.com.br\/wp-content\/uploads\/2022\/08\/pexels-photo-305568.jpeg?resize=540%2C340&ssl=1",540,340,true],"covernews-medium-square":["https:\/\/i0.wp.com\/blog.bfsadvocacia.com.br\/wp-content\/uploads\/2022\/08\/pexels-photo-305568.jpeg?resize=400%2C250&ssl=1",400,250,true]},"author_info":{"display_name":"bfsadvocacia","author_link":"https:\/\/blog.bfsadvocacia.com.br\/index.php\/author\/bfsadvocacia\/"},"category_info":"<a href=\"https:\/\/blog.bfsadvocacia.com.br\/index.php\/category\/atualidades-juridicas\/\" rel=\"category tag\">atualidades jur\u00eddicas<\/a>","tag_info":"atualidades jur\u00eddicas","comment_count":"0","amp_enabled":true,"_links":{"self":[{"href":"https:\/\/blog.bfsadvocacia.com.br\/index.php\/wp-json\/wp\/v2\/posts\/2863"}],"collection":[{"href":"https:\/\/blog.bfsadvocacia.com.br\/index.php\/wp-json\/wp\/v2\/posts"}],"about":[{"href":"https:\/\/blog.bfsadvocacia.com.br\/index.php\/wp-json\/wp\/v2\/types\/post"}],"author":[{"embeddable":true,"href":"https:\/\/blog.bfsadvocacia.com.br\/index.php\/wp-json\/wp\/v2\/users\/1"}],"replies":[{"embeddable":true,"href":"https:\/\/blog.bfsadvocacia.com.br\/index.php\/wp-json\/wp\/v2\/comments?post=2863"}],"version-history":[{"count":2,"href":"https:\/\/blog.bfsadvocacia.com.br\/index.php\/wp-json\/wp\/v2\/posts\/2863\/revisions"}],"predecessor-version":[{"id":2998,"href":"https:\/\/blog.bfsadvocacia.com.br\/index.php\/wp-json\/wp\/v2\/posts\/2863\/revisions\/2998"}],"wp:featuredmedia":[{"embeddable":true,"href":"https:\/\/blog.bfsadvocacia.com.br\/index.php\/wp-json\/wp\/v2\/media\/2873"}],"wp:attachment":[{"href":"https:\/\/blog.bfsadvocacia.com.br\/index.php\/wp-json\/wp\/v2\/media?parent=2863"}],"wp:term":[{"taxonomy":"category","embeddable":true,"href":"https:\/\/blog.bfsadvocacia.com.br\/index.php\/wp-json\/wp\/v2\/categories?post=2863"},{"taxonomy":"post_tag","embeddable":true,"href":"https:\/\/blog.bfsadvocacia.com.br\/index.php\/wp-json\/wp\/v2\/tags?post=2863"}],"curies":[{"name":"wp","href":"https:\/\/api.w.org\/{rel}","templated":true}]}}