{"id":2864,"date":"2022-09-07T08:19:00","date_gmt":"2022-09-07T11:19:00","guid":{"rendered":"http:\/\/blog.bfsadvocacia.com.br\/?p=2864"},"modified":"2022-09-07T16:08:53","modified_gmt":"2022-09-07T19:08:53","slug":"estudante-que-perdeu-bolsa-de-estudos-deve-ser-indenizada-por-faculdade-que-cancelou-matricula","status":"publish","type":"post","link":"https:\/\/blog.bfsadvocacia.com.br\/index.php\/2022\/09\/07\/estudante-que-perdeu-bolsa-de-estudos-deve-ser-indenizada-por-faculdade-que-cancelou-matricula\/","title":{"rendered":"Estudante que perdeu bolsa de estudos deve ser indenizada por faculdade que cancelou matr\u00edcula"},"content":{"rendered":"\n<p>Uma estudante de enfermagem, que alegou ter precisado cancelar sua matr\u00edcula no curso de enfermagem por determina\u00e7\u00e3o da faculdade, deve ser indenizada em R$ 28.200,00, a t\u00edtulo de danos materiais, e R$ 20 mil, a t\u00edtulo de danos morais. A senten\u00e7a foi proferida pelo Juiz da 2\u00aa Vara C\u00edvel da Serra.<\/p>\n\n\n\n<p>A autora relatou que ap\u00f3s prestar o Exame Nacional do Ensino M\u00e9dio (ENEM) e atingir nota suficiente, foi aprovada para cursar enfermagem atrav\u00e9s do sistema SISPROUNI na faculdade requerida. Entretanto, a Institui\u00e7\u00e3o de Ensino teria comunicado \u00e0 mesma que a turma na qual ela estava inscrita n\u00e3o obteve o n\u00famero de matr\u00edculas suficientes e, por essa raz\u00e3o, precisaria cancelar sua matr\u00edcula.<\/p>\n\n\n\n<p>Por conseguinte, a estudante exp\u00f4s que foi a outra Institui\u00e7\u00e3o, que seria sua segunda op\u00e7\u00e3o no SISPROUNI, para certificar-se se ainda poderia matricular-se no curso ali oferecido, o que foi confirmado. Contudo, ao tentar realizar sua inscri\u00e7\u00e3o, esta teria sido negada devido \u00e0 aus\u00eancia do \u201cRegistro do Coordenador do PROUNI\u201d. Diante disso, a requerente alegou, ainda, ter ido a Faculdade requerida questionar o que havia acontecido, sendo informada que sua matr\u00edcula teria baixa apenas depois de 6 meses, o que ocasionou na perda de sua bolsa na outra Universidade.<\/p>\n\n\n\n<p>A r\u00e9 defende-se, alegando na haver culpa de sua parte em rela\u00e7\u00e3o aos fatos narrados. Todavia, o magistrado entendeu que a autora perdeu uma oportunidade, o que a fez pagar dois anos de mensalidades no curso de enfermagem em outra faculdade, condenando, assim, a requerida a pagar indeniza\u00e7\u00e3o por danos materiais no valor de R$ 28.200,00.<\/p>\n\n\n\n<p>Por fim, a requerente tamb\u00e9m entrou com pedido de a\u00e7\u00e3o indenizat\u00f3ria por danos morais e, diante dos dissabores sofridos pela estudante, o magistrado condenou a r\u00e9 a indenizar a autora em R$ 20 mil a t\u00edtulos de danos morais.<\/p>\n\n\n\n<p>Processo n\u00b0&nbsp;<strong>0007601-50.2019.8.08.0048<\/strong><\/p>\n\n\n\n<p>TJES 01.08.2022<\/p>\n","protected":false},"excerpt":{"rendered":"<p>A autora teria conseguido a bolsa por meio do sistema SISPROUNI ap\u00f3s prestar o ENEM.<\/p>\n","protected":false},"author":1,"featured_media":2870,"comment_status":"open","ping_status":"open","sticky":false,"template":"","format":"standard","meta":{"footnotes":"","jetpack_publicize_message":"","jetpack_is_tweetstorm":false,"jetpack_publicize_feature_enabled":true,"jetpack_social_post_already_shared":true,"jetpack_social_options":{"image_generator_settings":{"template":"highway","enabled":false}}},"categories":[11,28],"tags":[2041,2039,565,262,2040,2035],"jetpack_publicize_connections":[],"jetpack_featured_media_url":"https:\/\/i0.wp.com\/blog.bfsadvocacia.com.br\/wp-content\/uploads\/2022\/08\/pexels-photo-261909.jpeg?fit=1820%2C1300&ssl=1","featured_image_urls":{"full":["https:\/\/i0.wp.com\/blog.bfsadvocacia.com.br\/wp-content\/uploads\/2022\/08\/pexels-photo-261909.jpeg?fit=1820%2C1300&ssl=1",1820,1300,false],"thumbnail":["https:\/\/i0.wp.com\/blog.bfsadvocacia.com.br\/wp-content\/uploads\/2022\/08\/pexels-photo-261909.jpeg?resize=150%2C150&ssl=1",150,150,true],"medium":["https:\/\/i0.wp.com\/blog.bfsadvocacia.com.br\/wp-content\/uploads\/2022\/08\/pexels-photo-261909.jpeg?fit=300%2C214&ssl=1",300,214,true],"medium_large":["https:\/\/i0.wp.com\/blog.bfsadvocacia.com.br\/wp-content\/uploads\/2022\/08\/pexels-photo-261909.jpeg?fit=640%2C458&ssl=1",640,458,true],"large":["https:\/\/i0.wp.com\/blog.bfsadvocacia.com.br\/wp-content\/uploads\/2022\/08\/pexels-photo-261909.jpeg?fit=640%2C457&ssl=1",640,457,true],"1536x1536":["https:\/\/i0.wp.com\/blog.bfsadvocacia.com.br\/wp-content\/uploads\/2022\/08\/pexels-photo-261909.jpeg?fit=1536%2C1097&ssl=1",1536,1097,true],"2048x2048":["https:\/\/i0.wp.com\/blog.bfsadvocacia.com.br\/wp-content\/uploads\/2022\/08\/pexels-photo-261909.jpeg?fit=1820%2C1300&ssl=1",1820,1300,true],"covernews-slider-full":["https:\/\/i0.wp.com\/blog.bfsadvocacia.com.br\/wp-content\/uploads\/2022\/08\/pexels-photo-261909.jpeg?resize=1115%2C715&ssl=1",1115,715,true],"covernews-slider-center":["https:\/\/i0.wp.com\/blog.bfsadvocacia.com.br\/wp-content\/uploads\/2022\/08\/pexels-photo-261909.jpeg?resize=800%2C500&ssl=1",800,500,true],"covernews-featured":["https:\/\/i0.wp.com\/blog.bfsadvocacia.com.br\/wp-content\/uploads\/2022\/08\/pexels-photo-261909.jpeg?fit=1024%2C731&ssl=1",1024,731,true],"covernews-medium":["https:\/\/i0.wp.com\/blog.bfsadvocacia.com.br\/wp-content\/uploads\/2022\/08\/pexels-photo-261909.jpeg?resize=540%2C340&ssl=1",540,340,true],"covernews-medium-square":["https:\/\/i0.wp.com\/blog.bfsadvocacia.com.br\/wp-content\/uploads\/2022\/08\/pexels-photo-261909.jpeg?resize=400%2C250&ssl=1",400,250,true]},"author_info":{"display_name":"bfsadvocacia","author_link":"https:\/\/blog.bfsadvocacia.com.br\/index.php\/author\/bfsadvocacia\/"},"category_info":"<a href=\"https:\/\/blog.bfsadvocacia.com.br\/index.php\/category\/advogado-sp\/\" rel=\"category tag\">advogado sp<\/a> <a href=\"https:\/\/blog.bfsadvocacia.com.br\/index.php\/category\/atualidades-juridicas\/\" rel=\"category tag\">atualidades jur\u00eddicas<\/a>","tag_info":"atualidades jur\u00eddicas","comment_count":"0","amp_enabled":true,"_links":{"self":[{"href":"https:\/\/blog.bfsadvocacia.com.br\/index.php\/wp-json\/wp\/v2\/posts\/2864"}],"collection":[{"href":"https:\/\/blog.bfsadvocacia.com.br\/index.php\/wp-json\/wp\/v2\/posts"}],"about":[{"href":"https:\/\/blog.bfsadvocacia.com.br\/index.php\/wp-json\/wp\/v2\/types\/post"}],"author":[{"embeddable":true,"href":"https:\/\/blog.bfsadvocacia.com.br\/index.php\/wp-json\/wp\/v2\/users\/1"}],"replies":[{"embeddable":true,"href":"https:\/\/blog.bfsadvocacia.com.br\/index.php\/wp-json\/wp\/v2\/comments?post=2864"}],"version-history":[{"count":3,"href":"https:\/\/blog.bfsadvocacia.com.br\/index.php\/wp-json\/wp\/v2\/posts\/2864\/revisions"}],"predecessor-version":[{"id":2884,"href":"https:\/\/blog.bfsadvocacia.com.br\/index.php\/wp-json\/wp\/v2\/posts\/2864\/revisions\/2884"}],"wp:featuredmedia":[{"embeddable":true,"href":"https:\/\/blog.bfsadvocacia.com.br\/index.php\/wp-json\/wp\/v2\/media\/2870"}],"wp:attachment":[{"href":"https:\/\/blog.bfsadvocacia.com.br\/index.php\/wp-json\/wp\/v2\/media?parent=2864"}],"wp:term":[{"taxonomy":"category","embeddable":true,"href":"https:\/\/blog.bfsadvocacia.com.br\/index.php\/wp-json\/wp\/v2\/categories?post=2864"},{"taxonomy":"post_tag","embeddable":true,"href":"https:\/\/blog.bfsadvocacia.com.br\/index.php\/wp-json\/wp\/v2\/tags?post=2864"}],"curies":[{"name":"wp","href":"https:\/\/api.w.org\/{rel}","templated":true}]}}