{"id":2865,"date":"2022-09-06T08:52:00","date_gmt":"2022-09-06T11:52:00","guid":{"rendered":"http:\/\/blog.bfsadvocacia.com.br\/?p=2865"},"modified":"2022-09-07T16:06:20","modified_gmt":"2022-09-07T19:06:20","slug":"empresa-de-transporte-deve-indenizar-mulher-atropelada-por-coletivo-em-calcada","status":"publish","type":"post","link":"https:\/\/blog.bfsadvocacia.com.br\/index.php\/2022\/09\/06\/empresa-de-transporte-deve-indenizar-mulher-atropelada-por-coletivo-em-calcada\/","title":{"rendered":"Empresa de transporte deve indenizar mulher atropelada por coletivo em cal\u00e7ada"},"content":{"rendered":"\n<p>Uma mulher, que teria sido atropelada na cal\u00e7ada do ponto de \u00f4nibus enquanto retornava para casa, entrou com uma a\u00e7\u00e3o indenizat\u00f3ria contra uma empresa de transportes e uma seguradora. O juiz da 2\u00aa Vara C\u00edvel da Serra condenou a companhia a indenizar a autora em R$ 60 mil, pelos danos morais sofridos, al\u00e9m de ter que arcar com os gastos do tratamento hospitalar.<\/p>\n\n\n\n<p>De acordo com a v\u00edtima, o acidente aconteceu em frente ao Hospital D\u00f3rio Silva, para onde a autora foi levada ao ser socorrida. No entanto, devido a seu estado delicado, a mulher teria sido transferida para outro hospital, onde chegou em coma e esteve internada por dez dias. A requerente alegou, ainda, estar em uso de anticonvulsivante profil\u00e1tico, por conta de uma contus\u00e3o cerebral que ocorreu depois de sofrer traumatismo craniano grave em decorr\u00eancia do atropelamento.<\/p>\n\n\n\n<p>A empresa de transportes, apesar de confirmar a veracidade dos fatos narrados, contestou alegando que o motorista do coletivo, ap\u00f3s perceber falhas no freio do ve\u00edculo, teria perdido o controle da dire\u00e7\u00e3o. A requerida tamb\u00e9m defendeu que o acidente trata-se de um caso fortuito, ou seja, um epis\u00f3dio acidental imprevisto.<\/p>\n\n\n\n<p>No entanto, o magistrado entendeu que a requerente sofreu preju\u00edzos com gastos hospitalares e de transporte, condenando a requerida a pagar indeniza\u00e7\u00e3o por danos materiais em um valor que ainda dever\u00e1 ser apurado. O juiz tamb\u00e9m reconheceu o transtorno e o desconforto sofrido pela v\u00edtima, condenando a r\u00e9 a pagar R$ 60 mil a t\u00edtulo de danos morais.<\/p>\n\n\n\n<p>Processo n\u00ba&nbsp;<strong>0003990-94.2016.8.08.0048<\/strong><\/p>\n\n\n\n<p>TJES 01.08.2022<\/p>\n","protected":false},"excerpt":{"rendered":"<p>A v\u00edtima teria sofrido traumatismo craniano grave e entrado em coma, ficando internada por dez dias.<\/p>\n","protected":false},"author":1,"featured_media":2867,"comment_status":"open","ping_status":"closed","sticky":false,"template":"","format":"standard","meta":{"footnotes":"","jetpack_publicize_message":"","jetpack_is_tweetstorm":false,"jetpack_publicize_feature_enabled":true,"jetpack_social_post_already_shared":true,"jetpack_social_options":{"image_generator_settings":{"template":"highway","enabled":false}}},"categories":[28],"tags":[2042,262,2035],"jetpack_publicize_connections":[],"jetpack_featured_media_url":"https:\/\/i0.wp.com\/blog.bfsadvocacia.com.br\/wp-content\/uploads\/2022\/08\/pexels-photo-1494582.jpeg?fit=1880%2C1253&ssl=1","featured_image_urls":{"full":["https:\/\/i0.wp.com\/blog.bfsadvocacia.com.br\/wp-content\/uploads\/2022\/08\/pexels-photo-1494582.jpeg?fit=1880%2C1253&ssl=1",1880,1253,false],"thumbnail":["https:\/\/i0.wp.com\/blog.bfsadvocacia.com.br\/wp-content\/uploads\/2022\/08\/pexels-photo-1494582.jpeg?resize=150%2C150&ssl=1",150,150,true],"medium":["https:\/\/i0.wp.com\/blog.bfsadvocacia.com.br\/wp-content\/uploads\/2022\/08\/pexels-photo-1494582.jpeg?fit=300%2C200&ssl=1",300,200,true],"medium_large":["https:\/\/i0.wp.com\/blog.bfsadvocacia.com.br\/wp-content\/uploads\/2022\/08\/pexels-photo-1494582.jpeg?fit=640%2C427&ssl=1",640,427,true],"large":["https:\/\/i0.wp.com\/blog.bfsadvocacia.com.br\/wp-content\/uploads\/2022\/08\/pexels-photo-1494582.jpeg?fit=640%2C426&ssl=1",640,426,true],"1536x1536":["https:\/\/i0.wp.com\/blog.bfsadvocacia.com.br\/wp-content\/uploads\/2022\/08\/pexels-photo-1494582.jpeg?fit=1536%2C1024&ssl=1",1536,1024,true],"2048x2048":["https:\/\/i0.wp.com\/blog.bfsadvocacia.com.br\/wp-content\/uploads\/2022\/08\/pexels-photo-1494582.jpeg?fit=1880%2C1253&ssl=1",1880,1253,true],"covernews-slider-full":["https:\/\/i0.wp.com\/blog.bfsadvocacia.com.br\/wp-content\/uploads\/2022\/08\/pexels-photo-1494582.jpeg?resize=1115%2C715&ssl=1",1115,715,true],"covernews-slider-center":["https:\/\/i0.wp.com\/blog.bfsadvocacia.com.br\/wp-content\/uploads\/2022\/08\/pexels-photo-1494582.jpeg?resize=800%2C500&ssl=1",800,500,true],"covernews-featured":["https:\/\/i0.wp.com\/blog.bfsadvocacia.com.br\/wp-content\/uploads\/2022\/08\/pexels-photo-1494582.jpeg?fit=1024%2C682&ssl=1",1024,682,true],"covernews-medium":["https:\/\/i0.wp.com\/blog.bfsadvocacia.com.br\/wp-content\/uploads\/2022\/08\/pexels-photo-1494582.jpeg?resize=540%2C340&ssl=1",540,340,true],"covernews-medium-square":["https:\/\/i0.wp.com\/blog.bfsadvocacia.com.br\/wp-content\/uploads\/2022\/08\/pexels-photo-1494582.jpeg?resize=400%2C250&ssl=1",400,250,true]},"author_info":{"display_name":"bfsadvocacia","author_link":"https:\/\/blog.bfsadvocacia.com.br\/index.php\/author\/bfsadvocacia\/"},"category_info":"<a href=\"https:\/\/blog.bfsadvocacia.com.br\/index.php\/category\/atualidades-juridicas\/\" rel=\"category tag\">atualidades jur\u00eddicas<\/a>","tag_info":"atualidades jur\u00eddicas","comment_count":"0","amp_enabled":true,"_links":{"self":[{"href":"https:\/\/blog.bfsadvocacia.com.br\/index.php\/wp-json\/wp\/v2\/posts\/2865"}],"collection":[{"href":"https:\/\/blog.bfsadvocacia.com.br\/index.php\/wp-json\/wp\/v2\/posts"}],"about":[{"href":"https:\/\/blog.bfsadvocacia.com.br\/index.php\/wp-json\/wp\/v2\/types\/post"}],"author":[{"embeddable":true,"href":"https:\/\/blog.bfsadvocacia.com.br\/index.php\/wp-json\/wp\/v2\/users\/1"}],"replies":[{"embeddable":true,"href":"https:\/\/blog.bfsadvocacia.com.br\/index.php\/wp-json\/wp\/v2\/comments?post=2865"}],"version-history":[{"count":2,"href":"https:\/\/blog.bfsadvocacia.com.br\/index.php\/wp-json\/wp\/v2\/posts\/2865\/revisions"}],"predecessor-version":[{"id":2885,"href":"https:\/\/blog.bfsadvocacia.com.br\/index.php\/wp-json\/wp\/v2\/posts\/2865\/revisions\/2885"}],"wp:featuredmedia":[{"embeddable":true,"href":"https:\/\/blog.bfsadvocacia.com.br\/index.php\/wp-json\/wp\/v2\/media\/2867"}],"wp:attachment":[{"href":"https:\/\/blog.bfsadvocacia.com.br\/index.php\/wp-json\/wp\/v2\/media?parent=2865"}],"wp:term":[{"taxonomy":"category","embeddable":true,"href":"https:\/\/blog.bfsadvocacia.com.br\/index.php\/wp-json\/wp\/v2\/categories?post=2865"},{"taxonomy":"post_tag","embeddable":true,"href":"https:\/\/blog.bfsadvocacia.com.br\/index.php\/wp-json\/wp\/v2\/tags?post=2865"}],"curies":[{"name":"wp","href":"https:\/\/api.w.org\/{rel}","templated":true}]}}