{"id":2876,"date":"2022-09-08T09:03:00","date_gmt":"2022-09-08T12:03:00","guid":{"rendered":"http:\/\/blog.bfsadvocacia.com.br\/?p=2876"},"modified":"2022-09-07T16:19:29","modified_gmt":"2022-09-07T19:19:29","slug":"tribunal-confirma-indenizacao-por-danos-morais-a-filhos-de-cadeirante-que-se-acidentou-dentro-de-onibus","status":"publish","type":"post","link":"https:\/\/blog.bfsadvocacia.com.br\/index.php\/2022\/09\/08\/tribunal-confirma-indenizacao-por-danos-morais-a-filhos-de-cadeirante-que-se-acidentou-dentro-de-onibus\/","title":{"rendered":"Tribunal confirma indeniza\u00e7\u00e3o por danos morais a filhos de cadeirante que se acidentou dentro de \u00f4nibus"},"content":{"rendered":"\n<p>A 22\u00aa C\u00e2mara de Direito Privado do Tribunal de Justi\u00e7a de S\u00e3o Paulo confirmou senten\u00e7a proferida pela ju\u00edza Paula Regina Schempf Cattan, da 1\u00aa Vara C\u00edvel Central da Capital, que condenou uma empresa de transporte p\u00fablico a indenizar por danos morais os sete filhos de uma mulher cadeirante que faleceu em decorr\u00eancia de acidente em um dos \u00f4nibus da empresa. O valor da indeniza\u00e7\u00e3o foi fixado em R$ 40 mil para cada autor.<\/p>\n\n\n\n<p><br>Consta dos autos que a v\u00edtima estava em um \u00f4nibus da apelante, acompanhada de um de seus filhos. No curso da viagem, em uma curva, a cadeira de rodas acabou tombando, pois n\u00e3o estava fixada adequadamente, apesar de o ve\u00edculo possuir os devidos mecanismos de seguran\u00e7a. A passageira teve o f\u00eamur, a bacia e as duas pernas fraturadas no acidente. Ela foi levada a um hospital, mas veio a falecer dias depois.<\/p>\n\n\n\n<p><br>O desembargador Edgard Rosa, relator do recurso, afirmou que a vers\u00e3o defensiva da r\u00e9, de que o filho da passageira soltou-lhe o cinto de seguran\u00e7a no curso da viagem, n\u00e3o foi confirmada por nenhuma das testemunhas arroladas e, ainda que fosse, n\u00e3o excluiria a responsabilidade do transportador. O magistrado destacou, ainda, que a v\u00edtima fatal passou por procedimentos cir\u00fargicos em raz\u00e3o das graves les\u00f5es decorrentes do acidente, e n\u00e3o de outra causa, conforme colocado pela defesa. \u201cFicou bem provado nos autos que a r\u00e9\/apelante prestou servi\u00e7o deficiente e deu causa ao acidente que vitimou a m\u00e3e dos autores\u201d, escreveu Edgard Rosa, concluindo que os autores fazem jus \u00e0 repara\u00e7\u00e3o por danos morais.<\/p>\n\n\n\n<p><br>Tamb\u00e9m participaram do julgamento, que teve vota\u00e7\u00e3o un\u00e2nime, os desembargadores Alberto Gosson e Campos Mello.<\/p>\n\n\n\n<p>Apela\u00e7\u00e3o n\u00ba&nbsp;<a href=\"https:\/\/esaj.tjsp.jus.br\/cposg\/show.do?processo.codigo=RI006W8K80000&amp;conversationId=&amp;paginaConsulta=0&amp;cbPesquisa=NUMPROC&amp;numeroDigitoAnoUnificado=0147052-79.2009&amp;foroNumeroUnificado=0100&amp;dePesquisaNuUnificado=0147052-79.2009.8.26.0100&amp;dePesquisaNuUnificado=UNIFICADO&amp;dePesquisa=&amp;tipoNuProcesso=UNIFICADO\">0147052-79.2009.8.26.0100<\/a><\/p>\n\n\n\n<p>TJSP 31.07.2022<\/p>\n","protected":false},"excerpt":{"rendered":"<p>V\u00edtima sofreu les\u00f5es m\u00faltiplas e faleceu.<\/p>\n","protected":false},"author":1,"featured_media":2882,"comment_status":"open","ping_status":"closed","sticky":false,"template":"","format":"standard","meta":{"footnotes":"","jetpack_publicize_message":"","jetpack_is_tweetstorm":false,"jetpack_publicize_feature_enabled":true,"jetpack_social_post_already_shared":true,"jetpack_social_options":{"image_generator_settings":{"template":"highway","enabled":false}}},"categories":[11,28],"tags":[2038,1482,1751,262,1317],"jetpack_publicize_connections":[],"jetpack_featured_media_url":"https:\/\/i0.wp.com\/blog.bfsadvocacia.com.br\/wp-content\/uploads\/2022\/08\/pexels-photo-927690.jpeg?fit=1880%2C1183&ssl=1","featured_image_urls":{"full":["https:\/\/i0.wp.com\/blog.bfsadvocacia.com.br\/wp-content\/uploads\/2022\/08\/pexels-photo-927690.jpeg?fit=1880%2C1183&ssl=1",1880,1183,false],"thumbnail":["https:\/\/i0.wp.com\/blog.bfsadvocacia.com.br\/wp-content\/uploads\/2022\/08\/pexels-photo-927690.jpeg?resize=150%2C150&ssl=1",150,150,true],"medium":["https:\/\/i0.wp.com\/blog.bfsadvocacia.com.br\/wp-content\/uploads\/2022\/08\/pexels-photo-927690.jpeg?fit=300%2C189&ssl=1",300,189,true],"medium_large":["https:\/\/i0.wp.com\/blog.bfsadvocacia.com.br\/wp-content\/uploads\/2022\/08\/pexels-photo-927690.jpeg?fit=640%2C403&ssl=1",640,403,true],"large":["https:\/\/i0.wp.com\/blog.bfsadvocacia.com.br\/wp-content\/uploads\/2022\/08\/pexels-photo-927690.jpeg?fit=640%2C403&ssl=1",640,403,true],"1536x1536":["https:\/\/i0.wp.com\/blog.bfsadvocacia.com.br\/wp-content\/uploads\/2022\/08\/pexels-photo-927690.jpeg?fit=1536%2C967&ssl=1",1536,967,true],"2048x2048":["https:\/\/i0.wp.com\/blog.bfsadvocacia.com.br\/wp-content\/uploads\/2022\/08\/pexels-photo-927690.jpeg?fit=1880%2C1183&ssl=1",1880,1183,true],"covernews-slider-full":["https:\/\/i0.wp.com\/blog.bfsadvocacia.com.br\/wp-content\/uploads\/2022\/08\/pexels-photo-927690.jpeg?resize=1115%2C715&ssl=1",1115,715,true],"covernews-slider-center":["https:\/\/i0.wp.com\/blog.bfsadvocacia.com.br\/wp-content\/uploads\/2022\/08\/pexels-photo-927690.jpeg?resize=800%2C500&ssl=1",800,500,true],"covernews-featured":["https:\/\/i0.wp.com\/blog.bfsadvocacia.com.br\/wp-content\/uploads\/2022\/08\/pexels-photo-927690.jpeg?fit=1024%2C644&ssl=1",1024,644,true],"covernews-medium":["https:\/\/i0.wp.com\/blog.bfsadvocacia.com.br\/wp-content\/uploads\/2022\/08\/pexels-photo-927690.jpeg?resize=540%2C340&ssl=1",540,340,true],"covernews-medium-square":["https:\/\/i0.wp.com\/blog.bfsadvocacia.com.br\/wp-content\/uploads\/2022\/08\/pexels-photo-927690.jpeg?resize=400%2C250&ssl=1",400,250,true]},"author_info":{"display_name":"bfsadvocacia","author_link":"https:\/\/blog.bfsadvocacia.com.br\/index.php\/author\/bfsadvocacia\/"},"category_info":"<a href=\"https:\/\/blog.bfsadvocacia.com.br\/index.php\/category\/advogado-sp\/\" rel=\"category tag\">advogado sp<\/a> <a href=\"https:\/\/blog.bfsadvocacia.com.br\/index.php\/category\/atualidades-juridicas\/\" rel=\"category tag\">atualidades jur\u00eddicas<\/a>","tag_info":"atualidades jur\u00eddicas","comment_count":"0","amp_enabled":true,"_links":{"self":[{"href":"https:\/\/blog.bfsadvocacia.com.br\/index.php\/wp-json\/wp\/v2\/posts\/2876"}],"collection":[{"href":"https:\/\/blog.bfsadvocacia.com.br\/index.php\/wp-json\/wp\/v2\/posts"}],"about":[{"href":"https:\/\/blog.bfsadvocacia.com.br\/index.php\/wp-json\/wp\/v2\/types\/post"}],"author":[{"embeddable":true,"href":"https:\/\/blog.bfsadvocacia.com.br\/index.php\/wp-json\/wp\/v2\/users\/1"}],"replies":[{"embeddable":true,"href":"https:\/\/blog.bfsadvocacia.com.br\/index.php\/wp-json\/wp\/v2\/comments?post=2876"}],"version-history":[{"count":2,"href":"https:\/\/blog.bfsadvocacia.com.br\/index.php\/wp-json\/wp\/v2\/posts\/2876\/revisions"}],"predecessor-version":[{"id":3003,"href":"https:\/\/blog.bfsadvocacia.com.br\/index.php\/wp-json\/wp\/v2\/posts\/2876\/revisions\/3003"}],"wp:featuredmedia":[{"embeddable":true,"href":"https:\/\/blog.bfsadvocacia.com.br\/index.php\/wp-json\/wp\/v2\/media\/2882"}],"wp:attachment":[{"href":"https:\/\/blog.bfsadvocacia.com.br\/index.php\/wp-json\/wp\/v2\/media?parent=2876"}],"wp:term":[{"taxonomy":"category","embeddable":true,"href":"https:\/\/blog.bfsadvocacia.com.br\/index.php\/wp-json\/wp\/v2\/categories?post=2876"},{"taxonomy":"post_tag","embeddable":true,"href":"https:\/\/blog.bfsadvocacia.com.br\/index.php\/wp-json\/wp\/v2\/tags?post=2876"}],"curies":[{"name":"wp","href":"https:\/\/api.w.org\/{rel}","templated":true}]}}