{"id":2901,"date":"2022-08-08T20:27:44","date_gmt":"2022-08-08T23:27:44","guid":{"rendered":"http:\/\/blog.bfsadvocacia.com.br\/?p=2901"},"modified":"2022-08-08T20:28:19","modified_gmt":"2022-08-08T23:28:19","slug":"uniao-deve-pagar-r-300-mil-por-gravidez-indesejada-apos-laqueadura","status":"publish","type":"post","link":"https:\/\/blog.bfsadvocacia.com.br\/index.php\/2022\/08\/08\/uniao-deve-pagar-r-300-mil-por-gravidez-indesejada-apos-laqueadura\/","title":{"rendered":"Uni\u00e3o deve pagar R$ 300 mil por gravidez indesejada ap\u00f3s laqueadura\u00a0"},"content":{"rendered":"\n<p>A Quarta Turma do Tribunal Regional Federal da 3\u00aa Regi\u00e3o (TRF3) determinou que a Uni\u00e3o indenize em R$ 300 mil por danos morais uma mulher por gravidez indesejada, ap\u00f3s laqueadura tub\u00e1ria. O procedimento cir\u00fargico foi realizado no Hospital Geral de Itapecerica da Serra\/SP, por meio do Sistema \u00danico de Sa\u00fade (SUS).&nbsp;&nbsp;<\/p>\n\n\n\n<p>Para o colegiado, a autora tem direito \u00e0 indeniza\u00e7\u00e3o pois ficou comprovada aus\u00eancia de esclarecimento \u00e0 paciente sobre a possibilidade de revers\u00e3o espont\u00e2nea da ligadura de trompas.&nbsp;<\/p>\n\n\n\n<p>Conforme os autos, a mulher se submeteu ao procedimento cir\u00fargico em 2002, quando j\u00e1 tinha tr\u00eas filhos. Ela justificou que era empregada dom\u00e9stica e sua situa\u00e7\u00e3o financeira n\u00e3o permitia o aumento da fam\u00edlia.&nbsp;<\/p>\n\n\n\n<p>Ap\u00f3s sete anos, foi surpreendida com nova gravidez, mas a crian\u00e7a faleceu 12 horas ap\u00f3s o nascimento. Como consequ\u00eancia, a autora informou ter adquirido L\u00fapus Eritomatoso Sist\u00eamico (doen\u00e7a inflamat\u00f3ria cr\u00f4nica de origem autoimune), em decorr\u00eancia de trauma pela morte do beb\u00ea.&nbsp;<\/p>\n\n\n\n<p>Diante da situa\u00e7\u00e3o, ela acionou o Judici\u00e1rio e solicitou repara\u00e7\u00e3o por danos morais e materiais contra a Uni\u00e3o. Ap\u00f3s a primeira inst\u00e2ncia julgar o pedido improcedente, a empregada dom\u00e9stica recorreu ao TRF3. Requereu a reforma da senten\u00e7a e argumentou que n\u00e3o foi informada sobre riscos de nova gesta\u00e7\u00e3o ap\u00f3s a realiza\u00e7\u00e3o do procedimento cir\u00fargico.&nbsp;<\/p>\n\n\n\n<p>Ao analisar o caso, o desembargador federal relator Marcelo Saraiva entendeu que ficou comprovada a responsabilidade civil subjetiva por conduta omissiva do Estado, o que implica no pagamento de indeniza\u00e7\u00e3o por conta de gesta\u00e7\u00e3o inesperada.&nbsp;<\/p>\n\n\n\n<p>O magistrado desconsiderou alega\u00e7\u00e3o da Uni\u00e3o de que a possibilidade de revers\u00e3o teria sido amplamente informada. \u201cN\u00e3o h\u00e1 como atribuir \u00e0 autora a responsabilidade de deter conhecimento suficiente sobre a possibilidade de retorno da fecundidade. O que se v\u00ea nos autos, s\u00e3o documentos que classificam a \u2018Laqueadura Tub\u00e1ria\u2019, como um procedimento de \u2018Esteriliza\u00e7\u00e3o Definitiva\u2019\u201d.&nbsp;<\/p>\n\n\n\n<p>Por fim, o relator fixou o valor da indeniza\u00e7\u00e3o com base no sofrimento vivenciado pela autora. \u201cO montante deve ser compat\u00edvel \u00e0 extens\u00e3o do dano causado, ao abalo ps\u00edquico suportado, sem dar ensejo ao enriquecimento sem causa, bem como ostentar feitio de reprimenda ao respons\u00e1vel pela ocorr\u00eancia f\u00e1tica\u201d.&nbsp;<\/p>\n\n\n\n<p>Assim, a Quarta Turma, por unanimidade, deu parcial provimento \u00e0 apela\u00e7\u00e3o para condenar a Uni\u00e3o Federal ao pagamento de danos morais, no valor de R$ 300 mil, com aplica\u00e7\u00e3o de juros e corre\u00e7\u00e3o monet\u00e1ria, desde 8\/12\/2007, data do exame de ultrassonografia obst\u00e9trica que constatou a gravidez inesperada.&nbsp;<\/p>\n\n\n\n<p>Assessoria de Comunica\u00e7\u00e3o Social do TRF3\u00a0<\/p>\n\n\n\n<p>TRF3 05.08.2022<\/p>\n","protected":false},"excerpt":{"rendered":"<p>Autora desenvolveu doen\u00e7a inflamat\u00f3ria cr\u00f4nica ap\u00f3s perder o beb\u00ea rec\u00e9m-nascido<\/p>\n","protected":false},"author":1,"featured_media":2903,"comment_status":"open","ping_status":"open","sticky":false,"template":"","format":"standard","meta":{"footnotes":"","jetpack_publicize_message":"","jetpack_is_tweetstorm":false,"jetpack_publicize_feature_enabled":true,"jetpack_social_post_already_shared":true,"jetpack_social_options":{"image_generator_settings":{"template":"highway","enabled":false}}},"categories":[28],"tags":[1482,2132,262,2136,2133,2135,2134],"jetpack_publicize_connections":[],"jetpack_featured_media_url":"https:\/\/i0.wp.com\/blog.bfsadvocacia.com.br\/wp-content\/uploads\/2022\/08\/pregnancy-woman-belly-hands-46207.jpeg?fit=888%2C1300&ssl=1","featured_image_urls":{"full":["https:\/\/i0.wp.com\/blog.bfsadvocacia.com.br\/wp-content\/uploads\/2022\/08\/pregnancy-woman-belly-hands-46207.jpeg?fit=888%2C1300&ssl=1",888,1300,false],"thumbnail":["https:\/\/i0.wp.com\/blog.bfsadvocacia.com.br\/wp-content\/uploads\/2022\/08\/pregnancy-woman-belly-hands-46207.jpeg?resize=150%2C150&ssl=1",150,150,true],"medium":["https:\/\/i0.wp.com\/blog.bfsadvocacia.com.br\/wp-content\/uploads\/2022\/08\/pregnancy-woman-belly-hands-46207.jpeg?fit=205%2C300&ssl=1",205,300,true],"medium_large":["https:\/\/i0.wp.com\/blog.bfsadvocacia.com.br\/wp-content\/uploads\/2022\/08\/pregnancy-woman-belly-hands-46207.jpeg?fit=640%2C937&ssl=1",640,937,true],"large":["https:\/\/i0.wp.com\/blog.bfsadvocacia.com.br\/wp-content\/uploads\/2022\/08\/pregnancy-woman-belly-hands-46207.jpeg?fit=640%2C938&ssl=1",640,938,true],"1536x1536":["https:\/\/i0.wp.com\/blog.bfsadvocacia.com.br\/wp-content\/uploads\/2022\/08\/pregnancy-woman-belly-hands-46207.jpeg?fit=888%2C1300&ssl=1",888,1300,true],"2048x2048":["https:\/\/i0.wp.com\/blog.bfsadvocacia.com.br\/wp-content\/uploads\/2022\/08\/pregnancy-woman-belly-hands-46207.jpeg?fit=888%2C1300&ssl=1",888,1300,true],"covernews-slider-full":["https:\/\/i0.wp.com\/blog.bfsadvocacia.com.br\/wp-content\/uploads\/2022\/08\/pregnancy-woman-belly-hands-46207.jpeg?resize=888%2C715&ssl=1",888,715,true],"covernews-slider-center":["https:\/\/i0.wp.com\/blog.bfsadvocacia.com.br\/wp-content\/uploads\/2022\/08\/pregnancy-woman-belly-hands-46207.jpeg?resize=800%2C500&ssl=1",800,500,true],"covernews-featured":["https:\/\/i0.wp.com\/blog.bfsadvocacia.com.br\/wp-content\/uploads\/2022\/08\/pregnancy-woman-belly-hands-46207.jpeg?fit=888%2C1300&ssl=1",888,1300,true],"covernews-medium":["https:\/\/i0.wp.com\/blog.bfsadvocacia.com.br\/wp-content\/uploads\/2022\/08\/pregnancy-woman-belly-hands-46207.jpeg?resize=540%2C340&ssl=1",540,340,true],"covernews-medium-square":["https:\/\/i0.wp.com\/blog.bfsadvocacia.com.br\/wp-content\/uploads\/2022\/08\/pregnancy-woman-belly-hands-46207.jpeg?resize=400%2C250&ssl=1",400,250,true]},"author_info":{"display_name":"bfsadvocacia","author_link":"https:\/\/blog.bfsadvocacia.com.br\/index.php\/author\/bfsadvocacia\/"},"category_info":"<a href=\"https:\/\/blog.bfsadvocacia.com.br\/index.php\/category\/atualidades-juridicas\/\" rel=\"category tag\">atualidades jur\u00eddicas<\/a>","tag_info":"atualidades jur\u00eddicas","comment_count":"0","amp_enabled":true,"_links":{"self":[{"href":"https:\/\/blog.bfsadvocacia.com.br\/index.php\/wp-json\/wp\/v2\/posts\/2901"}],"collection":[{"href":"https:\/\/blog.bfsadvocacia.com.br\/index.php\/wp-json\/wp\/v2\/posts"}],"about":[{"href":"https:\/\/blog.bfsadvocacia.com.br\/index.php\/wp-json\/wp\/v2\/types\/post"}],"author":[{"embeddable":true,"href":"https:\/\/blog.bfsadvocacia.com.br\/index.php\/wp-json\/wp\/v2\/users\/1"}],"replies":[{"embeddable":true,"href":"https:\/\/blog.bfsadvocacia.com.br\/index.php\/wp-json\/wp\/v2\/comments?post=2901"}],"version-history":[{"count":2,"href":"https:\/\/blog.bfsadvocacia.com.br\/index.php\/wp-json\/wp\/v2\/posts\/2901\/revisions"}],"predecessor-version":[{"id":2907,"href":"https:\/\/blog.bfsadvocacia.com.br\/index.php\/wp-json\/wp\/v2\/posts\/2901\/revisions\/2907"}],"wp:featuredmedia":[{"embeddable":true,"href":"https:\/\/blog.bfsadvocacia.com.br\/index.php\/wp-json\/wp\/v2\/media\/2903"}],"wp:attachment":[{"href":"https:\/\/blog.bfsadvocacia.com.br\/index.php\/wp-json\/wp\/v2\/media?parent=2901"}],"wp:term":[{"taxonomy":"category","embeddable":true,"href":"https:\/\/blog.bfsadvocacia.com.br\/index.php\/wp-json\/wp\/v2\/categories?post=2901"},{"taxonomy":"post_tag","embeddable":true,"href":"https:\/\/blog.bfsadvocacia.com.br\/index.php\/wp-json\/wp\/v2\/tags?post=2901"}],"curies":[{"name":"wp","href":"https:\/\/api.w.org\/{rel}","templated":true}]}}