{"id":2937,"date":"2022-08-25T07:37:00","date_gmt":"2022-08-25T10:37:00","guid":{"rendered":"http:\/\/blog.bfsadvocacia.com.br\/?p=2937"},"modified":"2022-08-22T20:43:34","modified_gmt":"2022-08-22T23:43:34","slug":"prescricao-nao-alcanca-direito-a-aposentadoria-de-trabalhador-rural-que-ja-cumpriu-requisitos-para-sua-concessao","status":"publish","type":"post","link":"https:\/\/blog.bfsadvocacia.com.br\/index.php\/2022\/08\/25\/prescricao-nao-alcanca-direito-a-aposentadoria-de-trabalhador-rural-que-ja-cumpriu-requisitos-para-sua-concessao\/","title":{"rendered":"Prescri\u00e7\u00e3o n\u00e3o alcan\u00e7a direito \u00e0 aposentadoria de trabalhador rural que j\u00e1 cumpriu requisitos para sua concess\u00e3o"},"content":{"rendered":"\n<p>A 1\u00aa Turma do Tribunal Regional Federal da 1\u00aa Regi\u00e3o (TRF1) manteve a senten\u00e7a que assegurou o direito do autor \u00e0 aposentadoria por idade rural depois que o Instituto Nacional do Seguro Social (INSS) indeferiu seu pedido. A Autarquia apelou sustentando que o requerente havia perdido o direito, por n\u00e3o ter ele proposto a a\u00e7\u00e3o no prazo de cinco anos do indeferimento administrativo do pedido, prescrevendo, assim, seu direito ao benef\u00edcio.<\/p>\n\n\n\n<p>O relator do processo, desembargador federal Gustavo Soares Amorim, explicou que o art. 1\u00ba do Decreto 20.910\/1932 e o art. 103, par\u00e1grafo \u00fanico, da Lei 8.213\/1991 preveem a ocorr\u00eancia da prescri\u00e7\u00e3o em cinco anos para presta\u00e7\u00f5es vencidas, restitui\u00e7\u00f5es ou diferen\u00e7as devidas pela Previd\u00eancia Social. Por\u00e9m, isso n\u00e3o ocorre nas chamadas presta\u00e7\u00f5es de trato sucessivo, que se renovam m\u00eas a m\u00eas.<\/p>\n\n\n\n<p>No caso concreto, segundo o relator, apenas as parcelas j\u00e1 vencidas e n\u00e3o pagas nos \u00faltimos cinco anos do ajuizamento da a\u00e7\u00e3o \u00e9 que s\u00e3o alcan\u00e7adas pela prescri\u00e7\u00e3o, e n\u00e3o o pr\u00f3prio direito \u00e0 aposentadoria, uma vez que, conforme jurisprud\u00eancia do Supremo Tribunal Federal (STF) e do Superior Tribunal de Justi\u00e7a (STJ), \u201co direito \u00e0 previd\u00eancia social constitui direito fundamental e, uma vez implementados os pressupostos de sua aquisi\u00e7\u00e3o, n\u00e3o deve ser afetado pelo decurso do tempo\u201d.&nbsp;<\/p>\n\n\n\n<p>A decis\u00e3o do Colegiado foi un\u00e2nime.<\/p>\n\n\n\n<p>Processo: 1011882-15.2021.4.01.9999<\/p>\n\n\n\n<p>TRF1 17.08.2022<\/p>\n","protected":false},"excerpt":{"rendered":"<p>A 1\u00aa Turma do Tribunal Regional Federal da 1\u00aa Regi\u00e3o (TRF1) manteve a senten\u00e7a que&#8230;<\/p>\n","protected":false},"author":1,"featured_media":2942,"comment_status":"open","ping_status":"open","sticky":false,"template":"","format":"standard","meta":{"footnotes":"","jetpack_publicize_message":"","jetpack_is_tweetstorm":false,"jetpack_publicize_feature_enabled":true,"jetpack_social_post_already_shared":true,"jetpack_social_options":{"image_generator_settings":{"template":"highway","enabled":false}}},"categories":[11,12],"tags":[22,17,303,122,148,876],"jetpack_publicize_connections":[],"jetpack_featured_media_url":"https:\/\/i0.wp.com\/blog.bfsadvocacia.com.br\/wp-content\/uploads\/2022\/08\/pexels-photo-4207908.jpeg?fit=1880%2C1253&ssl=1","featured_image_urls":{"full":["https:\/\/i0.wp.com\/blog.bfsadvocacia.com.br\/wp-content\/uploads\/2022\/08\/pexels-photo-4207908.jpeg?fit=1880%2C1253&ssl=1",1880,1253,false],"thumbnail":["https:\/\/i0.wp.com\/blog.bfsadvocacia.com.br\/wp-content\/uploads\/2022\/08\/pexels-photo-4207908.jpeg?resize=150%2C150&ssl=1",150,150,true],"medium":["https:\/\/i0.wp.com\/blog.bfsadvocacia.com.br\/wp-content\/uploads\/2022\/08\/pexels-photo-4207908.jpeg?fit=300%2C200&ssl=1",300,200,true],"medium_large":["https:\/\/i0.wp.com\/blog.bfsadvocacia.com.br\/wp-content\/uploads\/2022\/08\/pexels-photo-4207908.jpeg?fit=640%2C427&ssl=1",640,427,true],"large":["https:\/\/i0.wp.com\/blog.bfsadvocacia.com.br\/wp-content\/uploads\/2022\/08\/pexels-photo-4207908.jpeg?fit=640%2C426&ssl=1",640,426,true],"1536x1536":["https:\/\/i0.wp.com\/blog.bfsadvocacia.com.br\/wp-content\/uploads\/2022\/08\/pexels-photo-4207908.jpeg?fit=1536%2C1024&ssl=1",1536,1024,true],"2048x2048":["https:\/\/i0.wp.com\/blog.bfsadvocacia.com.br\/wp-content\/uploads\/2022\/08\/pexels-photo-4207908.jpeg?fit=1880%2C1253&ssl=1",1880,1253,true],"covernews-slider-full":["https:\/\/i0.wp.com\/blog.bfsadvocacia.com.br\/wp-content\/uploads\/2022\/08\/pexels-photo-4207908.jpeg?resize=1115%2C715&ssl=1",1115,715,true],"covernews-slider-center":["https:\/\/i0.wp.com\/blog.bfsadvocacia.com.br\/wp-content\/uploads\/2022\/08\/pexels-photo-4207908.jpeg?resize=800%2C500&ssl=1",800,500,true],"covernews-featured":["https:\/\/i0.wp.com\/blog.bfsadvocacia.com.br\/wp-content\/uploads\/2022\/08\/pexels-photo-4207908.jpeg?fit=1024%2C682&ssl=1",1024,682,true],"covernews-medium":["https:\/\/i0.wp.com\/blog.bfsadvocacia.com.br\/wp-content\/uploads\/2022\/08\/pexels-photo-4207908.jpeg?resize=540%2C340&ssl=1",540,340,true],"covernews-medium-square":["https:\/\/i0.wp.com\/blog.bfsadvocacia.com.br\/wp-content\/uploads\/2022\/08\/pexels-photo-4207908.jpeg?resize=400%2C250&ssl=1",400,250,true]},"author_info":{"display_name":"bfsadvocacia","author_link":"https:\/\/blog.bfsadvocacia.com.br\/index.php\/author\/bfsadvocacia\/"},"category_info":"<a href=\"https:\/\/blog.bfsadvocacia.com.br\/index.php\/category\/advogado-sp\/\" rel=\"category tag\">advogado sp<\/a> <a href=\"https:\/\/blog.bfsadvocacia.com.br\/index.php\/category\/direito-previdenciario\/\" rel=\"category tag\">Direito Previdenci\u00e1rio<\/a>","tag_info":"Direito Previdenci\u00e1rio","comment_count":"0","amp_enabled":true,"_links":{"self":[{"href":"https:\/\/blog.bfsadvocacia.com.br\/index.php\/wp-json\/wp\/v2\/posts\/2937"}],"collection":[{"href":"https:\/\/blog.bfsadvocacia.com.br\/index.php\/wp-json\/wp\/v2\/posts"}],"about":[{"href":"https:\/\/blog.bfsadvocacia.com.br\/index.php\/wp-json\/wp\/v2\/types\/post"}],"author":[{"embeddable":true,"href":"https:\/\/blog.bfsadvocacia.com.br\/index.php\/wp-json\/wp\/v2\/users\/1"}],"replies":[{"embeddable":true,"href":"https:\/\/blog.bfsadvocacia.com.br\/index.php\/wp-json\/wp\/v2\/comments?post=2937"}],"version-history":[{"count":1,"href":"https:\/\/blog.bfsadvocacia.com.br\/index.php\/wp-json\/wp\/v2\/posts\/2937\/revisions"}],"predecessor-version":[{"id":2943,"href":"https:\/\/blog.bfsadvocacia.com.br\/index.php\/wp-json\/wp\/v2\/posts\/2937\/revisions\/2943"}],"wp:featuredmedia":[{"embeddable":true,"href":"https:\/\/blog.bfsadvocacia.com.br\/index.php\/wp-json\/wp\/v2\/media\/2942"}],"wp:attachment":[{"href":"https:\/\/blog.bfsadvocacia.com.br\/index.php\/wp-json\/wp\/v2\/media?parent=2937"}],"wp:term":[{"taxonomy":"category","embeddable":true,"href":"https:\/\/blog.bfsadvocacia.com.br\/index.php\/wp-json\/wp\/v2\/categories?post=2937"},{"taxonomy":"post_tag","embeddable":true,"href":"https:\/\/blog.bfsadvocacia.com.br\/index.php\/wp-json\/wp\/v2\/tags?post=2937"}],"curies":[{"name":"wp","href":"https:\/\/api.w.org\/{rel}","templated":true}]}}