{"id":2947,"date":"2022-08-22T07:16:00","date_gmt":"2022-08-22T10:16:00","guid":{"rendered":"http:\/\/blog.bfsadvocacia.com.br\/?p=2947"},"modified":"2022-08-18T23:36:09","modified_gmt":"2022-08-19T02:36:09","slug":"mantida-sentenca-que-condenou-plataforma-de-comercio-eletronico-a-indenizar-e-reativar-conta-de-usuaria","status":"publish","type":"post","link":"https:\/\/blog.bfsadvocacia.com.br\/index.php\/2022\/08\/22\/mantida-sentenca-que-condenou-plataforma-de-comercio-eletronico-a-indenizar-e-reativar-conta-de-usuaria\/","title":{"rendered":"Mantida senten\u00e7a que condenou plataforma de com\u00e9rcio eletr\u00f4nico a indenizar e reativar conta de usu\u00e1ria"},"content":{"rendered":"\n<p>A 11\u00aa C\u00e2mara de Direito Privado do Tribunal de Justi\u00e7a de S\u00e3o Paulo manteve, em decis\u00e3o proferida ontem (17), senten\u00e7a da ju\u00edza Renata Soubhie Nogueira Borio, da 6\u00aa Vara C\u00edvel de Osasco, que determinou que plataforma virtual voltada ao com\u00e9rcio eletr\u00f4nico reative conta bloqueada de usu\u00e1ria e pague indeniza\u00e7\u00e3o de R$ 15 mil por danos morais.<\/p>\n\n\n\n<p>De acordo com os autos, a usu\u00e1ria atua no ramo de assist\u00eancia t\u00e9cnica de aparelhos celulares e precisa do acesso \u00e0 conta para desenvolver suas atividades comerciais, bem como para efetuar pagamentos aos funcion\u00e1rios. No momento do bloqueio, a conta da autora possu\u00eda saldo de R$ 175 mil, valor que ficou indispon\u00edvel para uso de outubro de 2021 a abril deste ano.<\/p>\n\n\n\n<p>Para o relator do recurso, desembargador Marino Neto, houve restri\u00e7\u00e3o indevida, uma vez que a plataforma n\u00e3o comprovou \u201cefetiva viola\u00e7\u00e3o dos termos de uso\u201d, raz\u00e3o pela qual deve ser mantida a condena\u00e7\u00e3o e o valor estipulado a t\u00edtulo de danos morais. \u201cO valor da indeniza\u00e7\u00e3o fixado pelo Ju\u00edzo&nbsp;<em>a quo<\/em>, de R$ 15 mil, deve ser mantido, porque atende aos princ\u00edpios da razoabilidade e proporcionalidade, al\u00e9m de cumprir os prop\u00f3sitos de repara\u00e7\u00e3o, puni\u00e7\u00e3o e desest\u00edmulo \u00e0 pr\u00e1tica de novos atos il\u00edcitos\u201d, afirmou.<\/p>\n\n\n\n<p>Os desembargadores Walter Fonseca e Gil Coelho completaram a turma julgadora. A decis\u00e3o foi un\u00e2nime.<\/p>\n\n\n\n<p>Apela\u00e7\u00e3o n\u00ba\u00a0<a href=\"https:\/\/esaj.tjsp.jus.br\/cposg\/search.do?conversationId=&amp;paginaConsulta=0&amp;cbPesquisa=NUMPROC&amp;numeroDigitoAnoUnificado=1026507-95.2021&amp;foroNumeroUnificado=0405&amp;dePesquisaNuUnificado=1026507-95.2021.8.26.0405&amp;dePesquisaNuUnificado=UNIFICADO&amp;dePesquisa=&amp;tipoNuProcesso=UNIFICADO\">1026507- 95.2021.8.26.0405<\/a><\/p>\n\n\n\n<p>TJSP 18.08.2022<\/p>\n","protected":false},"excerpt":{"rendered":"<p>Indeniza\u00e7\u00e3o foi fixada em R$ 15 mil<\/p>\n","protected":false},"author":1,"featured_media":2963,"comment_status":"open","ping_status":"open","sticky":false,"template":"","format":"standard","meta":{"footnotes":"","jetpack_publicize_message":"","jetpack_is_tweetstorm":false,"jetpack_publicize_feature_enabled":true,"jetpack_social_post_already_shared":true,"jetpack_social_options":{"image_generator_settings":{"template":"highway","enabled":false}}},"categories":[11,28],"tags":[2153,262],"jetpack_publicize_connections":[],"jetpack_featured_media_url":"https:\/\/i0.wp.com\/blog.bfsadvocacia.com.br\/wp-content\/uploads\/2022\/08\/pexels-photo-4482900.jpeg?fit=867%2C1300&ssl=1","featured_image_urls":{"full":["https:\/\/i0.wp.com\/blog.bfsadvocacia.com.br\/wp-content\/uploads\/2022\/08\/pexels-photo-4482900.jpeg?fit=867%2C1300&ssl=1",867,1300,false],"thumbnail":["https:\/\/i0.wp.com\/blog.bfsadvocacia.com.br\/wp-content\/uploads\/2022\/08\/pexels-photo-4482900.jpeg?resize=150%2C150&ssl=1",150,150,true],"medium":["https:\/\/i0.wp.com\/blog.bfsadvocacia.com.br\/wp-content\/uploads\/2022\/08\/pexels-photo-4482900.jpeg?fit=200%2C300&ssl=1",200,300,true],"medium_large":["https:\/\/i0.wp.com\/blog.bfsadvocacia.com.br\/wp-content\/uploads\/2022\/08\/pexels-photo-4482900.jpeg?fit=640%2C960&ssl=1",640,960,true],"large":["https:\/\/i0.wp.com\/blog.bfsadvocacia.com.br\/wp-content\/uploads\/2022\/08\/pexels-photo-4482900.jpeg?fit=640%2C960&ssl=1",640,960,true],"1536x1536":["https:\/\/i0.wp.com\/blog.bfsadvocacia.com.br\/wp-content\/uploads\/2022\/08\/pexels-photo-4482900.jpeg?fit=867%2C1300&ssl=1",867,1300,true],"2048x2048":["https:\/\/i0.wp.com\/blog.bfsadvocacia.com.br\/wp-content\/uploads\/2022\/08\/pexels-photo-4482900.jpeg?fit=867%2C1300&ssl=1",867,1300,true],"covernews-slider-full":["https:\/\/i0.wp.com\/blog.bfsadvocacia.com.br\/wp-content\/uploads\/2022\/08\/pexels-photo-4482900.jpeg?resize=867%2C715&ssl=1",867,715,true],"covernews-slider-center":["https:\/\/i0.wp.com\/blog.bfsadvocacia.com.br\/wp-content\/uploads\/2022\/08\/pexels-photo-4482900.jpeg?resize=800%2C500&ssl=1",800,500,true],"covernews-featured":["https:\/\/i0.wp.com\/blog.bfsadvocacia.com.br\/wp-content\/uploads\/2022\/08\/pexels-photo-4482900.jpeg?fit=867%2C1300&ssl=1",867,1300,true],"covernews-medium":["https:\/\/i0.wp.com\/blog.bfsadvocacia.com.br\/wp-content\/uploads\/2022\/08\/pexels-photo-4482900.jpeg?resize=540%2C340&ssl=1",540,340,true],"covernews-medium-square":["https:\/\/i0.wp.com\/blog.bfsadvocacia.com.br\/wp-content\/uploads\/2022\/08\/pexels-photo-4482900.jpeg?resize=400%2C250&ssl=1",400,250,true]},"author_info":{"display_name":"bfsadvocacia","author_link":"https:\/\/blog.bfsadvocacia.com.br\/index.php\/author\/bfsadvocacia\/"},"category_info":"<a href=\"https:\/\/blog.bfsadvocacia.com.br\/index.php\/category\/advogado-sp\/\" rel=\"category tag\">advogado sp<\/a> <a href=\"https:\/\/blog.bfsadvocacia.com.br\/index.php\/category\/atualidades-juridicas\/\" rel=\"category tag\">atualidades jur\u00eddicas<\/a>","tag_info":"atualidades jur\u00eddicas","comment_count":"0","amp_enabled":true,"_links":{"self":[{"href":"https:\/\/blog.bfsadvocacia.com.br\/index.php\/wp-json\/wp\/v2\/posts\/2947"}],"collection":[{"href":"https:\/\/blog.bfsadvocacia.com.br\/index.php\/wp-json\/wp\/v2\/posts"}],"about":[{"href":"https:\/\/blog.bfsadvocacia.com.br\/index.php\/wp-json\/wp\/v2\/types\/post"}],"author":[{"embeddable":true,"href":"https:\/\/blog.bfsadvocacia.com.br\/index.php\/wp-json\/wp\/v2\/users\/1"}],"replies":[{"embeddable":true,"href":"https:\/\/blog.bfsadvocacia.com.br\/index.php\/wp-json\/wp\/v2\/comments?post=2947"}],"version-history":[{"count":1,"href":"https:\/\/blog.bfsadvocacia.com.br\/index.php\/wp-json\/wp\/v2\/posts\/2947\/revisions"}],"predecessor-version":[{"id":2964,"href":"https:\/\/blog.bfsadvocacia.com.br\/index.php\/wp-json\/wp\/v2\/posts\/2947\/revisions\/2964"}],"wp:featuredmedia":[{"embeddable":true,"href":"https:\/\/blog.bfsadvocacia.com.br\/index.php\/wp-json\/wp\/v2\/media\/2963"}],"wp:attachment":[{"href":"https:\/\/blog.bfsadvocacia.com.br\/index.php\/wp-json\/wp\/v2\/media?parent=2947"}],"wp:term":[{"taxonomy":"category","embeddable":true,"href":"https:\/\/blog.bfsadvocacia.com.br\/index.php\/wp-json\/wp\/v2\/categories?post=2947"},{"taxonomy":"post_tag","embeddable":true,"href":"https:\/\/blog.bfsadvocacia.com.br\/index.php\/wp-json\/wp\/v2\/tags?post=2947"}],"curies":[{"name":"wp","href":"https:\/\/api.w.org\/{rel}","templated":true}]}}