{"id":2981,"date":"2022-08-20T20:18:00","date_gmt":"2022-08-20T23:18:00","guid":{"rendered":"http:\/\/blog.bfsadvocacia.com.br\/?p=2981"},"modified":"2022-09-02T20:24:48","modified_gmt":"2022-09-02T23:24:48","slug":"tribunal-regional-federal-da-6a-regiao-e-instalado-em-bh-novos-desembargadores-tomam-posse-e-elegem-dirigentes","status":"publish","type":"post","link":"https:\/\/blog.bfsadvocacia.com.br\/index.php\/2022\/08\/20\/tribunal-regional-federal-da-6a-regiao-e-instalado-em-bh-novos-desembargadores-tomam-posse-e-elegem-dirigentes\/","title":{"rendered":"Tribunal Regional Federal da 6\u00aa Regi\u00e3o \u00e9 instalado em BH; novos desembargadores tomam posse e elegem dirigentes"},"content":{"rendered":"\n<p>O Tribunal Regional Federal da 6\u00aa Regi\u00e3o (TRF6) foi instalado nesta sexta-feira (19), em Belo Horizonte, em solenidade comandada pelo presidente do Superior Tribunal de Justi\u00e7a (STJ) e do Conselho da Justi\u00e7a Federal (CJF), ministro Humberto Martins.<\/p>\n\n\n\n<p>O evento contou com a presen\u00e7a de autoridades dos tr\u00eas poderes e de personalidades do mundo jur\u00eddico e pol\u00edtico, entre elas o presidente Jair Bolsonaro; os presidentes do Supremo Tribunal Federal (STF), ministro Luiz Fux, do Senado, Rodrigo Pacheco, e o primeiro vice-presidente da C\u00e2mara dos Deputados, Lincoln Portela; o procurador-geral da Rep\u00fablica, Augusto Aras, e o presidente do Conselho Federal da Ordem dos Advogados do Brasil (OAB), Beto Simonetti.<\/p>\n\n\n\n<p>Tamb\u00e9m integraram a mesa da cerim\u00f4nia o governador de Minas Gerais, Romeu Zema; o ministro do STF Nunes Marques; o presidente do Tribunal de Justi\u00e7a de Minas Gerais, desembargador Jos\u00e9 Arthur Filho; e o presidente do Tribunal Regional Federal da 1\u00aa Regi\u00e3o (TRF1), desembargador federal Jos\u00e9 Amilcar Machado.\u200b\u200b\u200b\u200b\u200b\u200b\u200b\u200b\u200b<\/p>\n\n\n\n<p>Em seguida \u00e0 instala\u00e7\u00e3o da nova corte \u2013 que ter\u00e1 jurisdi\u00e7\u00e3o no estado de Minas Gerais \u2013, tomaram posse os membros de sua primeira composi\u00e7\u00e3o. Al\u00e9m de M\u00f4nica Sifuentes, que integrava o TRF1 e optou pela remo\u00e7\u00e3o para o TRF6, foram empossados os novos desembargadores federais&nbsp;<a href=\"https:\/\/www.stj.jus.br\/sites\/portalp\/Paginas\/Comunicacao\/Noticias\/12082022-Presidente-Bolsonaro-nomeia-17-desembargadores-federais-para-primeira-composicao-do-TRF6.aspx\"><strong>nomeados pelo presidente da Rep\u00fablica<\/strong><\/a>&nbsp;a partir das&nbsp;<a href=\"https:\/\/www.stj.jus.br\/sites\/portalp\/Paginas\/Comunicacao\/Noticias\/09082022-STJ-forma-listas-para-a-primeira-composicao-do-TRF6--nomes-vao-ao-presidente-da-Republica-para-nomeacao.aspx\"><strong>listas de candidatos formadas pelo Pleno do STJ<\/strong><\/a>.<\/p>\n\n\n\n<p>A \u00faltima etapa do dia inaugural do TRF6 foi a elei\u00e7\u00e3o de sua primeira dire\u00e7\u00e3o, para o bi\u00eanio 2022-2024, em sess\u00e3o tamb\u00e9m conduzida pelo presidente do STJ e do CJF. A desembargadora M\u00f4nica Sifuentes foi escolhida para presidir o novo tribunal no bi\u00eanio 2022-2024. Para os cargos de vice-presidente e de corregedor-geral, foi eleito o desembargador Vallisney de Souza Oliveira.<\/p>\n\n\n\n<h5 class=\"wp-block-heading\">Descentraliza\u00e7\u00e3o da Justi\u00e7a Federal para agilizar julgamentos<\/h5>\n\n\n\n<p>Resultado do desmembramento do TRF1, o TRF6 atende \u00e0 necessidade de descentralizar a Justi\u00e7a Federal para agilizar o julgamento de processos nesse ramo do Poder Judici\u00e1rio, por meio de uma melhor distribui\u00e7\u00e3o da carga processual na segunda inst\u00e2ncia.<\/p>\n\n\n\n<p>A nova corte vai desafogar o TRF1, que detinha compet\u00eancia jurisdicional sobre 14 unidades da federa\u00e7\u00e3o e quase metade (46%) dos munic\u00edpios brasileiros, correspondentes a 80% do territ\u00f3rio nacional. O estado de Minas Gerais, sozinho, representava quase 30% do estoque processual do TRF1.<\/p>\n\n\n\n<p>A mobiliza\u00e7\u00e3o do STJ e do CJF para a cria\u00e7\u00e3o do TRF6 teve in\u00edcio sob a presid\u00eancia do ministro Jo\u00e3o Ot\u00e1vio de Noronha (2018-2020). Em agosto de 2020, no final da gest\u00e3o de Noronha, o projeto de lei de autoria do STJ que criou o TRF6 foi aprovado pela C\u00e2mara dos Deputados.<\/p>\n\n\n\n<p>O empenho institucional para concretizar a nova corte continuou a ser prioridade ao longo da gest\u00e3o de Humberto Martins. Como resultado, o Senado aprovou a proposta de cria\u00e7\u00e3o do TRF de Minas Gerais em setembro de 2021, e a\u00a0<a href=\"https:\/\/www.stj.jus.br\/sites\/portalp\/Paginas\/Comunicacao\/Noticias\/20102021-Na-sancao-da-criacao-do-TRF6--Humberto-Martins-diz-que-nova-corte-vai-acelerar-julgamentos-sem-despesa-extra.aspx\"><strong>san\u00e7\u00e3o presidencial<\/strong><\/a>\u00a0ocorreu no m\u00eas seguinte.<\/p>\n\n\n\n<p>TRF6 &#8211; STJ 19.08.2022<\/p>\n","protected":false},"excerpt":{"rendered":"<p>Autoridades dos tr\u00eas poderes e personalidades do mundo jur\u00eddico e pol\u00edtico participaram da cerim\u00f4nia de instala\u00e7\u00e3o do TRF6<\/p>\n","protected":false},"author":1,"featured_media":2983,"comment_status":"open","ping_status":"open","sticky":false,"template":"","format":"standard","meta":{"footnotes":"","jetpack_publicize_message":"","jetpack_is_tweetstorm":false,"jetpack_publicize_feature_enabled":true,"jetpack_social_post_already_shared":true,"jetpack_social_options":{"image_generator_settings":{"template":"highway","enabled":false}}},"categories":[11],"tags":[2161],"jetpack_publicize_connections":[],"jetpack_featured_media_url":"https:\/\/i0.wp.com\/blog.bfsadvocacia.com.br\/wp-content\/uploads\/2022\/09\/Instalacao-TRF6-interna-19082022pgP.jpg?fit=708%2C472&ssl=1","featured_image_urls":{"full":["https:\/\/i0.wp.com\/blog.bfsadvocacia.com.br\/wp-content\/uploads\/2022\/09\/Instalacao-TRF6-interna-19082022pgP.jpg?fit=708%2C472&ssl=1",708,472,false],"thumbnail":["https:\/\/i0.wp.com\/blog.bfsadvocacia.com.br\/wp-content\/uploads\/2022\/09\/Instalacao-TRF6-interna-19082022pgP.jpg?resize=150%2C150&ssl=1",150,150,true],"medium":["https:\/\/i0.wp.com\/blog.bfsadvocacia.com.br\/wp-content\/uploads\/2022\/09\/Instalacao-TRF6-interna-19082022pgP.jpg?fit=300%2C200&ssl=1",300,200,true],"medium_large":["https:\/\/i0.wp.com\/blog.bfsadvocacia.com.br\/wp-content\/uploads\/2022\/09\/Instalacao-TRF6-interna-19082022pgP.jpg?fit=640%2C427&ssl=1",640,427,true],"large":["https:\/\/i0.wp.com\/blog.bfsadvocacia.com.br\/wp-content\/uploads\/2022\/09\/Instalacao-TRF6-interna-19082022pgP.jpg?fit=640%2C427&ssl=1",640,427,true],"1536x1536":["https:\/\/i0.wp.com\/blog.bfsadvocacia.com.br\/wp-content\/uploads\/2022\/09\/Instalacao-TRF6-interna-19082022pgP.jpg?fit=708%2C472&ssl=1",708,472,true],"2048x2048":["https:\/\/i0.wp.com\/blog.bfsadvocacia.com.br\/wp-content\/uploads\/2022\/09\/Instalacao-TRF6-interna-19082022pgP.jpg?fit=708%2C472&ssl=1",708,472,true],"covernews-slider-full":["https:\/\/i0.wp.com\/blog.bfsadvocacia.com.br\/wp-content\/uploads\/2022\/09\/Instalacao-TRF6-interna-19082022pgP.jpg?resize=708%2C472&ssl=1",708,472,true],"covernews-slider-center":["https:\/\/i0.wp.com\/blog.bfsadvocacia.com.br\/wp-content\/uploads\/2022\/09\/Instalacao-TRF6-interna-19082022pgP.jpg?resize=708%2C472&ssl=1",708,472,true],"covernews-featured":["https:\/\/i0.wp.com\/blog.bfsadvocacia.com.br\/wp-content\/uploads\/2022\/09\/Instalacao-TRF6-interna-19082022pgP.jpg?fit=708%2C472&ssl=1",708,472,true],"covernews-medium":["https:\/\/i0.wp.com\/blog.bfsadvocacia.com.br\/wp-content\/uploads\/2022\/09\/Instalacao-TRF6-interna-19082022pgP.jpg?resize=540%2C340&ssl=1",540,340,true],"covernews-medium-square":["https:\/\/i0.wp.com\/blog.bfsadvocacia.com.br\/wp-content\/uploads\/2022\/09\/Instalacao-TRF6-interna-19082022pgP.jpg?resize=400%2C250&ssl=1",400,250,true]},"author_info":{"display_name":"bfsadvocacia","author_link":"https:\/\/blog.bfsadvocacia.com.br\/index.php\/author\/bfsadvocacia\/"},"category_info":"<a href=\"https:\/\/blog.bfsadvocacia.com.br\/index.php\/category\/advogado-sp\/\" rel=\"category tag\">advogado sp<\/a>","tag_info":"advogado sp","comment_count":"0","amp_enabled":true,"_links":{"self":[{"href":"https:\/\/blog.bfsadvocacia.com.br\/index.php\/wp-json\/wp\/v2\/posts\/2981"}],"collection":[{"href":"https:\/\/blog.bfsadvocacia.com.br\/index.php\/wp-json\/wp\/v2\/posts"}],"about":[{"href":"https:\/\/blog.bfsadvocacia.com.br\/index.php\/wp-json\/wp\/v2\/types\/post"}],"author":[{"embeddable":true,"href":"https:\/\/blog.bfsadvocacia.com.br\/index.php\/wp-json\/wp\/v2\/users\/1"}],"replies":[{"embeddable":true,"href":"https:\/\/blog.bfsadvocacia.com.br\/index.php\/wp-json\/wp\/v2\/comments?post=2981"}],"version-history":[{"count":1,"href":"https:\/\/blog.bfsadvocacia.com.br\/index.php\/wp-json\/wp\/v2\/posts\/2981\/revisions"}],"predecessor-version":[{"id":2984,"href":"https:\/\/blog.bfsadvocacia.com.br\/index.php\/wp-json\/wp\/v2\/posts\/2981\/revisions\/2984"}],"wp:featuredmedia":[{"embeddable":true,"href":"https:\/\/blog.bfsadvocacia.com.br\/index.php\/wp-json\/wp\/v2\/media\/2983"}],"wp:attachment":[{"href":"https:\/\/blog.bfsadvocacia.com.br\/index.php\/wp-json\/wp\/v2\/media?parent=2981"}],"wp:term":[{"taxonomy":"category","embeddable":true,"href":"https:\/\/blog.bfsadvocacia.com.br\/index.php\/wp-json\/wp\/v2\/categories?post=2981"},{"taxonomy":"post_tag","embeddable":true,"href":"https:\/\/blog.bfsadvocacia.com.br\/index.php\/wp-json\/wp\/v2\/tags?post=2981"}],"curies":[{"name":"wp","href":"https:\/\/api.w.org\/{rel}","templated":true}]}}